{"id":24059,"date":"2021-10-20T04:29:04","date_gmt":"2021-10-20T04:29:04","guid":{"rendered":"http:\/\/cordobadirecto.com\/index.php\/2021\/10\/20\/airbag-comenzara-una-extensa-gira-con-un-triplete-de-shows-en-el-gran-rex\/"},"modified":"2021-10-20T04:29:04","modified_gmt":"2021-10-20T04:29:04","slug":"airbag-comenzara-una-extensa-gira-con-un-triplete-de-shows-en-el-gran-rex","status":"publish","type":"post","link":"http:\/\/cordobadirecto.com\/index.php\/2021\/10\/20\/airbag-comenzara-una-extensa-gira-con-un-triplete-de-shows-en-el-gran-rex\/","title":{"rendered":"Airbag comenzar\u00e1 una extensa gira con un triplete de shows en el Gran Rex"},"content":{"rendered":"<div class=\"image\" id=\"image\" readability=\"7\"> <img src=\"http:\/\/cordobadirecto.com\/wp-content\/uploads\/2021\/10\/airbag-comenzara-una-extensa-gira-con-un-triplete-de-shows-en-el-gran-rex.jpg\" alt=\"Los conciertos en el Gran Rex ser\u00e1n el comienzo de una extensa gira\" title=\"Los conciertos en el Gran Rex ser\u00e1n el comienzo de una extensa gira\"><\/p>\n<p>Los conciertos en el Gran Rex ser\u00e1n el comienzo de una extensa gira<\/p>\n<\/div>\n<p>El combo rockero <strong>Airbag<\/strong> anunci\u00f3 la gira de presentaciones de su s\u00e9ptimo disco <strong>&#8220;Al parecer todo ha sido una trampa&#8221;<\/strong> que inaugurar\u00e1n con tres fechas en el Teatro Gran Rex el 5, 6 y 7 de noviembre.<\/p>\n<p>Los hermanos <strong>Patricio, Guido y Gast\u00f3n Sardelli<\/strong> est\u00e1n listos para estrenar en vivo las canciones de este larga duraci\u00f3n de 17 canciones que navegan entre &#8220;el cl\u00e1sico sonido de guitarras de los a\u00f1os setentas, el rock evolutivo de los 2000 y la frescura de la sonoridad actual de la banda&#8221;.<\/p>\n<p> <iframe width=\"560\" height=\"315\" src=\"https:\/\/www.youtube.com\/embed\/-hdHoMolRiw?wmode=transparent&amp;showinfo=0&amp;autohide=1&amp;rel=0\" frameborder=\"0\" allowfullscreen>[embedded content]<\/iframe> <\/p>\n<p>Airbag &#8220;Pensamientos&#8221;<\/p>\n<p><strong>&#8220;Pensamientos&#8221;<\/strong>, el corte de difusi\u00f3n oficial de este nuevo trabajo, es una canci\u00f3n con la fibra de las grandes baladas de rock que promete convertirse en el pr\u00f3ximo cl\u00e1sico del grupo que produjo \u00edntegramente el nuevo material.<\/p>\n<p>Los conciertos en el Gran Rex ser\u00e1n el comienzo de una extensa gira que ya tiene fechas confirmadas en Montevideo (Uruguay) el 27 de noviembre en Teatro de Verano, en Rosario (Santa Fe) el 3 de Diciembre en el Anfiteatro Municipal y C\u00f3rdoba el 4 de Diciembre en el escenario de la Plaza de la M\u00fasica.<\/p>\n<p>Mientras ultiman los detalles de sus pr\u00f3ximos shows, los m\u00fasicos delinean su agenda 2022 que recorrer\u00e1 importantes ciudades de Am\u00e9rica Latina, informaron a trav\u00e9s de un comunicado de prensa. <\/p>\n","protected":false},"excerpt":{"rendered":"<p>Los conciertos en el Gran Rex ser\u00e1n el comienzo de una extensa gira El combo rockero Airbag anunci\u00f3 la gira de presentaciones de su s\u00e9ptimo disco &#8220;Al parecer todo ha sido una trampa&#8221; que inaugurar\u00e1n con tres fechas en el Teatro Gran Rex el 5, 6 y 7 de noviembre. Los hermanos Patricio, Guido y [&hellip;]<\/p>\n","protected":false},"author":1,"featured_media":24060,"comment_status":"closed","ping_status":"closed","sticky":false,"template":"","format":"standard","meta":[],"categories":[20],"tags":[],"_links":{"self":[{"href":"http:\/\/cordobadirecto.com\/index.php\/wp-json\/wp\/v2\/posts\/24059"}],"collection":[{"href":"http:\/\/cordobadirecto.com\/index.php\/wp-json\/wp\/v2\/posts"}],"about":[{"href":"http:\/\/cordobadirecto.com\/index.php\/wp-json\/wp\/v2\/types\/post"}],"author":[{"embeddable":true,"href":"http:\/\/cordobadirecto.com\/index.php\/wp-json\/wp\/v2\/users\/1"}],"replies":[{"embeddable":true,"href":"http:\/\/cordobadirecto.com\/index.php\/wp-json\/wp\/v2\/comments?post=24059"}],"version-history":[{"count":0,"href":"http:\/\/cordobadirecto.com\/index.php\/wp-json\/wp\/v2\/posts\/24059\/revisions"}],"wp:featuredmedia":[{"embeddable":true,"href":"http:\/\/cordobadirecto.com\/index.php\/wp-json\/wp\/v2\/media\/24060"}],"wp:attachment":[{"href":"http:\/\/cordobadirecto.com\/index.php\/wp-json\/wp\/v2\/media?parent=24059"}],"wp:term":[{"taxonomy":"category","embeddable":true,"href":"http:\/\/cordobadirecto.com\/index.php\/wp-json\/wp\/v2\/categories?post=24059"},{"taxonomy":"post_tag","embeddable":true,"href":"http:\/\/cordobadirecto.com\/index.php\/wp-json\/wp\/v2\/tags?post=24059"}],"curies":[{"name":"wp","href":"https:\/\/api.w.org\/{rel}","templated":true}]}}