{"id":24256,"date":"2021-10-20T20:00:19","date_gmt":"2021-10-20T20:00:19","guid":{"rendered":"https:\/\/es.digitaltrends.com\/?p=878875"},"modified":"2021-10-20T20:00:19","modified_gmt":"2021-10-20T20:00:19","slug":"paramount-plus-estrena-parot-la-controvertida-serie-espanola-premiada-en-berlin","status":"publish","type":"post","link":"http:\/\/cordobadirecto.com\/index.php\/2021\/10\/20\/paramount-plus-estrena-parot-la-controvertida-serie-espanola-premiada-en-berlin\/","title":{"rendered":"Paramount Plus estrena Parot, la controvertida serie espa\u00f1ola premiada en Berl\u00edn"},"content":{"rendered":"<p>Paramount Plus (o <strong>Paramount+<\/strong>, si lo prefieres), el servicio de streaming premium de ViacomCBS, estrena hoy serie espa\u00f1ola <em>Parot<\/em>, un thriller pol\u00edtico-social que se centra en la anulaci\u00f3n de la <a href=\"https:\/\/es.wikipedia.org\/wiki\/Doctrina_Parot\" target=\"_blank\" rel=\"noopener\">doctrina judicial \u201cParot\u201d<\/a> en Espa\u00f1a en el a\u00f1o 2013, poniendo en libertad a cientos de presos que a\u00fan no hab\u00eda cumplido con sus condenas.<\/p>\n<p>Este drama policial de 10 cap\u00edtulos narra c\u00f3mo la sociedad espa\u00f1ola clama indignada contra esta decisi\u00f3n y c\u00f3mo, en medio de este descontento,&nbsp; aparece un \u201cjusticiero\u201d que, uno a uno, va asesinando a los excarcelados de la misma forma en que lo fueron sus v\u00edctimas, dejando en los cad\u00e1veres una nota que reza: \u201cSentencia cumplida\u201d.<\/p>\n<p class=\"p1\"><b>Te va a interesar:<\/b><\/p>\n<p>La investigaci\u00f3n para dar con este \u201cjusticiero\u201d ser\u00e1 dirigida por dos polic\u00edas de perfiles opuestos. Por un lado, Isabel Mora (Adriana Ugarte, conocida por la aclamada serie espa\u00f1ola <em>El Tiempo entre Costuras<\/em>), una inspectora idealista, profesional y rigurosa, aunque marcada a fuego por un traum\u00e1tico acontecimiento de su pasado en el que el excarcelado Haro (Iv\u00e1n Massagu\u00e9, conocido por <em>El hoyo<\/em> y la serie espa\u00f1ola <em>El Barco<\/em>) tiene mucho que ver. Y por otro, su compa\u00f1ero Jorge Nieto (Javier Albal\u00e1), un polic\u00eda bebedor y desenga\u00f1ado que despotrica continuamente contra el garantismo del sistema y la intolerable sentencia que echa por tierra a\u00f1os y a\u00f1os de trabajo policial.<\/p>\n<div class=\"m-carousel is-first h-carousel\" id=\"dt-carousel-617115a0ef9f7\">\n<div class=\"m-carousel--wrap h-carousel-wrap\">\n<div class=\"m-carousel--controls h-controls\"> <button class=\"m-carousel--control prev h-prev\"> <span class=\"visually-hidden\"> Anterior <\/span> <\/button> <button class=\"m-carousel--control next h-next\"> <span class=\"visually-hidden\"> Siguiente <\/span> <\/button> <\/div><\/div><\/div>\n<p>Los agentes centran sus pesquisas en una decena de sospechosos de parecido perfil: familiares de v\u00edctimas que han proferido amenazas y grupos extremistas que lanzan consignas en Internet. Pero los asesinatos siguen sucedi\u00e9ndose, y pronto un programa de televisi\u00f3n empieza a ensalzar a este justiciero an\u00f3nimo, filtrando informaci\u00f3n que pone en peligro la investigaci\u00f3n.<\/p>\n<p>Adem\u00e1s de los actores mencionados, <em>Parot<\/em> tambi\u00e9n est\u00e1 protagonizada por Blanca Portillo, Patricia Vico y Nicole Wallace. Est\u00e1 dirigida por Rafael Montesinos y Gustavo Ron y creada por Pilar Nadal, Alonso Laporta, Luis Murillo A. y Luis Murillo M., guionistas de la serie junto a Olga Salvador y Mauricio Romero.<\/p>\n<p>La serie se llev\u00f3 a casa el pasado mes de septiembre los m\u00e1ximos honores en la categor\u00eda de Mejor Gui\u00f3n en el Festival de Series de TV de Berl\u00edn.<\/p>\n<figure class=\"aligncenter\"><img src=\"http:\/\/cordobadirecto.com\/wp-content\/uploads\/2021\/10\/paramount-plus-estrena-parot-la-controvertida-serie-espanola-premiada-en-berlin.gif\" data-dt-lazy-src=\"https:\/\/icdn.dtcn.com\/image\/digitaltrends_es\/parot-04-720x720.jpg\" onerror=\"dti_load_error(this)\" class=\" size-large wp-image-879669 dt-lazy-load dt-lazy-pending\" alt><\/figure>\n<p><strong>Creado por:<\/strong> Pilar Nadal, Alonso Laporta, Luis Murillo A. y Luis Murillo M.<br \/><strong>G\u00e9nero:<\/strong> Drama, Suspenso<br \/><strong>Reparto:<\/strong> Adriana Ugarte, Iv\u00e1n Massagu\u00e9, Michel Brown, Javier Albal\u00e1, Blanca Portillo, Patricia Vico, Nicole Wallace<br \/><strong>Director:<\/strong> Rafael Montesinos y Gustavo Ron<br \/><strong>Rating:<\/strong> TV-MA<br \/><strong>Temporadas<\/strong>: 1 con 10 episodios<\/p>\n<p><a georiot-ignore=\"1\" href=\"https:\/\/www.paramountplus.com\/?xs=1\" rel=\"sponsored noopener\" target=\"_blank\" class=\"m-aff-button h-affiliate-link legacy-affiliate-415fd28744949005b800c6a6e091f9fcbc9ae182\" data-legacy-affiliate=\"1\" data-legacy-type=\"legacy-button\" data-slot-id=\"101\" data-legacy-network=\"skimlinks\" click_id_param=\"xcust\">Prueba gratis Paramount+<\/a><\/p>\n<p class=\"p1\"><b>M\u00e1s streaming:<\/b> <a href=\"https:\/\/es.digitaltrends.com\/netflix\/\">Netflix<\/a> | <a href=\"https:\/\/es.digitaltrends.com\/topic\/hulu\/\">Hulu<\/a> | <a href=\"https:\/\/es.digitaltrends.com\/topic\/disney-plus\/\">Disney Plus<\/a> |<a href=\"https:\/\/es.digitaltrends.com\/topic\/hbo\/\">HBO<\/a> | <a href=\"https:\/\/es.digitaltrends.com\/topic\/amazon-prime-video\/\">Amazon Prime<\/a><\/p>\n<h4 class=\"h-editors-recs-title\"> Recomendaciones del editor\t<\/h4>\n<p> <span id=\"publisher-md\" itemprop=\"publisher\" itemscope itemtype=\"https:\/\/schema.org\/Organization\"> <span itemprop=\"url\" itemtype=\"https:\/\/schema.org\/Url\" content=\"https:\/\/es.digitaltrends.com\"> <span itemprop=\"logo\" itemscope itemtype=\"https:\/\/schema.org\/ImageObject\"> <meta itemprop=\"url\" content=\"https:\/\/cdn.dtcn.com\/dt\/dt-logo-small.png\"> <meta itemprop=\"width\" content=\"0\"> <meta itemprop=\"height\" content=\"0\"> <\/span> <meta itemprop=\"name\" content=\"Digital Trends Espa\u00f1ol\"> <\/span> <span itemprop=\"image\" itemscope itemtype=\"https:\/\/schema.org\/ImageObject\"> <meta itemprop=\"url\" content=\"https:\/\/icdn.dtcn.com\/image\/digitaltrends_es\/parot-feat.jpg\"> <\/span> <\/span><\/p>\n","protected":false},"excerpt":{"rendered":"<p>Paramount Plus (o Paramount+, si lo prefieres), el servicio de streaming premium de ViacomCBS, estrena hoy serie espa\u00f1ola Parot, un thriller pol\u00edtico-social que se centra en la anulaci\u00f3n de la doctrina judicial \u201cParot\u201d en Espa\u00f1a en el a\u00f1o 2013, poniendo en libertad a cientos de presos que a\u00fan no hab\u00eda cumplido con sus condenas. Este [&hellip;]<\/p>\n","protected":false},"author":1,"featured_media":24257,"comment_status":"closed","ping_status":"closed","sticky":false,"template":"","format":"standard","meta":[],"categories":[18],"tags":[],"_links":{"self":[{"href":"http:\/\/cordobadirecto.com\/index.php\/wp-json\/wp\/v2\/posts\/24256"}],"collection":[{"href":"http:\/\/cordobadirecto.com\/index.php\/wp-json\/wp\/v2\/posts"}],"about":[{"href":"http:\/\/cordobadirecto.com\/index.php\/wp-json\/wp\/v2\/types\/post"}],"author":[{"embeddable":true,"href":"http:\/\/cordobadirecto.com\/index.php\/wp-json\/wp\/v2\/users\/1"}],"replies":[{"embeddable":true,"href":"http:\/\/cordobadirecto.com\/index.php\/wp-json\/wp\/v2\/comments?post=24256"}],"version-history":[{"count":0,"href":"http:\/\/cordobadirecto.com\/index.php\/wp-json\/wp\/v2\/posts\/24256\/revisions"}],"wp:featuredmedia":[{"embeddable":true,"href":"http:\/\/cordobadirecto.com\/index.php\/wp-json\/wp\/v2\/media\/24257"}],"wp:attachment":[{"href":"http:\/\/cordobadirecto.com\/index.php\/wp-json\/wp\/v2\/media?parent=24256"}],"wp:term":[{"taxonomy":"category","embeddable":true,"href":"http:\/\/cordobadirecto.com\/index.php\/wp-json\/wp\/v2\/categories?post=24256"},{"taxonomy":"post_tag","embeddable":true,"href":"http:\/\/cordobadirecto.com\/index.php\/wp-json\/wp\/v2\/tags?post=24256"}],"curies":[{"name":"wp","href":"https:\/\/api.w.org\/{rel}","templated":true}]}}