{"id":24290,"date":"2021-10-21T16:16:28","date_gmt":"2021-10-21T16:16:28","guid":{"rendered":"https:\/\/puntoapunto.com.ar\/?p=317694"},"modified":"2021-10-21T16:16:28","modified_gmt":"2021-10-21T16:16:28","slug":"quienes-son-y-que-proponen-los-lideres-del-movimiento-empresario-de-las-provincias","status":"publish","type":"post","link":"http:\/\/cordobadirecto.com\/index.php\/2021\/10\/21\/quienes-son-y-que-proponen-los-lideres-del-movimiento-empresario-de-las-provincias\/","title":{"rendered":"Qui\u00e9nes son y que proponen los l\u00edderes del Movimiento Empresario de las Provincias"},"content":{"rendered":"<div><img src=\"http:\/\/cordobadirecto.com\/wp-content\/uploads\/2021\/10\/quienes-son-y-que-proponen-los-lideres-del-movimiento-empresario-de-las-provincias.jpg\" class=\"ff-og-image-inserted\"><\/div>\n<p>En medio de las fuertes <strong>tensiones entre el gobierno nacional y el sector empresarial<\/strong> por los muchos frentes de conflicto abierto se present\u00f3 ayer un nuevo espacio que nuclea a<strong> 350 entidades empresarias de las provincias de C\u00f3rdoba, Entre R\u00edos, Mendoza y San Juan<\/strong> y que fue bautizado como <strong>\u201cMovimiento Empresario de las Provincias\u201d.<\/strong><\/p>\n<p>En el comunicado de lanzamiento se afirma: \u201cnos hemos unido para<strong> volver a darle al sector privado el lugar que se merece.<\/strong> Trabajo, inversi\u00f3n y producci\u00f3n son las \u00fanicas oportunidades genuinas para devolver bienestar a los argentinos. Seguramente muchos m\u00e1s se sumar\u00e1n en el camino. Las entidades empresarias que representan los sectores productivos de nuestras provincias venimos trabajando para aunar criterios, compartir experiencias y necesidades y trazar un plan de acci\u00f3n que devuelva la dignidad a los emprendedores, empresarios y trabajadores del sector privado.<\/p>\n<p>Estamos convencidos de que <strong>sin un sector privado fuerte y libre no habr\u00e1 salida para la cr\u00edtica situaci\u00f3n en la que se encuentra la Argentina<\/strong>. Somos un movimiento, una enorme e incansable red de empresas y productores, de todos los tama\u00f1os y sectores, que sentimos un fuerte compromiso con la generaci\u00f3n de empleo y la participaci\u00f3n activa en el desarrollo econ\u00f3mico y social de nuestras provincias y del pa\u00eds.<\/p>\n<p>Tenemos en com\u00fan los<strong> valores del esfuerzo, la planificaci\u00f3n a mediano y largo plazo, el trabajo en equipo<\/strong>, las decisiones obtenidas con di\u00e1logo y consenso y, por sobre todas las cosas, la importancia del respeto de las<strong> libertades e instituciones<\/strong> consagradas por nuestra Constituci\u00f3n\u201d.<\/p>\n<p>Y remarcaron: \u201cNos urge, tanto como a cada uno de los argentinos, que los problemas estructurales -y no \u00fanicamente los urgentes o electorales- comiencen a encontrar cauces y lograr soluciones concretas y sostenibles. Fruto de reunir nuestra experiencia y el sello que nos da la realidad de cada provincia, hemos arribado a nuestros primeros consensos y l\u00edneas de trabajo, que invitamos a conocer en movimientoempresario.ar\u201d<\/p>\n<h5><strong>Agenda<\/strong><\/h5>\n<p>En esa l\u00ednea, el espacio defini\u00f3 su \u201choja de ruta\u201d, donde destaca algunos de los ejes de trabajo que buscar\u00e1n imponer:<\/p>\n<p>1) <strong>Promover el rol de la actividad privada<\/strong> Impulsar la actividad econ\u00f3mica, la inversi\u00f3n privada, el clima de negocios y la creaci\u00f3n de empleo genuino como medio para lograr una significativa disminuci\u00f3n de la pobreza.<\/p>\n<p><strong>2) Defensa de la institucionalidad <\/strong>Trabajar por el fortalecimiento de las instituciones republicanas, que aseguren el equilibrio e independencia de los poderes del Estado, la calidad institucional y la seguridad jur\u00eddica.<\/p>\n<p>3<strong>) Eficiencia del gasto p\u00fablico<\/strong> Trabajar por la eficiencia del gasto p\u00fablico, para que los ciudadanos reciban m\u00e1s y mejores servicios. Tambi\u00e9n por una estructura tributaria simplificada que reduzca significativamente la presi\u00f3n fiscal e incentive la recuperaci\u00f3n econ\u00f3mica y la competitividad.<\/p>\n<p><strong>4) Empleo genuino y educaci\u00f3n <\/strong>Auspiciar sistemas educativos din\u00e1micos, innovadores y adaptados a las nuevas realidades para potenciar un mercado laboral activo y competitivo.<\/p>\n<p><strong>5) Sustentabilidad<\/strong> Favorecer las pr\u00e1cticas que incentiven el cuidado del medioambiente, la producci\u00f3n sustentable y la triple creaci\u00f3n de valor.<\/p>\n<p><strong>6) Integraci\u00f3n inteligente al mundo<\/strong> Impulsar la inserci\u00f3n y vinculaci\u00f3n de las provincias al mundo para aumentar el dinamismo y la diversidad de los productos y servicios que se exportan e incrementar los v\u00ednculos en materia de I+D+I<\/p>\n<h5><strong>Campa\u00f1a<br \/><\/strong><\/h5>\n<p>A la vez, como una de sus primeras acciones, el Movimiento Empresarios de las Provincias lanz\u00f3 la campa\u00f1a: \u201cPens\u00e1 en votar, vot\u00e1 pensando\u201d, donde plantea la necesidad de la participaci\u00f3n masiva en las pr\u00f3ximas elecciones legislativas del 14 de noviembre.<\/p>\n<p>\u201cEl objetivo de la campa\u00f1a es concientizar a la sociedad sobre la importancia que tienen las elecciones legislativas ya que en ellas se eligen a quienes van a crear las leyes que nos van a gobernar. Y eso no es un dato menor. Por eso insistimos en que debemos conocer a quien votar para no arrepentirnos despu\u00e9s\u201d, plante\u00f3 la entidad.<\/p>\n<h5><strong>&nbsp;<\/strong><strong>Los integrantes<\/strong><\/h5>\n<p>Asociaci\u00f3n Cristiana de Dirigentes de Empresas (Mendoza) \u2022 Asociaci\u00f3n de Cooperativas Vitivin\u00edcolas Argentinas \u2022 Asociaci\u00f3n de Ejecutivos de Mendoza \u2022 Bolsa de Cereales de C\u00f3rdoba \u2022 Bolsa de Cereales de Entre R\u00edos \u2022 Bolsa de Comercio de C\u00f3rdoba \u2022 Bolsa de Comercio de Entre R\u00edos \u2022 C\u00e1mara Argentina de la Construcci\u00f3n (Delegaci\u00f3n C\u00f3rdoba) \u2022 C\u00e1mara Argentina de la Construcci\u00f3n (Delegaci\u00f3n Entre R\u00edos) \u2022 C\u00e1mara de Comercio de C\u00f3rdoba \u2022 C\u00e1mara de Comercio Exterior de C\u00f3rdoba \u2022 C\u00e1mara de Comercio Exterior de San Juan \u2022 C\u00e1mara Minera de San Juan \u2022 Confederaci\u00f3n de Asociaciones Rurales de la Tercera Zona \u2022 Confederaci\u00f3n Intercooperativa Agropecuaria \u2022 Confederaciones Rurales Argentinas \u2022 Consejo Empresario de Entre R\u00edos \u2022 Consejo Empresario Mendocino \u2022 Federaci\u00f3n Agraria Argentina (Filial C\u00f3rdoba) \u2022 Federaci\u00f3n Agraria Argentina (Filial Entre R\u00edos) \u2022 Federaci\u00f3n Comercial de C\u00f3rdoba \u2022 Federaci\u00f3n de Asociaciones Rurales de Entre R\u00edos \u2022 Federaci\u00f3n Econ\u00f3mica de Entre R\u00edos \u2022 Federaci\u00f3n Econ\u00f3mica de Mendoza \u2022 Federaci\u00f3n Entrerriana de Cooperativas \u2022 Sociedad Rural Argentina (Distrito C\u00f3rdoba) \u2022 Sociedad Rural Argentina (Distrito Entre R\u00edos) \u2022 Uni\u00f3n Comercial e Industrial de Mendoza \u2022 Uni\u00f3n Industrial de C\u00f3rdoba \u2022 Uni\u00f3n Industrial de Entre R\u00edos \u2022 Uni\u00f3n Industrial de Mendoza \u2022 Uni\u00f3n Industrial de San Juan.<\/p>\n","protected":false},"excerpt":{"rendered":"<p>En medio de las fuertes tensiones entre el gobierno nacional y el sector empresarial por los muchos frentes de conflicto abierto se present\u00f3 ayer un nuevo espacio que nuclea a 350 entidades empresarias de las provincias de C\u00f3rdoba, Entre R\u00edos, Mendoza y San Juan y que fue bautizado como \u201cMovimiento Empresario de las Provincias\u201d. En [&hellip;]<\/p>\n","protected":false},"author":1,"featured_media":24291,"comment_status":"closed","ping_status":"closed","sticky":false,"template":"","format":"standard","meta":[],"categories":[23,25],"tags":[],"_links":{"self":[{"href":"http:\/\/cordobadirecto.com\/index.php\/wp-json\/wp\/v2\/posts\/24290"}],"collection":[{"href":"http:\/\/cordobadirecto.com\/index.php\/wp-json\/wp\/v2\/posts"}],"about":[{"href":"http:\/\/cordobadirecto.com\/index.php\/wp-json\/wp\/v2\/types\/post"}],"author":[{"embeddable":true,"href":"http:\/\/cordobadirecto.com\/index.php\/wp-json\/wp\/v2\/users\/1"}],"replies":[{"embeddable":true,"href":"http:\/\/cordobadirecto.com\/index.php\/wp-json\/wp\/v2\/comments?post=24290"}],"version-history":[{"count":0,"href":"http:\/\/cordobadirecto.com\/index.php\/wp-json\/wp\/v2\/posts\/24290\/revisions"}],"wp:featuredmedia":[{"embeddable":true,"href":"http:\/\/cordobadirecto.com\/index.php\/wp-json\/wp\/v2\/media\/24291"}],"wp:attachment":[{"href":"http:\/\/cordobadirecto.com\/index.php\/wp-json\/wp\/v2\/media?parent=24290"}],"wp:term":[{"taxonomy":"category","embeddable":true,"href":"http:\/\/cordobadirecto.com\/index.php\/wp-json\/wp\/v2\/categories?post=24290"},{"taxonomy":"post_tag","embeddable":true,"href":"http:\/\/cordobadirecto.com\/index.php\/wp-json\/wp\/v2\/tags?post=24290"}],"curies":[{"name":"wp","href":"https:\/\/api.w.org\/{rel}","templated":true}]}}