{"id":24456,"date":"2021-10-21T21:45:00","date_gmt":"2021-10-21T21:45:00","guid":{"rendered":"http:\/\/cordobadirecto.com\/index.php\/2021\/10\/21\/biden-acuso-a-los-republicanos-alineados-a-trump-de-ser-supremacistas-blancos\/"},"modified":"2021-10-21T21:45:00","modified_gmt":"2021-10-21T21:45:00","slug":"biden-acuso-a-los-republicanos-alineados-a-trump-de-ser-supremacistas-blancos","status":"publish","type":"post","link":"http:\/\/cordobadirecto.com\/index.php\/2021\/10\/21\/biden-acuso-a-los-republicanos-alineados-a-trump-de-ser-supremacistas-blancos\/","title":{"rendered":"Biden acus\u00f3 a los republicanos alineados a Trump de ser supremacistas blancos"},"content":{"rendered":"<div class=\"image\" id=\"image\" readability=\"7\"> <img src=\"http:\/\/cordobadirecto.com\/wp-content\/uploads\/2021\/10\/biden-acuso-a-los-republicanos-alineados-a-trump-de-ser-supremacistas-blancos.jpg\" alt=\"Para Biden los republicanos que siguen a Trump atacan la libertad electoral. Foto:AFP\" title=\"Para Biden los republicanos que siguen a Trump atacan la libertad electoral. Foto:AFP\"><\/p>\n<p>Para Biden los republicanos que siguen a Trump atacan la libertad electoral. Foto:AFP<\/p>\n<\/div>\n<p>El presidente de Estados Unidos, Joe Biden, acus\u00f3 este jueves a los republicanos alineados a Donald Trump de ser supremacistas blancos y de lanzar &#8220;un ataque implacable&#8221; contra la libertad electoral.<\/p>\n<p>La acusaci\u00f3n fue parte de un acalorado <strong>discurso durante la ceremonia por el d\u00e9cimo aniversario del monumento a Martin Luther King<\/strong> -el hist\u00f3rico l\u00edder del movimiento afroamericano de derechos civiles asesinado en 1968- en el National Mall de Washington.<\/p>\n<p>Biden dijo que los republicanos aliados del expresidente, desde gobernadores hasta funcionarios a cargo de supervisar las elecciones, <strong>lanzaron &#8220;un ataque implacable&#8221; contra el libre acceso al voto previo a los comicios legislativos de mitad de mandato del pr\u00f3ximo a\u00f1o y las elecciones presidenciales de 2024.<\/strong><\/p>\n<p>Los acus\u00f3 de lanzar <strong>una campa\u00f1a &#8220;antiestadounidense&#8221; disfrazada de un intento de reforzar la seguridad de las elecciones.<\/strong><\/p>\n<p>Adem\u00e1s, esos intentos se producen cuando Trump sigue presionando para desacreditar la victoria de Biden en las elecciones de 2020, sobre las que sigue afirmando, sin ninguna prueba sostenible, que gan\u00f3.<\/p>\n<p><strong>&#8220;Est\u00e1n siguiendo a mi predecesor, el \u00faltimo presidente, a un profundo agujero negro&#8221;, expuso Biden <\/strong>y acus\u00f3 a esos l\u00edderes opositores de buscar &#8220;<strong>una combinaci\u00f3n siniestra de supresi\u00f3n de electores y subversi\u00f3n electoral&#8221;.<\/strong><\/p>\n<div class=\"image\" id=\"image\" readability=\"9\"> <img src=\"http:\/\/cordobadirecto.com\/wp-content\/uploads\/2021\/10\/biden-acuso-a-los-republicanos-alineados-a-trump-de-ser-supremacistas-blancos-1.jpg\" alt=\" Trump sigue presionando para desacreditar la victoria de Biden en las presidenciales, sobre las que afirma que gan\u00f3. Foto: AFP\" title=\" Trump sigue presionando para desacreditar la victoria de Biden en las presidenciales, sobre las que afirma que gan\u00f3. Foto: AFP\"><\/p>\n<p> Trump sigue presionando para desacreditar la victoria de Biden en las presidenciales, sobre las que afirma que gan\u00f3. Foto: AFP<\/p>\n<\/div>\n<p><br open><br \/>\nBiden suele denunciar las mentiras de Trump sobre la elecci\u00f3n, algo que muchos votantes republicanos consideran ciertas, seg\u00fan encuestas. Sin embargo, rara vez se refiere a su antecesor en forma directa.<\/p>\n<p>En su discurso,<strong> el mandatario dijo que la supremac\u00eda blanca contra la que King luch\u00f3 antes de ser asesinado en 1968 nunca desapareci\u00f3 por completo sino que &#8220;solo se esconde&#8221;.<\/strong><\/p>\n<p>El veterano pol\u00edtico describi\u00f3 la asonada del 6 de enero contra el Capitolio por una turba de simpatizantes de Trump mientras los legisladores se dispon\u00edan a certificar los resultados de las elecciones de 2020, como un brote de ese problema.<\/p>\n<p><strong>&#8220;En mi opini\u00f3n, la violenta y mortal insurrecci\u00f3n contra el Capitolio de hace nueve meses fue sobre la supremac\u00eda blanca&#8221;,<\/strong> opin\u00f3 Biden, citado por la agencia de noticias AFP.<\/p>\n<p>Biden sostuvo que <strong>&#8220;la mala noticia&#8221; fue que el pa\u00eds tuvo &#8220;un presidente que apel\u00f3 al prejuicio&#8221;, y la buena &#8220;es que qued\u00f3 absolutamente claro qu\u00e9 es lo que est\u00e1 en juego&#8221;.<\/strong><\/p>\n<p>El discurso se produjo un d\u00eda despu\u00e9s de que los republicanos del Senado bloquearan el debate de una reforma electoral propuesta por los dem\u00f3cratas para acabar con lo que consideran una serie de leyes injustas, incluyendo el financiamiento de campa\u00f1as, las reglas de votaci\u00f3n y la redistribuci\u00f3n de los distritos electorales. <\/p>\n","protected":false},"excerpt":{"rendered":"<p>Para Biden los republicanos que siguen a Trump atacan la libertad electoral. Foto:AFP El presidente de Estados Unidos, Joe Biden, acus\u00f3 este jueves a los republicanos alineados a Donald Trump de ser supremacistas blancos y de lanzar &#8220;un ataque implacable&#8221; contra la libertad electoral. La acusaci\u00f3n fue parte de un acalorado discurso durante la ceremonia [&hellip;]<\/p>\n","protected":false},"author":1,"featured_media":24457,"comment_status":"closed","ping_status":"closed","sticky":false,"template":"","format":"standard","meta":[],"categories":[24],"tags":[],"_links":{"self":[{"href":"http:\/\/cordobadirecto.com\/index.php\/wp-json\/wp\/v2\/posts\/24456"}],"collection":[{"href":"http:\/\/cordobadirecto.com\/index.php\/wp-json\/wp\/v2\/posts"}],"about":[{"href":"http:\/\/cordobadirecto.com\/index.php\/wp-json\/wp\/v2\/types\/post"}],"author":[{"embeddable":true,"href":"http:\/\/cordobadirecto.com\/index.php\/wp-json\/wp\/v2\/users\/1"}],"replies":[{"embeddable":true,"href":"http:\/\/cordobadirecto.com\/index.php\/wp-json\/wp\/v2\/comments?post=24456"}],"version-history":[{"count":0,"href":"http:\/\/cordobadirecto.com\/index.php\/wp-json\/wp\/v2\/posts\/24456\/revisions"}],"wp:featuredmedia":[{"embeddable":true,"href":"http:\/\/cordobadirecto.com\/index.php\/wp-json\/wp\/v2\/media\/24457"}],"wp:attachment":[{"href":"http:\/\/cordobadirecto.com\/index.php\/wp-json\/wp\/v2\/media?parent=24456"}],"wp:term":[{"taxonomy":"category","embeddable":true,"href":"http:\/\/cordobadirecto.com\/index.php\/wp-json\/wp\/v2\/categories?post=24456"},{"taxonomy":"post_tag","embeddable":true,"href":"http:\/\/cordobadirecto.com\/index.php\/wp-json\/wp\/v2\/tags?post=24456"}],"curies":[{"name":"wp","href":"https:\/\/api.w.org\/{rel}","templated":true}]}}