{"id":24471,"date":"2021-10-22T21:18:32","date_gmt":"2021-10-22T21:18:32","guid":{"rendered":"https:\/\/cordoba.gob.ar\/?p=15102"},"modified":"2021-10-22T21:18:32","modified_gmt":"2021-10-22T21:18:32","slug":"se-conocieron-los-seleccionados-del-fondo-estimulo-editorial-2021","status":"publish","type":"post","link":"http:\/\/cordobadirecto.com\/index.php\/2021\/10\/22\/se-conocieron-los-seleccionados-del-fondo-estimulo-editorial-2021\/","title":{"rendered":"Se conocieron los seleccionados del Fondo Est\u00edmulo Editorial 2021"},"content":{"rendered":"<div><img src=\"http:\/\/cordobadirecto.com\/wp-content\/uploads\/2021\/10\/se-conocieron-los-seleccionados-del-fondo-estimulo-editorial-2021.jpg\" class=\"ff-og-image-inserted\"><\/div>\n<ul>\n<li><strong>Son 6 los proyectos de ediciones que recibir\u00e1n apoyo econ\u00f3mico.<\/strong><\/li>\n<li><strong>El Programa forma parte de los 15 fondos municipales de fomento de la actividad cultural en la ciudad previstos para el ciclo 2021.<\/strong><\/li>\n<\/ul>\n<hr>\n<p>La Subsecretar\u00eda de Cultura dependiente de la Secretar\u00eda de Gobierno de la Municipalidad de C\u00f3rdoba comunica los resultados del Fondo Est\u00edmulo Editorial 2021. Se trata de 6 propuestas que recibir\u00e1n $52 mil pesos cada una.<\/p>\n<p>Cada una de las propuestas elegidas se encuentra en este enlace: <a href=\"https:\/\/cordoba.gob.ar\/wp-content\/uploads\/2021\/10\/ACTA-FONDO-ESTIMULO-EDITORIAL.pdf\">ACTA FONDO EST\u00cdMULO EDITORIAL<\/a><\/p>\n<p>El apoyo estuvo destinado a editoriales con domicilio en C\u00f3rdoba Capital y registradas en el \u00e1rea Editorial Municipal.<\/p>\n<p>Esta convocatoria est\u00e1 destinada a promover la industria editorial cordobesa y las propuestas de libros electr\u00f3nicos (ePub, sin DRM [Digital Rights Management]) con el prop\u00f3sito de contribuir a su desarrollo.<\/p>\n<p>El jurado estuvo integrado por Karina Jes\u00fas Fraccarolli, editora, Florencia De Lorenzi, dise\u00f1adora gr\u00e1fica; y Federico Lavezzo, por la Editorial Municipal.<\/p>\n<p>Cabe recordar que estos llamados son parte de un conjunto de 15 convocatorias de Fondos de Fomento 2021 que impulsa el Municipio, orientados al desarrollo de actividades editoriales, audiovisuales, artesanales, dise\u00f1o, esc\u00e9nicas, musicales y de artes visuales. Los incentivos incluyen est\u00edmulos, apoyos, mentor\u00edas y premios que impulsan al sector cultural desde el municipio.<\/p>\n","protected":false},"excerpt":{"rendered":"<p>Son 6 los proyectos de ediciones que recibir\u00e1n apoyo econ\u00f3mico. El Programa forma parte de los 15 fondos municipales de fomento de la actividad cultural en la ciudad previstos para el ciclo 2021. La Subsecretar\u00eda de Cultura dependiente de la Secretar\u00eda de Gobierno de la Municipalidad de C\u00f3rdoba comunica los resultados del Fondo Est\u00edmulo Editorial [&hellip;]<\/p>\n","protected":false},"author":1,"featured_media":24472,"comment_status":"closed","ping_status":"closed","sticky":false,"template":"","format":"standard","meta":[],"categories":[44],"tags":[],"_links":{"self":[{"href":"http:\/\/cordobadirecto.com\/index.php\/wp-json\/wp\/v2\/posts\/24471"}],"collection":[{"href":"http:\/\/cordobadirecto.com\/index.php\/wp-json\/wp\/v2\/posts"}],"about":[{"href":"http:\/\/cordobadirecto.com\/index.php\/wp-json\/wp\/v2\/types\/post"}],"author":[{"embeddable":true,"href":"http:\/\/cordobadirecto.com\/index.php\/wp-json\/wp\/v2\/users\/1"}],"replies":[{"embeddable":true,"href":"http:\/\/cordobadirecto.com\/index.php\/wp-json\/wp\/v2\/comments?post=24471"}],"version-history":[{"count":0,"href":"http:\/\/cordobadirecto.com\/index.php\/wp-json\/wp\/v2\/posts\/24471\/revisions"}],"wp:featuredmedia":[{"embeddable":true,"href":"http:\/\/cordobadirecto.com\/index.php\/wp-json\/wp\/v2\/media\/24472"}],"wp:attachment":[{"href":"http:\/\/cordobadirecto.com\/index.php\/wp-json\/wp\/v2\/media?parent=24471"}],"wp:term":[{"taxonomy":"category","embeddable":true,"href":"http:\/\/cordobadirecto.com\/index.php\/wp-json\/wp\/v2\/categories?post=24471"},{"taxonomy":"post_tag","embeddable":true,"href":"http:\/\/cordobadirecto.com\/index.php\/wp-json\/wp\/v2\/tags?post=24471"}],"curies":[{"name":"wp","href":"https:\/\/api.w.org\/{rel}","templated":true}]}}