{"id":24474,"date":"2021-10-22T21:30:11","date_gmt":"2021-10-22T21:30:11","guid":{"rendered":"https:\/\/es.digitaltrends.com\/?p=750735"},"modified":"2021-10-22T21:30:11","modified_gmt":"2021-10-22T21:30:11","slug":"los-mejores-podcasts-en-espanol-que-puedes-escuchar-ahora-mismo","status":"publish","type":"post","link":"http:\/\/cordobadirecto.com\/index.php\/2021\/10\/22\/los-mejores-podcasts-en-espanol-que-puedes-escuchar-ahora-mismo\/","title":{"rendered":"Los mejores podcasts en espa\u00f1ol que puedes escuchar ahora mismo"},"content":{"rendered":"<p>Un toque de actualidad y entretenimiento, as\u00ed podr\u00eda ser una definici\u00f3n (muy) libre de aquellas producciones sonoras con una periodicidad establecida. Es el caso de los <strong>mejores<\/strong> <strong><em>podcasts<\/em> en espa\u00f1ol<\/strong>, que abordan temas como maternidad, cultura pop, periodismo, comedia, actualidad, ensayos, estilo de vida, psicolog\u00eda y feminismo. Son historias de los m\u00e1s distintos g\u00e9neros y contadas desde las m\u00e1s diversas perspectivas.<\/p>\n<p>Como toda lista, la siguiente puede estar inconclusa, por lo que la iremos actualizando con el paso de las semanas. Por lo pronto, no te arrepentir\u00e1s de darle <em>play<\/em> a estas propuestas.<\/p>\n<p><strong>Te va a interesar:&nbsp;<\/strong><\/p>\n<h2>Los mejores podcasts en espa\u00f1ol<\/h2>\n<h3>Estirando el chicle (comedia)<\/h3>\n<p>Carolina Iglesias y Victoria Mart\u00edn est\u00e1n frente al micr\u00f3fono de esta producci\u00f3n de Podium Podcast \u2014la cual estrena un cap\u00edtulo cada semana\u2014, adem\u00e1s de que tambi\u00e9n se les puede ver en YouTube, claro, con el fant\u00e1stico humor que tienen para abordar cada uno de los temas, \u201cuna comedia que no est\u00e1 dirigida a contentar a los hombres. Y si ellos se r\u00eden, pues genial\u201d, <a href=\"https:\/\/elpais.com\/television\/2021-05-30\/estirando-el-chicle-malasmadres-y-gabinete-de-curiosidades-la-fuerza-de-ellas-en-el-podcast-espanol.html\" target=\"_blank\" rel=\"noopener\">precisa Mart\u00edn<\/a>.<\/p>\n<p>Algunas de las pl\u00e1ticas son:&nbsp; \u201cLa belleza es subjetiva para las guapas\u201d, \u201cCagarse de miedo\u201d, \u201cRazones para odiar\u201d, \u201cHaber nacido rico\u201d y \u201cEstar mal no es ser d\u00e9bil\u201d. <em>Estirando el chicle<\/em>, por el momento, cuenta con cuatro temporadas.<\/p>\n<p><a georiot-ignore=\"1\" href=\"https:\/\/www.podiumpodcast.com\/estirando-el-chicle\/temporada-3\/?xs=1\" rel=\"sponsored noopener\" target=\"_blank\" class=\"m-aff-button h-affiliate-link legacy-affiliate-3693751d65d6e13490afdc5d57d9654db7ce9df5\" data-legacy-affiliate=\"1\" data-legacy-type=\"legacy-button\" data-slot-id=\"101\" data-legacy-network=\"skimlinks\" click_id_param=\"xcust\">Web<\/a> <a georiot-ignore=\"1\" href=\"https:\/\/podcasts.google.com\/feed\/aHR0cHM6Ly9mYXBpLXRvcC5wcmlzYXNkLmNvbS9wb2RjYXN0L3BvZGl1bS9lc3RpcmFuZG9fZWxfY2hpY2xlL2l0dW5lc3RmcC9wb2RjYXN0LnhtbA==?xs=1\" rel=\"sponsored noopener\" target=\"_blank\" class=\"m-aff-button h-affiliate-link legacy-affiliate-d00554b4077f3d3b1f3ef063ee45d0fc5ae55048\" data-legacy-affiliate=\"1\" data-legacy-type=\"legacy-button\" data-slot-id=\"201\" data-legacy-network=\"skimlinks\" click_id_param=\"xcust\">Google Podcasts<\/a>&nbsp;<a georiot-ignore=\"1\" href=\"https:\/\/podcasts.apple.com\/es\/podcast\/estirando-el-chicle\/id1511396938?xs=1\" rel=\"sponsored noopener\" target=\"_blank\" class=\"m-aff-button h-affiliate-link legacy-affiliate-39f1bdb3d25518832a7cc9076fb741fdbbc632e8\" data-legacy-affiliate=\"1\" data-legacy-type=\"legacy-button\" data-slot-id=\"301\" data-legacy-network=\"skimlinks\" click_id_param=\"xcust\">Apple Podcasts<\/a> <a georiot-ignore=\"1\" href=\"https:\/\/open.spotify.com\/show\/6V1DDzXVZg6wFXFo0SanY2?xs=1\" rel=\"sponsored noopener\" target=\"_blank\" class=\"m-aff-button h-affiliate-link legacy-affiliate-577e3781d82453576bf9b2658a07ad1f541c3fb1\" data-legacy-affiliate=\"1\" data-legacy-type=\"legacy-button\" data-slot-id=\"401\" data-legacy-network=\"skimlinks\" click_id_param=\"xcust\">Spotify<\/a><\/p>\n<h3>Nada mejor que hacer (cultura pop)<\/h3>\n<blockquote class=\"h-lazy-embed\" data-width=\"500\" data-dnt=\"true\" data-initial-classes=\"twitter-tweet\" data-embed-name=\"twitter\" data-sdk-src=\"\/\/platform.twitter.com\/widgets.js\">\n<p lang=\"es\" dir=\"ltr\">\ud83c\udd95NUEVO EPISODIO\ud83c\udd95<\/p>\n<p>Lleg\u00f3 el #124 en donde hablamos de la \u00faltima peli de Nicolas Cage, Un Lugar en Silencio parte 2, de los inicios de los Juegos Ol\u00edmpicos, Okupas y mucho m\u00e1s. <a href=\"https:\/\/t.co\/g0PmZOVsMS\">https:\/\/t.co\/g0PmZOVsMS<\/a><\/p>\n<p>&amp;mdash; Nada Mejor Que Hacer (@NMQHPodcast) <a href=\"https:\/\/twitter.com\/NMQHPodcast\/status\/1421106384062590980?ref_src=twsrc%5Etfw\">July 30, 2021<\/a><\/p>\n<\/blockquote>\n<p>Una venezolana y un argentino se sientan en su silla y comienzan a platicar. Ellos describen mejor su producto auditivo: \u201c\u00bfQu\u00e9 pasa si grabas la conversaci\u00f3n de un par de <em>millennials<\/em> adictos a las redes sociales, el cine, las series y la cultura pop, y lo subes a internet? <em>Nada mejor que hacer<\/em> son Jess, una venezolana aspirante a <em>influencer<\/em> de cosas buenas, y Mariano, un argentino pich\u00f3n de cr\u00edtico de cine; ambos intentan dar su punto de vista sobre todo el contenido que consumen d\u00eda a d\u00eda a trav\u00e9s de sus pantallas\u201d.<\/p>\n<p>Este <em>podcast<\/em> comenz\u00f3 en agosto de 2017 y cuenta con 124 episodios a la fecha (con una duraci\u00f3n aproximada de 60 minutos, aunque uno que otro puede alargarse hasta los 80 minutos).<\/p>\n<p><a georiot-ignore=\"1\" href=\"https:\/\/podcasts.google.com\/feed\/aHR0cHM6Ly9hdWRpb2Jvb20uY29tL2NoYW5uZWxzLzQ5Mzc0MDMucnNz?xs=1\" rel=\"sponsored noopener\" target=\"_blank\" class=\"m-aff-button h-affiliate-link legacy-affiliate-d8144460d5ca88be6dc0b023642309a04b1dd84e\" data-legacy-affiliate=\"1\" data-legacy-type=\"legacy-button\" data-slot-id=\"501\" data-legacy-network=\"skimlinks\" click_id_param=\"xcust\">Google Podcasts<\/a> <a georiot-ignore=\"1\" href=\"https:\/\/podcasts.apple.com\/us\/podcast\/nada-mejor-que-hacer\/id1376063875?xs=1\" rel=\"sponsored noopener\" target=\"_blank\" class=\"m-aff-button h-affiliate-link legacy-affiliate-cb76033c09b09f49dd89a2b302f0c2df5b750d5e\" data-legacy-affiliate=\"1\" data-legacy-type=\"legacy-button\" data-slot-id=\"601\" data-legacy-network=\"skimlinks\" click_id_param=\"xcust\">Apple Podcasts<\/a> <a georiot-ignore=\"1\" href=\"https:\/\/open.spotify.com\/show\/0vWzpgB3WD197IdyPFoMIZ?xs=1\" rel=\"sponsored noopener\" target=\"_blank\" class=\"m-aff-button h-affiliate-link legacy-affiliate-4d83b0de3fd707a3362560b05c4434120d7045f8\" data-legacy-affiliate=\"1\" data-legacy-type=\"legacy-button\" data-slot-id=\"701\" data-legacy-network=\"skimlinks\" click_id_param=\"xcust\">Spotify<\/a><\/p>\n<h3>El hilo (actualidad latinoamericana)<\/h3>\n<blockquote class=\"h-lazy-embed\" data-width=\"500\" data-dnt=\"true\" data-initial-classes=\"twitter-tweet\" data-embed-name=\"twitter\" data-sdk-src=\"\/\/platform.twitter.com\/widgets.js\">\n<p lang=\"es\" dir=\"ltr\">Las flotas chinas navegan sin control por las costas de Sudam\u00e9rica. La biodiversidad de Gal\u00e1pagos est\u00e1 en riesgo. A\u00f1o tras a\u00f1o, cientos de barcos se aproximan a la reserva y despliegan sus redes \ud83c\udfa3. Pero la amenaza no se limita al archipi\u00e9lago. Escuchen.<a href=\"https:\/\/t.co\/qIBpvXSPDt\">https:\/\/t.co\/qIBpvXSPDt<\/a> <a href=\"https:\/\/t.co\/7rUuqUNxgH\">pic.twitter.com\/7rUuqUNxgH<\/a><\/p>\n<p>&amp;mdash; El hilo (@elhilopodcast) <a href=\"https:\/\/twitter.com\/elhilopodcast\/status\/1431194851975049217?ref_src=twsrc%5Etfw\">August 27, 2021<\/a><\/p>\n<\/blockquote>\n<p>\u00bfQu\u00e9 se puede esperar de este <em>podcast<\/em> narrativo? Basta decir que es una coproducci\u00f3n de Radio Ambulante Estudios y Vice News, \u201cque cubre las noticias m\u00e1s importantes de Am\u00e9rica Latina\u201d. En los micr\u00f3fonos est\u00e1n Silvia Vi\u00f1as y Eliezer Budasoff, pero tambi\u00e9n participan reporteros, expertos y otros periodistas de la regi\u00f3n.<\/p>\n<p>Algunos de los t\u00edtulos de los programas son: \u201cLa epidemia interior\u201d, \u201cSalir a protestar y morir\u201d, \u201cSonr\u00ede, te estamos grabando\u201d y \u201cCuba, entre el miedo y el hartazgo\u201d.<\/p>\n<p><a georiot-ignore=\"1\" href=\"https:\/\/elhilo.audio\/?xs=1\" rel=\"sponsored noopener\" target=\"_blank\" class=\"m-aff-button h-affiliate-link legacy-affiliate-c45b1d5140ce5b7b4d4c775928ea5b200ee52ad5\" data-legacy-affiliate=\"1\" data-legacy-type=\"legacy-button\" data-slot-id=\"801\" data-legacy-network=\"skimlinks\" click_id_param=\"xcust\">Web<\/a> <a georiot-ignore=\"1\" href=\"https:\/\/podcasts.google.com\/feed\/aHR0cHM6Ly9yc3MuYWNhc3QuY29tL2VsLWhpbG8?xs=1\" rel=\"sponsored noopener\" target=\"_blank\" class=\"m-aff-button h-affiliate-link legacy-affiliate-1670db54d279af4f685044c3b5db6b76e8dec452\" data-legacy-affiliate=\"1\" data-legacy-type=\"legacy-button\" data-slot-id=\"901\" data-legacy-network=\"skimlinks\" click_id_param=\"xcust\">Google Podcasts<\/a> <a georiot-ignore=\"1\" href=\"https:\/\/podcasts.apple.com\/us\/podcast\/el-hilo\/id1504713161?xs=1\" rel=\"sponsored noopener\" target=\"_blank\" class=\"m-aff-button h-affiliate-link legacy-affiliate-bff465cf531598b28cdbbec838f52a25fd5d0382\" data-legacy-affiliate=\"1\" data-legacy-type=\"legacy-button\" data-slot-id=\"1001\" data-legacy-network=\"skimlinks\" click_id_param=\"xcust\">Apple Podcasts<\/a> <a georiot-ignore=\"1\" href=\"https:\/\/open.spotify.com\/show\/3skDSKvB1twtAxgLh0645y?xs=1\" rel=\"sponsored noopener\" target=\"_blank\" class=\"m-aff-button h-affiliate-link legacy-affiliate-959bedd882c4e13ceaa7bba2ab6eaa7f38a45b90\" data-legacy-affiliate=\"1\" data-legacy-type=\"legacy-button\" data-slot-id=\"1101\" data-legacy-network=\"skimlinks\" click_id_param=\"xcust\">Spotify<\/a><\/p>\n<h3>Cosas de Internet (tecnolog\u00eda)<\/h3>\n<p>NFT para principiantes, inteligencia artificial (con mucha prote\u00edna), una computadora para controlar la econom\u00eda, ahora nos gustan los <em>newsletters<\/em> y oficinista en cuarentena son algunos de los temas abordados en <em>Cosas de Internet<\/em>, <em>podcast<\/em> comandado por Laura y Santiago.<\/p>\n<p>Ellos charlan para entender el modo en que la tecnolog\u00eda impacta en la vida de las personas. Eso s\u00ed, hacen la aclaraci\u00f3n de que sus conversaciones est\u00e1n editadas, \u201cas\u00ed que ambos parecen m\u00e1s inteligentes de lo que son\u201d. Cada episodio, 44 hasta la fecha, dura alrededor de 60 minutos.<\/p>\n<p><a georiot-ignore=\"1\" href=\"https:\/\/www.cosasdeinternet.fm\/?xs=1\" rel=\"sponsored noopener\" target=\"_blank\" class=\"m-aff-button h-affiliate-link legacy-affiliate-b8d011afcdd175f7c1c28b5c8948d9a5806786e7\" data-legacy-affiliate=\"1\" data-legacy-type=\"legacy-button\" data-slot-id=\"1201\" data-legacy-network=\"skimlinks\" click_id_param=\"xcust\">Web<\/a> <a georiot-ignore=\"1\" href=\"https:\/\/podcasts.apple.com\/us\/podcast\/cosas-de-internet\/id1225021422?xs=1\" rel=\"sponsored noopener\" target=\"_blank\" class=\"m-aff-button h-affiliate-link legacy-affiliate-0e1350b8444c29821437da371684c73bc59fa39d\" data-legacy-affiliate=\"1\" data-legacy-type=\"legacy-button\" data-slot-id=\"1301\" data-legacy-network=\"skimlinks\" click_id_param=\"xcust\">Apple Podcasts<\/a> <a georiot-ignore=\"1\" href=\"https:\/\/open.spotify.com\/show\/27Z92SlTT4YOgFCng14hfq?si=lUDECNJWSrqh1SEPt35LOA&amp;nd=1&amp;xs=1\" rel=\"sponsored noopener\" target=\"_blank\" class=\"m-aff-button h-affiliate-link legacy-affiliate-ef94a0bdb70db7450afed5eb6dc0bf6b86e1e4f5\" data-legacy-affiliate=\"1\" data-legacy-type=\"legacy-button\" data-slot-id=\"1401\" data-legacy-network=\"skimlinks\" click_id_param=\"xcust\">Spotify<\/a><\/p>\n<h3>Club de malasmadres<\/h3>\n<p>Como muchos otros proyectos, este <em>podcast<\/em> se origin\u00f3 en la pandemia, cuando Laura Baena necesitaba una \u201cventana de ox\u00edgeno\u201d y ten\u00eda una ni\u00f1a de 15 d\u00edas de nacida. Y s\u00ed, como cualquiera puede imaginar con el t\u00edtulo, este producto busca romper con el mito de la madre perfecta y luchar por una conciliaci\u00f3n real y una sociedad en igualdad.<\/p>\n<p>A trav\u00e9s de entrevistas, distintas invitadas ofrecen su punto de vista sobre temas como mujer, maternidad y feminismo. En su perfil de Wikipedia, a Baena se le describe como una creativa publicitaria, emprendedora e <em>influencer<\/em> espa\u00f1ola que trabaja en pro de la conciliaci\u00f3n de la vida familiar y laboral.<\/p>\n<p><a georiot-ignore=\"1\" href=\"https:\/\/clubdemalasmadres.com\/category\/el-podcast-del-club-de-malasmadres\/?xs=1\" rel=\"sponsored noopener\" target=\"_blank\" class=\"m-aff-button h-affiliate-link legacy-affiliate-d4c3a8c0082becef0633cbd7aa74a68390a3da41\" data-legacy-affiliate=\"1\" data-legacy-type=\"legacy-button\" data-slot-id=\"1501\" data-legacy-network=\"skimlinks\" click_id_param=\"xcust\">Web<\/a> <a georiot-ignore=\"1\" href=\"https:\/\/podcasts.google.com\/feed\/aHR0cHM6Ly93d3cuc3ByZWFrZXIuY29tL3Nob3cvNDY0MzAwMy9lcGlzb2Rlcy9mZWVk\/episode\/aHR0cHM6Ly9hcGkuc3ByZWFrZXIuY29tL2VwaXNvZGUvNDE5MzUzOTI?sa=X&amp;ved=2ahUKEwiI85zUzYnyAhVzioQIHX-8BUgQkfYCegQIARAF&amp;xs=1\" rel=\"sponsored noopener\" target=\"_blank\" class=\"m-aff-button h-affiliate-link legacy-affiliate-7a23462d59e8e5630027f28c8f87933c8e6fea05\" data-legacy-affiliate=\"1\" data-legacy-type=\"legacy-button\" data-slot-id=\"1601\" data-legacy-network=\"skimlinks\" click_id_param=\"xcust\">Google Podcasts<\/a><a georiot-ignore=\"1\" href=\"https:\/\/podcasts.apple.com\/es\/podcast\/club-de-malasmadres\/id1538559887?xs=1\" rel=\"sponsored noopener\" target=\"_blank\" class=\"m-aff-button h-affiliate-link legacy-affiliate-2ae59da9685ffcd0767f025f3f2d47558e610974\" data-legacy-affiliate=\"1\" data-legacy-type=\"legacy-button\" data-slot-id=\"1701\" data-legacy-network=\"skimlinks\" click_id_param=\"xcust\">Apple Podcasts<\/a>&nbsp;<a georiot-ignore=\"1\" href=\"https:\/\/open.spotify.com\/show\/14YGS4nlalNT6WSZo4WDRQ?xs=1\" rel=\"sponsored noopener\" target=\"_blank\" class=\"m-aff-button h-affiliate-link legacy-affiliate-925b70659303e735cf7da027e36bc6ddc7aaed26\" data-legacy-affiliate=\"1\" data-legacy-type=\"legacy-button\" data-slot-id=\"1801\" data-legacy-network=\"skimlinks\" click_id_param=\"xcust\">Spotify<\/a><\/p>\n<h3>Ni\u00f1as Bien (comedia)<\/h3>\n<figure class=\"aligncenter\"><img src=\"http:\/\/cordobadirecto.com\/wp-content\/uploads\/2021\/10\/los-mejores-podcasts-en-espanol-que-puedes-escuchar-ahora-mismo.gif\" data-dt-lazy-src=\"https:\/\/icdn.dtcn.com\/image\/digitaltrends_es\/ninas-1-720x720.jpg\" onerror=\"dti_load_error(this)\" class=\"size-large wp-image-836742 dt-lazy-load dt-lazy-pending\" alt=\"Podcast Ni\u00f1as bien\"><\/figure>\n<p>El <em>podcast<\/em> de Pamela, Andrea y Fernanda comenz\u00f3 en la primavera de 2020 en la Ciudad de M\u00e9xico, es decir, en plena cuarentena. Pero pronto se convirti\u00f3 en uno de los m\u00e1s escuchados del pa\u00eds azteca, de acuerdo con Spotify.<\/p>\n<p>En su segunda temporada, ellas siguen hablando de los temas que les interesan, desde sexo sin tab\u00faes hasta amor moderno, claro, como si se tratara de una pl\u00e1tica de amigas, con un tono de comedia e irreverente.<\/p>\n<p><a georiot-ignore=\"1\" href=\"https:\/\/open.spotify.com\/show\/3zCs8D2qcTAMAbYV1eM1ad?xs=1\" rel=\"sponsored noopener\" target=\"_blank\" class=\"m-aff-button h-affiliate-link legacy-affiliate-0641d68063edfa8b334bd242c5539c30d4e56cd2\" data-legacy-affiliate=\"1\" data-legacy-type=\"legacy-button\" data-slot-id=\"1901\" data-legacy-network=\"skimlinks\" click_id_param=\"xcust\">Spotify<\/a><\/p>\n<h3>Dixo (actualidad)<\/h3>\n<p>En marzo de 2021, esta red de <em>podcasts<\/em> de habla hispana, fundada por Dany Saadia, celebr\u00f3 su 15 aniversario con m\u00e1s de 5,000 producciones publicadas en diferentes g\u00e9neros, desde ciencia ficci\u00f3n hasta nutrici\u00f3n.<\/p>\n<blockquote class=\"h-lazy-embed\" data-width=\"500\" data-dnt=\"true\" data-initial-classes=\"twitter-tweet\" data-embed-name=\"twitter\" data-sdk-src=\"\/\/platform.twitter.com\/widgets.js\">\n<p lang=\"es\" dir=\"ltr\">Octava entrega de Leyendas del rock: la banda detr\u00e1s de algunas de las canciones m\u00e1s ic\u00f3nicas del rock mexicano, el cover m\u00e1s famoso de Chilanga Banda, y claro, del pinche Juan. Con ustedes: \u00a1<a href=\"https:\/\/twitter.com\/cafetacvba?ref_src=twsrc%5Etfw\">@cafetacvba<\/a>! Esc\u00fachenlo en la app de <a href=\"https:\/\/twitter.com\/DeezerLatino?ref_src=twsrc%5Etfw\">@deezerlatino<\/a> o desde su p\u00e1gina web. <a href=\"https:\/\/t.co\/VDhRJKOqhS\">pic.twitter.com\/VDhRJKOqhS<\/a><\/p>\n<p>&amp;mdash; DIXO (@dixo) <a href=\"https:\/\/twitter.com\/dixo\/status\/1382383215923453955?ref_src=twsrc%5Etfw\">April 14, 2021<\/a><\/p>\n<\/blockquote>\n<p>Bajo el sello de <strong>Dixo Originales<\/strong>, impulsa programas como \u201cLos 100 millones\u201d \u2014serie de ficci\u00f3n dist\u00f3pica\u2014, \u201cLeyendas del rock\u201d, que explora las bandas m\u00e1s ic\u00f3nicas del rock en espa\u00f1ol, y \u201cMarcela Basteri: silenciada en vida\u201d, que aborda la extra\u00f1a desaparici\u00f3n de la madre del cantante Luis Miguel.<\/p>\n<p><a georiot-ignore=\"1\" href=\"https:\/\/originals.dixo.com\/?xs=1\" rel=\"sponsored noopener\" target=\"_blank\" class=\"m-aff-button h-affiliate-link legacy-affiliate-12c496be7f496fe472fff117f6fb59e78450e4bd\" data-legacy-affiliate=\"1\" data-legacy-type=\"legacy-button\" data-slot-id=\"2001\" data-legacy-network=\"skimlinks\" click_id_param=\"xcust\">Dixo Originales<\/a><\/p>\n<h3>Solaris (ensayos)<\/h3>\n<blockquote class=\"h-lazy-embed\" data-width=\"500\" data-dnt=\"true\" data-initial-classes=\"twitter-tweet\" data-embed-name=\"twitter\" data-sdk-src=\"\/\/platform.twitter.com\/widgets.js\">\n<p lang=\"es\" dir=\"ltr\">Presentamos &amp;#39;Solaris&amp;#39;, un podcast original de <a href=\"https:\/\/twitter.com\/jorgecarrion21?ref_src=twsrc%5Etfw\">@jorgecarrion21<\/a> y Podium que te har\u00e1 cuestionar el presente y el futuro. Ciencia y tecnolog\u00eda, filosof\u00eda y narrativas protagonizan una serie de 6 ensayos sonoros. <\/p>\n<p>24 de junio: estreno en la App de Podium y agregadores de <a href=\"https:\/\/twitter.com\/hashtag\/audio?src=hash&amp;amp;ref_src=twsrc%5Etfw\">#audio<\/a> \ud83d\udcf2 <a href=\"https:\/\/t.co\/ft5f7Tq6qK\">pic.twitter.com\/ft5f7Tq6qK<\/a><\/p>\n<p>&amp;mdash; Podium Podcast (@PodiumPodcast) <a href=\"https:\/\/twitter.com\/PodiumPodcast\/status\/1273918450235248641?ref_src=twsrc%5Etfw\">June 19, 2020<\/a><\/p>\n<\/blockquote>\n<p><em>Solaris <\/em>es parte de la red de producciones de Podium Podcast y desarrolla \u201cdiversos ensayos sonoros para ser m\u00e1s contempor\u00e1neos\u201d, de acuerdo con su descripci\u00f3n.<\/p>\n<p>Con una tercera temporada estrenada en junio de 2021, Jorge Carri\u00f3n, escritor y cr\u00edtico literario, lleva de la mano al oyente para comprender temas que tienen que ver con inteligencia artificial, <em>big data<\/em>, cultura de la terapia y plataformas como Facebook, Amazon y YouTube.<\/p>\n<p><a georiot-ignore=\"1\" href=\"https:\/\/www.podiumpodcast.com\/solaris\/temporada-1\/?xs=1\" rel=\"sponsored noopener\" target=\"_blank\" class=\"m-aff-button h-affiliate-link legacy-affiliate-36face85fc331bfb5f848417711f1c906b530e8d\" data-legacy-affiliate=\"1\" data-legacy-type=\"legacy-button\" data-slot-id=\"2101\" data-legacy-network=\"skimlinks\" click_id_param=\"xcust\">Web<\/a> <a georiot-ignore=\"1\" href=\"https:\/\/podcasts.apple.com\/es\/podcast\/id1519803361?xs=1\" rel=\"sponsored noopener\" target=\"_blank\" class=\"m-aff-button h-affiliate-link legacy-affiliate-b69bb4cce059a2c976921adb8b4ce83dadb7d943\" data-legacy-affiliate=\"1\" data-legacy-type=\"legacy-button\" data-slot-id=\"2201\" data-legacy-network=\"skimlinks\" click_id_param=\"xcust\">Apple Podcasts<\/a> <a georiot-ignore=\"1\" href=\"https:\/\/open.spotify.com\/show\/04gYTx3VgzFTudnJyEMcTa?xs=1\" rel=\"sponsored noopener\" target=\"_blank\" class=\"m-aff-button h-affiliate-link legacy-affiliate-d859f48c342f862d05795128895b6eeedd2df132\" data-legacy-affiliate=\"1\" data-legacy-type=\"legacy-button\" data-slot-id=\"2301\" data-legacy-network=\"skimlinks\" click_id_param=\"xcust\">Spotify<\/a><\/p>\n<h3>Se regalan dudas (estilo de vida)<\/h3>\n<figure class=\"aligncenter\"><img src=\"http:\/\/cordobadirecto.com\/wp-content\/uploads\/2021\/10\/los-mejores-podcasts-en-espanol-que-puedes-escuchar-ahora-mismo.gif\" data-dt-lazy-src=\"https:\/\/icdn.dtcn.com\/image\/digitaltrends_es\/1-se-regalan-dudas-720x505.jpg\" onerror=\"dti_load_error(this)\" class=\"size-large wp-image-756971 dt-lazy-load dt-lazy-pending\" alt=\"Lety Sahag\u00fan y Ashley Frangie, creadoras de Se regalan dudas\"><\/figure>\n<p>En cada entrega, Lety Sahag\u00fan y Ashley Frangie tienen como invitados a expertos, as\u00ed como a gente que admiran, con la intenci\u00f3n de resolver \u201cdudas\u201d sobre diversos temas, desde qu\u00e9 son las constelaciones familiares hasta por qu\u00e9 es necesario visibilizar la paternidad.<\/p>\n<p>El proyecto de estas mexicanas naci\u00f3 a mediados de 2018 y se convirti\u00f3 pronto en un \u00e9xito en toda Am\u00e9rica Latina. En exclusiva para Spotify, cada unos de los cap\u00edtulos de <em><strong>Se regalan dudas<\/strong><\/em> dura alrededor de los 50 minutos.<\/p>\n<p><a georiot-ignore=\"1\" href=\"https:\/\/www.seregalandudas.com\/?xs=1\" rel=\"sponsored noopener\" target=\"_blank\" class=\"m-aff-button h-affiliate-link legacy-affiliate-fbdae58709ff70c0212141978fc4fe371fd6fb57\" data-legacy-affiliate=\"1\" data-legacy-type=\"legacy-button\" data-slot-id=\"2401\" data-legacy-network=\"skimlinks\" click_id_param=\"xcust\">Web<\/a> <a georiot-ignore=\"1\" href=\"https:\/\/open.spotify.com\/show\/0KUjSzqMyxrTyXuw15j4e8?xs=1\" rel=\"sponsored noopener\" target=\"_blank\" class=\"m-aff-button h-affiliate-link legacy-affiliate-8fbfedf7daaa2f56bad4ce5a53792357073784d7\" data-legacy-affiliate=\"1\" data-legacy-type=\"legacy-button\" data-slot-id=\"2501\" data-legacy-network=\"skimlinks\" click_id_param=\"xcust\">Spotify<\/a><\/p>\n<h3>Las Raras (periodismo)<\/h3>\n<p>A cargo de los chilenos Catalina May, una periodista, y Mart\u00edn Cruz, un ingeniero de sonido, <strong><em>Las Raras<\/em><\/strong> es un producto independiente que cuenta \u201crelatos de no ficci\u00f3n que llamamos Historias de Libertad\u201d y que le da espacio a las voces que no se cubren en los medios de comunicaci\u00f3n tradicionales. As\u00ed, feminismo, medioambiente, arte, educaci\u00f3n, amor, migraci\u00f3n y derechos humanos son algunos de los temas que aborda.<\/p>\n<p>Cada uno de los cap\u00edtulos dura alrededor de 20 minutos, y lo que destaca, adem\u00e1s del dise\u00f1o sonoro, es la presencia de testimonios de los distintos protagonistas.<\/p>\n<p><a georiot-ignore=\"1\" href=\"https:\/\/lasraraspodcast.com\/?xs=1\" rel=\"sponsored noopener\" target=\"_blank\" class=\"m-aff-button h-affiliate-link legacy-affiliate-cf3b9088a95348aa48cad654f715853d0223c787\" data-legacy-affiliate=\"1\" data-legacy-type=\"legacy-button\" data-slot-id=\"2601\" data-legacy-network=\"skimlinks\" click_id_param=\"xcust\">Web<\/a> <a georiot-ignore=\"1\" href=\"https:\/\/podcasts.google.com\/feed\/aHR0cDovL2ZlZWRzLnNvdW5kY2xvdWQuY29tL3VzZXJzL3NvdW5kY2xvdWQ6dXNlcnM6MjU1MDE2MDcyL3NvdW5kcy5yc3M?xs=1\" rel=\"sponsored noopener\" target=\"_blank\" class=\"m-aff-button h-affiliate-link legacy-affiliate-9cc88506ac2554768489c71554ecaca819a62878\" data-legacy-affiliate=\"1\" data-legacy-type=\"legacy-button\" data-slot-id=\"2701\" data-legacy-network=\"skimlinks\" click_id_param=\"xcust\">Google Podcasts<\/a> <a georiot-ignore=\"1\" href=\"https:\/\/podcasts.apple.com\/mx\/podcast\/las-raras\/id1158546491?xs=1\" rel=\"sponsored noopener\" target=\"_blank\" class=\"m-aff-button h-affiliate-link legacy-affiliate-d592079ef981d1b7a5f097b2e24ee29cad154113\" data-legacy-affiliate=\"1\" data-legacy-type=\"legacy-button\" data-slot-id=\"2801\" data-legacy-network=\"skimlinks\" click_id_param=\"xcust\">Apple Podcasts<\/a> <a georiot-ignore=\"1\" href=\"https:\/\/open.spotify.com\/show\/7hBH9nlz59X9pErdalYchr?xs=1\" rel=\"sponsored noopener\" target=\"_blank\" class=\"m-aff-button h-affiliate-link legacy-affiliate-d27dfe19bbc413550af8634803a0e7d97cf3b630\" data-legacy-affiliate=\"1\" data-legacy-type=\"legacy-button\" data-slot-id=\"2901\" data-legacy-network=\"skimlinks\" click_id_param=\"xcust\">Spotify<\/a><\/p>\n<h3>Leyendas Legendarias (humor)<\/h3>\n<figure class=\"aligncenter\"><img src=\"http:\/\/cordobadirecto.com\/wp-content\/uploads\/2021\/10\/los-mejores-podcasts-en-espanol-que-puedes-escuchar-ahora-mismo.gif\" data-dt-lazy-src=\"https:\/\/icdn.dtcn.com\/image\/digitaltrends_es\/leyendas-legendarias-720x506.jpg\" onerror=\"dti_load_error(this)\" class=\"size-large wp-image-756978 dt-lazy-load dt-lazy-pending\" alt=\"Arte del podcast Leyendas Legendarias\"><\/figure>\n<p>Esta producci\u00f3n tambi\u00e9n se ha convertido no solo en una de las m\u00e1s escuchadas en M\u00e9xico, sino a nivel internacional. Su intenci\u00f3n es clara: \u201cUn <em>podcast<\/em> de comedia en el que cada semana exploramos casos de crimen real, fen\u00f3menos paranormales o eventos hist\u00f3ricos tan peculiares, como notorios y fant\u00e1sticos\u201d.<\/p>\n<p>A cargo de Jos\u00e9 Antonio Bad\u00eda y su compa\u00f1ero Eduardo Espinosa, directo desde Ciudad Ju\u00e1rez, Chihuahua, cada leyenda merece episodios de m\u00e1s de 60 minutos.<\/p>\n<p><a georiot-ignore=\"1\" href=\"https:\/\/leyendaslegendarias.com\/?xs=1\" rel=\"sponsored noopener\" target=\"_blank\" class=\"m-aff-button h-affiliate-link legacy-affiliate-5bb434e7fd3587eeaafbc41985b585e2c841312a\" data-legacy-affiliate=\"1\" data-legacy-type=\"legacy-button\" data-slot-id=\"3001\" data-legacy-network=\"skimlinks\" click_id_param=\"xcust\">Web<\/a> <a georiot-ignore=\"1\" href=\"https:\/\/podcasts.google.com\/feed\/aHR0cHM6Ly9sZXllbmRhc2xlZ2VuZGFyaWFzLmxpYnN5bi5jb20vcnNz?sa=X&amp;ved=2ahUKEwjw6NPcl-HrAhXYU80KHX6nA5YQ4aUDegQIARAC&amp;hl=es-419&amp;xs=1\" rel=\"sponsored noopener\" target=\"_blank\" class=\"m-aff-button h-affiliate-link legacy-affiliate-54af33455798c8491f815043e38f73dc2aa310cd\" data-legacy-affiliate=\"1\" data-legacy-type=\"legacy-button\" data-slot-id=\"3101\" data-legacy-network=\"skimlinks\" click_id_param=\"xcust\">Google Podcasts<\/a> <a georiot-ignore=\"1\" href=\"https:\/\/podcasts.apple.com\/mx\/podcast\/leyendas-legendarias\/id1454073357?xs=1\" rel=\"sponsored noopener\" target=\"_blank\" class=\"m-aff-button h-affiliate-link legacy-affiliate-09d3da0657df78076419d573441e52ac103cecb1\" data-legacy-affiliate=\"1\" data-legacy-type=\"legacy-button\" data-slot-id=\"3201\" data-legacy-network=\"skimlinks\" click_id_param=\"xcust\">Apple Podcasts<\/a> <a georiot-ignore=\"1\" href=\"https:\/\/open.spotify.com\/show\/6wF969GfLUfypoKaicH5gr?xs=1\" rel=\"sponsored noopener\" target=\"_blank\" class=\"m-aff-button h-affiliate-link legacy-affiliate-eb7b83bb1b577d300df84abb411f0b81b4cbee31\" data-legacy-affiliate=\"1\" data-legacy-type=\"legacy-button\" data-slot-id=\"3301\" data-legacy-network=\"skimlinks\" click_id_param=\"xcust\">Spotify<\/a> <a georiot-ignore=\"1\" href=\"https:\/\/www.youtube.com\/channel\/UCugC9R-gE-6mgUgIqNy387Q?xs=1\" rel=\"sponsored noopener\" target=\"_blank\" class=\"m-aff-button h-affiliate-link legacy-affiliate-29ec34bace0ed9fa5fea112880b153adbee57b23\" data-legacy-affiliate=\"1\" data-legacy-type=\"legacy-button\" data-slot-id=\"3401\" data-legacy-network=\"skimlinks\" click_id_param=\"xcust\">YouTube<\/a><\/p>\n<h3>Nadie sabe nada (humor)<\/h3>\n<p>De la Cadena SER, llega este programa de \u201can\u00e1lisis de la actualidad\u201d y humor, conducido por Andreu Buenafuente y Berto Romero, dos reconocidos humoristas espa\u00f1oles que hablan de todo, sin que necesariamente tengan idea de algo, en entregas de alrededor de 50 minutos.<\/p>\n<p>Ya el t\u00edtulo del <em>podcast<\/em> anuncia lo que el usuario va a encontrar en este espacio, donde la improvisaci\u00f3n es tan relevante como el hecho de no tomarse las cosas tan en serio.<\/p>\n<p><a georiot-ignore=\"1\" href=\"https:\/\/play.cadenaser.com\/programa\/nadie_sabe_nada\/?xs=1\" rel=\"sponsored noopener\" target=\"_blank\" class=\"m-aff-button h-affiliate-link legacy-affiliate-0b649f15c68d2f41fc46184c969ec48895be491f\" data-legacy-affiliate=\"1\" data-legacy-type=\"legacy-button\" data-slot-id=\"3501\" data-legacy-network=\"skimlinks\" click_id_param=\"xcust\">Web<\/a> <a georiot-ignore=\"1\" href=\"https:\/\/podcasts.google.com\/feed\/aHR0cHM6Ly9mYXBpLXRvcC5wcmlzYXNkLmNvbS9wb2RjYXN0L3BsYXlzZXIvbmFkaWVfc2FiZV9uYWRhL2l0dW5lc3RmcC9wb2RjYXN0LnhtbA?xs=1\" rel=\"sponsored noopener\" target=\"_blank\" class=\"m-aff-button h-affiliate-link legacy-affiliate-a109f3f536403e5228be08ec964009a2e216593f\" data-legacy-affiliate=\"1\" data-legacy-type=\"legacy-button\" data-slot-id=\"3601\" data-legacy-network=\"skimlinks\" click_id_param=\"xcust\">Google Podcasts<\/a> <a georiot-ignore=\"1\" href=\"https:\/\/podcasts.apple.com\/es\/podcast\/nadie-sabe-nada\/id665143133?xs=1\" rel=\"sponsored noopener\" target=\"_blank\" class=\"m-aff-button h-affiliate-link legacy-affiliate-ab99d902695bea1df22c0b533c0422d122d4cd18\" data-legacy-affiliate=\"1\" data-legacy-type=\"legacy-button\" data-slot-id=\"3701\" data-legacy-network=\"skimlinks\" click_id_param=\"xcust\">Apple Podcasts<\/a> <a georiot-ignore=\"1\" href=\"https:\/\/open.spotify.com\/show\/1jXeGsr1X2gpss332C8cAw?xs=1\" rel=\"sponsored noopener\" target=\"_blank\" class=\"m-aff-button h-affiliate-link legacy-affiliate-2b7a6afdecab2c2bf88e376ad32ff7506f2ae565\" data-legacy-affiliate=\"1\" data-legacy-type=\"legacy-button\" data-slot-id=\"3801\" data-legacy-network=\"skimlinks\" click_id_param=\"xcust\">Spotify<\/a><\/p>\n<h3>Entiende tu mente (psicolog\u00eda)<\/h3>\n<figure class=\"aligncenter\"><img src=\"http:\/\/cordobadirecto.com\/wp-content\/uploads\/2021\/10\/los-mejores-podcasts-en-espanol-que-puedes-escuchar-ahora-mismo.gif\" data-dt-lazy-src=\"https:\/\/icdn.dtcn.com\/image\/digitaltrends_es\/x-default-720x428.jpg\" onerror=\"dti_load_error(this)\" class=\"size-large wp-image-750773 dt-lazy-load dt-lazy-pending\" alt=\"Arte del podcast Entiende tu mente\"><\/figure>\n<p>Este popular <em>podcast<\/em> espa\u00f1ol de psicolog\u00eda propone que entiendas tu mente, para lo cual requieres alrededor de 20 minutos, lo que dura cada entrega semanal. Algunos de sus temas son placer y culpa, encontrar la vocaci\u00f3n, estado de \u00e1nimo y enfermedad, y salir del armario.<\/p>\n<p>A trav\u00e9s de sus mensajes, son los mismos oyentes los que proponen nuevos abordajes a Molo Cebri\u00e1n, <em>podcaster<\/em> y estudiante de psicolog\u00eda, Luis Mui\u00f1o, psic\u00f3logo y uno de los divulgadores m\u00e1s conocidos de la materia en Espa\u00f1a, y M\u00f3nica Gonz\u00e1lez, <em>coach<\/em> y profesora universitaria.<\/p>\n<p><a georiot-ignore=\"1\" href=\"https:\/\/entiendetumente.info\/?xs=1\" rel=\"sponsored noopener\" target=\"_blank\" class=\"m-aff-button h-affiliate-link legacy-affiliate-ce195fb5bfb6185f09b9fd89aded9d7a062e51d1\" data-legacy-affiliate=\"1\" data-legacy-type=\"legacy-button\" data-slot-id=\"3901\" data-legacy-network=\"skimlinks\" click_id_param=\"xcust\">Web<\/a> <a georiot-ignore=\"1\" href=\"https:\/\/open.spotify.com\/show\/0sGGLIDnnijRPLef7InllD?si=AQVN8NbXRAGSVmGKryHO0Q&amp;xs=1\" rel=\"sponsored noopener\" target=\"_blank\" class=\"m-aff-button h-affiliate-link legacy-affiliate-0c60ce2cbe7440492d34e4adcf39db526cdee6db\" data-legacy-affiliate=\"1\" data-legacy-type=\"legacy-button\" data-slot-id=\"4001\" data-legacy-network=\"skimlinks\" click_id_param=\"xcust\">Spotify<\/a><\/p>\n<h3>Radio ambulante (periodismo)<\/h3>\n<p>\u00bfC\u00f3mo llevar el impacto de un buen tema de inter\u00e9s p\u00fablico a la radio? Una respuesta m\u00e1s que oportuna la ofrece <em><strong>Radio Ambulante<\/strong><\/em>, que se define a s\u00ed mismo como \u201cun <em>podcast<\/em> narrativo que cuenta las historias de Latinoam\u00e9rica en espa\u00f1ol\u201d.<\/p>\n<p>Con episodios de distinta duraci\u00f3n, seg\u00fan el relato, este proyecto inici\u00f3 en 2011 y es distribuido por NPR desde 2016, la radio p\u00fablica nacional de Estados Unidos. En su interior colabora un equipo multidisciplinario de varias partes de Am\u00e9rica Latina.<\/p>\n<p><a georiot-ignore=\"1\" href=\"https:\/\/radioambulante.org\/?xs=1\" rel=\"sponsored noopener\" target=\"_blank\" class=\"m-aff-button h-affiliate-link legacy-affiliate-6524eeccd80bee7793440bc5836de84e51cee8e8\" data-legacy-affiliate=\"1\" data-legacy-type=\"legacy-button\" data-slot-id=\"4101\" data-legacy-network=\"skimlinks\" click_id_param=\"xcust\">Web<\/a> <a georiot-ignore=\"1\" href=\"https:\/\/podcasts.google.com\/feed\/aHR0cHM6Ly9mZWVkcy5ucHIub3JnLzUxMDMxNS9wb2RjYXN0LnhtbA?xs=1\" rel=\"sponsored noopener\" target=\"_blank\" class=\"m-aff-button h-affiliate-link legacy-affiliate-ed30321333185f422b318f09f9f4ebedc5d5d665\" data-legacy-affiliate=\"1\" data-legacy-type=\"legacy-button\" data-slot-id=\"4201\" data-legacy-network=\"skimlinks\" click_id_param=\"xcust\">Google Podcasts<\/a> <a georiot-ignore=\"1\" href=\"https:\/\/podcasts.apple.com\/mx\/podcast\/radio-ambulante\/id527614348?xs=1\" rel=\"sponsored noopener\" target=\"_blank\" class=\"m-aff-button h-affiliate-link legacy-affiliate-2a669ff0e71ed4e063619c03e587caa0ad8c35b8\" data-legacy-affiliate=\"1\" data-legacy-type=\"legacy-button\" data-slot-id=\"4301\" data-legacy-network=\"skimlinks\" click_id_param=\"xcust\">Apple Podcasts<\/a><\/p>\n<h3>El Cine de LoQueYoTeDiga (cine)<\/h3>\n<p>Si se habla de continuidad, se tiene que voltear a ver este proyecto espa\u00f1ol sobre cine que ha estado en acci\u00f3n desde hace m\u00e1s de 30 a\u00f1os (inici\u00f3 en 1989 en Cadena SER). De acuerdo con los datos que proporciona, emite el <em>podcast<\/em> oficial desde finales de 2009 en su p\u00e1gina web (y claro, est\u00e1 en las principales plataformas).<\/p>\n<p>Los amantes del s\u00e9ptimo arte encontrar\u00e1n aqu\u00ed desde estrenos cinematogr\u00e1ficos hasta series, en secciones peri\u00f3dicas, reportajes tem\u00e1ticos y debates. Todo en cap\u00edtulos que van de los 15 a los 90 minutos.<\/p>\n<p><a georiot-ignore=\"1\" href=\"https:\/\/www.elcinedeloqueyotediga.net\/podcast?xs=1\" rel=\"sponsored noopener\" target=\"_blank\" class=\"m-aff-button h-affiliate-link legacy-affiliate-08b8ccedcefcca85ee0f9a6c35ae33b279a9b8aa\" data-legacy-affiliate=\"1\" data-legacy-type=\"legacy-button\" data-slot-id=\"4401\" data-legacy-network=\"skimlinks\" click_id_param=\"xcust\">Web<\/a> <a georiot-ignore=\"1\" href=\"https:\/\/podcasts.apple.com\/mx\/podcast\/el-cine-de-loqueyotediga\/id649409632?l=en&amp;xs=1\" rel=\"sponsored noopener\" target=\"_blank\" class=\"m-aff-button h-affiliate-link legacy-affiliate-f1ed34225edacd303ef73779173ea10aa6f64693\" data-legacy-affiliate=\"1\" data-legacy-type=\"legacy-button\" data-slot-id=\"4501\" data-legacy-network=\"skimlinks\" click_id_param=\"xcust\">Apple Podcasts<\/a> <a georiot-ignore=\"1\" href=\"https:\/\/open.spotify.com\/show\/2S1jx9n9C92fQcDPzvoYor?xs=1\" rel=\"sponsored noopener\" target=\"_blank\" class=\"m-aff-button h-affiliate-link legacy-affiliate-fd200c30f4581f99f3ca2942a8d066924dd55bf8\" data-legacy-affiliate=\"1\" data-legacy-type=\"legacy-button\" data-slot-id=\"4601\" data-legacy-network=\"skimlinks\" click_id_param=\"xcust\">Spotify<\/a><\/p>\n<h3>Concha Podcast (feminismo)<\/h3>\n<figure class=\"aligncenter\"><img src=\"http:\/\/cordobadirecto.com\/wp-content\/uploads\/2021\/10\/los-mejores-podcasts-en-espanol-que-puedes-escuchar-ahora-mismo.gif\" data-dt-lazy-src=\"https:\/\/icdn.dtcn.com\/image\/digitaltrends_es\/concha-podcast-720x614.jpg\" onerror=\"dti_load_error(this)\" class=\"size-large wp-image-750776 dt-lazy-load dt-lazy-pending\" alt=\"Creadoras de Concha Podcast\"><\/figure>\n<p>\u201cUn espacio de di\u00e1logo para el feminismo\u201d, as\u00ed es como se define este <em>podcast<\/em> argentino independiente y autogestionado por Laura Passalacqua, Dalia F\u00e9rnandez Walker y Jimena Outeiro, el cual surge a ra\u00edz de las divertidas pl\u00e1ticas semanales que sosten\u00edan las tres amigas.<\/p>\n<p>Con episodios que sobrepasan los 60 minutos, pero no los 120, las creadoras declararon a <a href=\"https:\/\/elpais.com\/elpais\/2020\/06\/11\/dias_de_vino_y_podcasts\/1591875479_410801.html\" target=\"_blank\" rel=\"noopener noreferrer\"><em>El Pa\u00eds<\/em><\/a> que intentaron que el nombre del programa no tuviera el t\u00e9rmino concha: \u201cAhora la palabra concha ya no genera tanta controversia. Se transform\u00f3 en una palabra que nos contiene, nos re\u00fane, que asociamos con el deseo y placer\u201d.<\/p>\n<p><a georiot-ignore=\"1\" href=\"https:\/\/podcasts.google.com\/feed\/aHR0cDovL2ZlZWRzLnNvdW5kY2xvdWQuY29tL3VzZXJzL3NvdW5kY2xvdWQ6dXNlcnM6NTI0NDYwMzY5L3NvdW5kcy5yc3M?sa=X&amp;ved=0CBUQ27cFahcKEwiI14Xg3pXrAhUAAAAAHQAAAAAQFQ&amp;xs=1\" rel=\"sponsored noopener\" target=\"_blank\" class=\"m-aff-button h-affiliate-link legacy-affiliate-6d4ad0bc3075ba27dce335b484a2fc8236659d48\" data-legacy-affiliate=\"1\" data-legacy-type=\"legacy-button\" data-slot-id=\"4701\" data-legacy-network=\"skimlinks\" click_id_param=\"xcust\">Google Podcasts<\/a> <a georiot-ignore=\"1\" href=\"https:\/\/open.spotify.com\/show\/78Ycp2RECumPsuyU19tWve?si=i7VGO-RaTxKn5hQxdyATeQ&amp;xs=1\" rel=\"sponsored noopener\" target=\"_blank\" class=\"m-aff-button h-affiliate-link legacy-affiliate-3e5113314a88d18e251dc98b4b64df76bfdf6ff7\" data-legacy-affiliate=\"1\" data-legacy-type=\"legacy-button\" data-slot-id=\"4801\" data-legacy-network=\"skimlinks\" click_id_param=\"xcust\">Spotify<\/a><\/p>\n<h3>As\u00ed como suena (actualidad)<\/h3>\n<p>Adem\u00e1s de producir el primer producto sonoro en espa\u00f1ol de Netflix, este proyecto mexicano contiene otros <em>podcasts<\/em> interesantes, por eso es que entra en esta lista. De este modo, es posible encontrar historias de personas que ayudan a entender c\u00f3mo se lidia con el encierro y la pandemia, y el divertido programa comandado por los moneros (caricaturistas) Jis y Trino, solo por mencionar dos ejemplos.<\/p>\n<p>\u201cEn <strong>As\u00ed como suena<\/strong>&nbsp;contamos historias: historias de amor y de odio, de crimen, de pol\u00edtica, de corrupci\u00f3n, de vida cotidiana. Hablamos de personas, de personajes. Nuestro equipo de reporteros no se queda en la superficie; cava profundo\u201d, se lee en la descripci\u00f3n de esta iniciativa.<\/p>\n<p><a georiot-ignore=\"1\" href=\"https:\/\/asicomosuena.mx\/?xs=1#\/home\" rel=\"sponsored noopener\" target=\"_blank\" class=\"m-aff-button h-affiliate-link legacy-affiliate-92f471cc55791535be24316bb854f8164a32d0c8\" data-legacy-affiliate=\"1\" data-legacy-type=\"legacy-button\" data-slot-id=\"4901\" data-legacy-network=\"skimlinks\" click_id_param=\"xcust\">Web<\/a> <a georiot-ignore=\"1\" href=\"https:\/\/play.google.com\/store\/apps\/details?id=com.pixzelle.asicomosuena&amp;hl=en&amp;xs=1\" rel=\"sponsored noopener\" target=\"_blank\" class=\"m-aff-button h-affiliate-link legacy-affiliate-de2ef63638d5ada63a064cbd09c540ae854ccac0\" data-legacy-affiliate=\"1\" data-legacy-type=\"legacy-button\" data-slot-id=\"5001\" data-legacy-network=\"skimlinks\" click_id_param=\"xcust\">Android<\/a> <a georiot-ignore=\"1\" href=\"https:\/\/apps.apple.com\/mx\/app\/as%C3%AD-como-suena\/id1160946166?xs=1\" rel=\"sponsored noopener\" target=\"_blank\" class=\"m-aff-button h-affiliate-link legacy-affiliate-3c08e81a1a0f0093459140f274d7e6ecd2e10f76\" data-legacy-affiliate=\"1\" data-legacy-type=\"legacy-button\" data-slot-id=\"5101\" data-legacy-network=\"skimlinks\" click_id_param=\"xcust\">iOS<\/a><\/p>\n<h3>Tom\u00e1s va a morir (humor)<\/h3>\n<figure class=\"aligncenter\"><img src=\"http:\/\/cordobadirecto.com\/wp-content\/uploads\/2021\/10\/los-mejores-podcasts-en-espanol-que-puedes-escuchar-ahora-mismo.gif\" data-dt-lazy-src=\"https:\/\/icdn.dtcn.com\/image\/digitaltrends_es\/tomas-va-a-morir-2-720x399.jpg\" onerror=\"dti_load_error(this)\" class=\"size-large wp-image-750780 dt-lazy-load dt-lazy-pending\" alt=\"Creadores del podcast Tom\u00e1s va a morir\"><\/figure>\n<p>Bajo la premisa de que Tom\u00e1s morir\u00e1 eventualmente, sus amigos Edo y \u201cBuffy\u201d se le unen para hablar de los temas m\u00e1s absurdos con un humor delirante, el cual se encapsula en episodios de alrededor de los 120 minutos.<\/p>\n<p>En enero de 2020 se anunci\u00f3 que Spotify era la \u00fanica plataforma autorizada para escuchar este <em>podcast<\/em> del comediante Edo Caroe y sus amigos Tom\u00e1s Leiva y Alejandro \u201cBuffy\u201d Barros. Fue el primer audible chileno en conseguir un acuerdo de este tipo.<\/p>\n<p><a georiot-ignore=\"1\" href=\"https:\/\/open.spotify.com\/show\/6U02wirujU8zNsDQcbPJhS?si=M2KIwpX3Tcms5Vw6MX9tyQ&amp;xs=1\" rel=\"sponsored noopener\" target=\"_blank\" class=\"m-aff-button h-affiliate-link legacy-affiliate-5d9323be1d6031e978770bce9fa43b7aca098b57\" data-legacy-affiliate=\"1\" data-legacy-type=\"legacy-button\" data-slot-id=\"5201\" data-legacy-network=\"skimlinks\" click_id_param=\"xcust\">Spotify<\/a><\/p>\n<h4 class=\"h-editors-recs-title\"> Recomendaciones del editor\t<\/h4>\n<p> <span id=\"publisher-md\" itemprop=\"publisher\" itemscope itemtype=\"https:\/\/schema.org\/Organization\"> <span itemprop=\"url\" itemtype=\"https:\/\/schema.org\/Url\" content=\"https:\/\/es.digitaltrends.com\"> <span itemprop=\"logo\" itemscope itemtype=\"https:\/\/schema.org\/ImageObject\"> <meta itemprop=\"url\" content=\"https:\/\/cdn.dtcn.com\/dt\/dt-logo-small.png\"> <meta itemprop=\"width\" content=\"0\"> <meta itemprop=\"height\" content=\"0\"> <\/span> <meta itemprop=\"name\" content=\"Digital Trends Espa\u00f1ol\"> <\/span> <span itemprop=\"image\" itemscope itemtype=\"https:\/\/schema.org\/ImageObject\"> <meta itemprop=\"url\" content=\"https:\/\/icdn.dtcn.com\/image\/digitaltrends_es\/mejores-audifonos-con-cancelacion-de-ruido-2.jpg\"> <\/span> <\/span><\/p>\n","protected":false},"excerpt":{"rendered":"<p>Un toque de actualidad y entretenimiento, as\u00ed podr\u00eda ser una definici\u00f3n (muy) libre de aquellas producciones sonoras con una periodicidad establecida. Es el caso de los mejores podcasts en espa\u00f1ol, que abordan temas como maternidad, cultura pop, periodismo, comedia, actualidad, ensayos, estilo de vida, psicolog\u00eda y feminismo. Son historias de los m\u00e1s distintos g\u00e9neros y [&hellip;]<\/p>\n","protected":false},"author":1,"featured_media":24475,"comment_status":"closed","ping_status":"closed","sticky":false,"template":"","format":"standard","meta":[],"categories":[18],"tags":[],"_links":{"self":[{"href":"http:\/\/cordobadirecto.com\/index.php\/wp-json\/wp\/v2\/posts\/24474"}],"collection":[{"href":"http:\/\/cordobadirecto.com\/index.php\/wp-json\/wp\/v2\/posts"}],"about":[{"href":"http:\/\/cordobadirecto.com\/index.php\/wp-json\/wp\/v2\/types\/post"}],"author":[{"embeddable":true,"href":"http:\/\/cordobadirecto.com\/index.php\/wp-json\/wp\/v2\/users\/1"}],"replies":[{"embeddable":true,"href":"http:\/\/cordobadirecto.com\/index.php\/wp-json\/wp\/v2\/comments?post=24474"}],"version-history":[{"count":0,"href":"http:\/\/cordobadirecto.com\/index.php\/wp-json\/wp\/v2\/posts\/24474\/revisions"}],"wp:featuredmedia":[{"embeddable":true,"href":"http:\/\/cordobadirecto.com\/index.php\/wp-json\/wp\/v2\/media\/24475"}],"wp:attachment":[{"href":"http:\/\/cordobadirecto.com\/index.php\/wp-json\/wp\/v2\/media?parent=24474"}],"wp:term":[{"taxonomy":"category","embeddable":true,"href":"http:\/\/cordobadirecto.com\/index.php\/wp-json\/wp\/v2\/categories?post=24474"},{"taxonomy":"post_tag","embeddable":true,"href":"http:\/\/cordobadirecto.com\/index.php\/wp-json\/wp\/v2\/tags?post=24474"}],"curies":[{"name":"wp","href":"https:\/\/api.w.org\/{rel}","templated":true}]}}