{"id":24621,"date":"2021-10-22T21:13:24","date_gmt":"2021-10-22T21:13:24","guid":{"rendered":"https:\/\/cordoba.gob.ar\/?p=15098"},"modified":"2021-10-22T21:13:24","modified_gmt":"2021-10-22T21:13:24","slug":"barrio-el-quebracho-tendra-un-nuevo-bulevar-de-ingreso-y-recuperara-sus-espacios-verdes","status":"publish","type":"post","link":"http:\/\/cordobadirecto.com\/index.php\/2021\/10\/22\/barrio-el-quebracho-tendra-un-nuevo-bulevar-de-ingreso-y-recuperara-sus-espacios-verdes\/","title":{"rendered":"Barrio El Quebracho tendr\u00e1 un nuevo bulevar de ingreso y recuperar\u00e1 sus espacios verdes"},"content":{"rendered":"<div><img src=\"http:\/\/cordobadirecto.com\/wp-content\/uploads\/2021\/10\/barrio-el-quebracho-tendra-un-nuevo-bulevar-de-ingreso-y-recuperara-sus-espacios-verdes.jpg\" class=\"ff-og-image-inserted\"><\/div>\n<ul>\n<li><strong>El intendente Mart\u00edn Llaryora visit\u00f3 el barrio ubicado en el sureste de la ciudad, donde se revalorizar\u00e1 el bulevar de ingreso y la plaza principal.<\/strong><\/li>\n<li><strong>La inversi\u00f3n alcanza los 90 millones de pesos.<\/strong><\/li>\n<\/ul>\n<hr>\n<p>La Municipalidad de C\u00f3rdoba ejecutar\u00e1 la obra de remodelaci\u00f3n integral de la plaza de barrio El Quebracho, con nuevos juegos infantiles de vanguardia e inclusivos.<\/p>\n<p>La explanada de ingreso contar\u00e1 con un espacio amplio para poder llevar a cabo reuniones c\u00edvicas y actividades de artes esc\u00e9nicas. Ser\u00e1 un lugar de encuentro y contar\u00e1 de fondo con la presencia del nuevo puente ic\u00f3nico.<\/p>\n<p>Bajo el puente el portal de acceso a la plaza se ubicar\u00e1 un espacio l\u00fadico con ca\u00f1os y tubos de color, que tambi\u00e9n ser\u00e1 una zona de descanso a la sombra que contar\u00e1 con una superficie blanda con solado de caucho.<\/p>\n<p>La Plaza tambi\u00e9n contar\u00e1 con un paseo interior, conformado por un circuito de paseo y ocio entre \u00e1rboles, mont\u00edculos de c\u00e9sped, zonas de juego y ejercicio con un nuevo trazado org\u00e1nico de caminos de hormig\u00f3n.<\/p>\n<p>Habr\u00e1 un mirador o terraza natural con trazado de nuevos caminos de hormig\u00f3n y un puente del mismo material que sirve de mirador y palco hacia la explanada de ingreso.<\/p>\n<p>Las tareas ser\u00e1n ejecutadas a trav\u00e9s del ente C\u00f3rdoba Obras y Servicios (COyS), la Secretar\u00eda de Gobierno y la Subsecretar\u00eda de Infraestructura.<\/p>\n<p>El intendente Mart\u00edn Llaryora present\u00f3 el plan de acci\u00f3n a vecinas y vecinos e instituciones de la zona, quienes participaron activamente en la generaci\u00f3n del proyecto a trav\u00e9s de la participaci\u00f3n ciudadana. La reuni\u00f3n cont\u00f3 con la presencia, adem\u00e1s, del secretario de Gobierno, Miguel Siciliano, la presidenta del COyS, Victoria Flores, y el subdirector de Infraestructura, Juan Jos\u00e9 Tuninetti.<\/p>\n<p>Las obras tendr\u00e1n una inversi\u00f3n de m\u00e1s de 90 millones de pesos, y su objetivo ser\u00e1 estructurar los espacios p\u00fablicos, sumar una oferta de actividades que puedan realizarse y generar nuevas \u00e1reas de permanencia.<\/p>\n<p>OBRAS EN EL BULEVAR<\/p>\n<p>En cuanto a la puesta en valor y refuncionalizaci\u00f3n del bulevar, se prev\u00e9 transformar el corredor vial en un lugar para las personas, por lo que se estructurar\u00e1 el recorrido con un sistema de caminos y explanadas que garantizar\u00e1n la accesibilidad de las personas y vincular\u00e1n las zonas.<\/p>\n<p>Se instalar\u00e1n equipamientos e infraestructura entre los que se contar\u00e1n calistenia, juegos de piso y pista de obst\u00e1culos, entre otros. Adem\u00e1s, se generar\u00e1n \u00e1reas de permanencia y de uso por actividad y edades para que funcionen en simult\u00e1neo.<\/p>\n<p>El bulevar se dividir\u00e1 en 3 m\u00f3dulos: l\u00fadico, pic-nic y ejercicio.<\/p>\n<p>El l\u00fadico incluir\u00e1 una esquina inclusiva, pista de obst\u00e1culos, arbustos perimetrales, juegos de piso, mont\u00edculos de c\u00e9sped, vereda inclusiva, farolas LED, nuevo solado de hormig\u00f3n y juegos musicales.<\/p>\n<p>Tambi\u00e9n estar\u00e1 el m\u00f3dulo pic-nic, con bancos y granzas, mesas materas, arbustos perimetrales. Aqu\u00ed se ubicar\u00e1 un anfiteatro con nueva cubierta en escenario y gradas, a la vez que se har\u00e1n modificaciones con rampas para garantizar accesibilidad.<\/p>\n<p>El m\u00f3dulo ejercicio estar\u00e1 compuesto por una posta saludable, una vereda inclusiva, el play\u00f3n de ejercicio, juego integrador, arbustos perimetrales y farolas LED. Se sumar\u00e1 un trazado de caminos de hormig\u00f3n, skatepark y equipamientos para ejercitaci\u00f3n f\u00edsica y calistenia.<\/p>\n","protected":false},"excerpt":{"rendered":"<p>El intendente Mart\u00edn Llaryora visit\u00f3 el barrio ubicado en el sureste de la ciudad, donde se revalorizar\u00e1 el bulevar de ingreso y la plaza principal. La inversi\u00f3n alcanza los 90 millones de pesos. La Municipalidad de C\u00f3rdoba ejecutar\u00e1 la obra de remodelaci\u00f3n integral de la plaza de barrio El Quebracho, con nuevos juegos infantiles de [&hellip;]<\/p>\n","protected":false},"author":1,"featured_media":24622,"comment_status":"closed","ping_status":"closed","sticky":false,"template":"","format":"standard","meta":[],"categories":[44],"tags":[],"_links":{"self":[{"href":"http:\/\/cordobadirecto.com\/index.php\/wp-json\/wp\/v2\/posts\/24621"}],"collection":[{"href":"http:\/\/cordobadirecto.com\/index.php\/wp-json\/wp\/v2\/posts"}],"about":[{"href":"http:\/\/cordobadirecto.com\/index.php\/wp-json\/wp\/v2\/types\/post"}],"author":[{"embeddable":true,"href":"http:\/\/cordobadirecto.com\/index.php\/wp-json\/wp\/v2\/users\/1"}],"replies":[{"embeddable":true,"href":"http:\/\/cordobadirecto.com\/index.php\/wp-json\/wp\/v2\/comments?post=24621"}],"version-history":[{"count":0,"href":"http:\/\/cordobadirecto.com\/index.php\/wp-json\/wp\/v2\/posts\/24621\/revisions"}],"wp:featuredmedia":[{"embeddable":true,"href":"http:\/\/cordobadirecto.com\/index.php\/wp-json\/wp\/v2\/media\/24622"}],"wp:attachment":[{"href":"http:\/\/cordobadirecto.com\/index.php\/wp-json\/wp\/v2\/media?parent=24621"}],"wp:term":[{"taxonomy":"category","embeddable":true,"href":"http:\/\/cordobadirecto.com\/index.php\/wp-json\/wp\/v2\/categories?post=24621"},{"taxonomy":"post_tag","embeddable":true,"href":"http:\/\/cordobadirecto.com\/index.php\/wp-json\/wp\/v2\/tags?post=24621"}],"curies":[{"name":"wp","href":"https:\/\/api.w.org\/{rel}","templated":true}]}}