{"id":24834,"date":"2021-10-24T23:27:06","date_gmt":"2021-10-24T23:27:06","guid":{"rendered":"https:\/\/www.bbc.com\/mundo\/noticias-america-latina-59032811"},"modified":"2021-10-24T23:27:06","modified_gmt":"2021-10-24T23:27:06","slug":"otoniel-despues-de-su-captura-en-colombia-sera-extraditado-a-estados-unidos","status":"publish","type":"post","link":"http:\/\/cordobadirecto.com\/index.php\/2021\/10\/24\/otoniel-despues-de-su-captura-en-colombia-sera-extraditado-a-estados-unidos\/","title":{"rendered":"Otoniel: despu\u00e9s de su captura en Colombia ser\u00e1 extraditado a Estados Unidos"},"content":{"rendered":"<div dir=\"ltr\" class=\"e1j2237y5 bbc-q4ibpr e57qer20\">\n<div class=\"bbc-1atl7vu e1c9i7u14\">\n<ul role=\"list\" class=\"bbc-k0l9bd e1c9i7u12\">\n<li role=\"listitem\" class=\"bbc-1a3w4ok e1c9i7u11\">Redacci\u00f3n <\/li>\n<li role=\"listitem\" class=\"bbc-1p92jtu e1c9i7u10\">BBC News Mundo<\/li>\n<\/ul>\n<\/div>\n<\/div>\n<p><time datetime=\"2021-10-24\" class=\"bbc-14xtggo e4zesg50\">5 horas<\/time><\/p>\n<div dir=\"ltr\" class=\"bbc-1ka88fa e57qer20\">\n<figure class=\"bbc-1qdcvv9 e6bmn90\">\n<div dir=\"ltr\" class=\"bbc-172p16q e57qer20\">\n<div dir=\"ltr\" class=\"bbc-189y18v e57qer20\" readability=\"6.5\">\n<div data-e2e=\"image-placeholder\" class=\"bbc-997y1y e1whu0\" readability=\"8\"><img loading=\"lazy\" srcset=\"http:\/\/cordobadirecto.com\/wp-content\/uploads\/2021\/10\/otoniel-despues-de-su-captura-en-colombia-sera-extraditado-a-estados-unidos-6.jpg 240w, http:\/\/cordobadirecto.com\/wp-content\/uploads\/2021\/10\/otoniel-despues-de-su-captura-en-colombia-sera-extraditado-a-estados-unidos-7.jpg 320w, http:\/\/cordobadirecto.com\/wp-content\/uploads\/2021\/10\/otoniel-despues-de-su-captura-en-colombia-sera-extraditado-a-estados-unidos-8.jpg 480w, http:\/\/cordobadirecto.com\/wp-content\/uploads\/2021\/10\/otoniel-despues-de-su-captura-en-colombia-sera-extraditado-a-estados-unidos-9.jpg 624w, http:\/\/cordobadirecto.com\/wp-content\/uploads\/2021\/10\/otoniel-despues-de-su-captura-en-colombia-sera-extraditado-a-estados-unidos-10.jpg 800w\" alt=\"&quot;Otoniel&quot; tras su captura\" src=\"http:\/\/cordobadirecto.com\/wp-content\/uploads\/2021\/10\/otoniel-despues-de-su-captura-en-colombia-sera-extraditado-a-estados-unidos.jpg\" sizes=\"(min-width: 1008px) 645px, 100vw\" width=\"976\" height=\"549\" class=\"eehpdyc0 bbc-100dhyn e1enwo3v0\"><\/p>\n<p role=\"text\" class=\"bbc-1s1cxbv etq3yw90\"><span class=\"bbc-1gnhmg2 e1yt7oin0\">Fuente de la imagen, <\/span><span lang=\"en-GB\">Colombian Police\/Handout via REUTERS<\/span><\/p>\n<\/div>\n<\/div>\n<div dir=\"ltr\" class=\"bbc-3edg7g e57qer20\" readability=\"7\"><figcaption dir=\"ltr\" class=\"bbc-1t9zlwf eede9f50\" readability=\"4\"><span class=\"bbc-1gnhmg2 e1yt7oin0\">Pie de foto, <\/span><\/p>\n<p>Dairo Antonio \u00dasuga, m\u00e1s conocido como &#8220;Otoniel&#8221;, lider\u00f3 la mayor banda criminal de Colombia<\/p>\n<\/figcaption><\/div>\n<\/div>\n<\/figure>\n<\/div>\n<div dir=\"ltr\" class=\"bbc-19j92fr e57qer20\" readability=\"10\">\n<p dir=\"ltr\" class=\"bbc-bm53ic e1cc2ql70\"><b>El gobierno de Colombia anunci\u00f3 que Otoniel, el narcotraficante m\u00e1s buscado del pa\u00eds, ser\u00e1 extraditado a Estados Unidos tras su captura el s\u00e1bado.<\/b><\/p>\n<\/div>\n<div dir=\"ltr\" class=\"bbc-19j92fr e57qer20\" readability=\"11\">\n<p dir=\"ltr\" class=\"bbc-bm53ic e1cc2ql70\">Dairo Antonio \u00dasuga, conocido con el alias de &#8220;Otoniel&#8221;, fue capturado durante una acci\u00f3n conjunta del Ej\u00e9rcito, la Fuerza A\u00e9rea y la Polic\u00eda de Colombia denominada &#8220;operaci\u00f3n Osiris&#8221;.<\/p>\n<\/div>\n<div dir=\"ltr\" class=\"bbc-19j92fr e57qer20\" readability=\"12\">\n<p dir=\"ltr\" class=\"bbc-bm53ic e1cc2ql70\">El jefe m\u00e1ximo del llamado Clan del Golfo, la mayor banda criminal del pa\u00eds, llevaba a\u00f1os en la lista de los m\u00e1s buscados de la Administraci\u00f3n para el Control de Drogas (DEA, por sus siglas en ingl\u00e9s).<\/p>\n<\/div>\n<div dir=\"ltr\" class=\"bbc-19j92fr e57qer20\" readability=\"8\">\n<p dir=\"ltr\" class=\"bbc-bm53ic e1cc2ql70\">Las autoridades norteamericanas hab\u00edan ofrecido una recompensa de <b>US$<\/b><b>5 millones<\/b> por informaci\u00f3n que condujera a su captura.<\/p>\n<\/div>\n<div dir=\"ltr\" class=\"bbc-19j92fr e57qer20\" readability=\"8\">\n<p dir=\"ltr\" class=\"bbc-bm53ic e1cc2ql70\">Otoniel es acusado por las autoridades estadounidenses de importar al menos <b>73 toneladas m\u00e9tricas de coca\u00edna<\/b> entre 2003 y 2014.<\/p>\n<\/div>\n<div dir=\"ltr\" class=\"bbc-19j92fr e57qer20\" readability=\"11\">\n<p dir=\"ltr\" class=\"bbc-bm53ic e1cc2ql70\">El ministro de Defensa de Colombia, Diego Molano, confirm\u00f3 al diario El Tiempo que tras la captura, el siguiente paso es <b>cumplir la orden de extradici\u00f3n de Estados Unidos<\/b>.<\/p>\n<\/div>\n<div dir=\"ltr\" class=\"bbc-19j92fr e57qer20\" readability=\"11\">\n<p dir=\"ltr\" class=\"bbc-bm53ic e1cc2ql70\">De acuerdo con el diario local El Nuevo Siglo, Otoniel fue trasladado a una base militar en Bogot\u00e1, la capital colombiana, desde donde se gestionar\u00e1 en env\u00edo al pa\u00eds norteamericano.<\/p>\n<\/div>\n<div dir=\"ltr\" class=\"bbc-19j92fr e57qer20\" readability=\"13\">\n<p dir=\"ltr\" class=\"bbc-bm53ic e1cc2ql70\">El s\u00e1bado, poco despu\u00e9s de la captura, el presidente colombiano, Iv\u00e1n Duque, afirm\u00f3 en un mensaje televisado que se trata del &#8220;golpe m\u00e1s duro que se le ha propinado al narcotr\u00e1fico en este siglo&#8221; en el pa\u00eds.<\/p>\n<\/div>\n<div dir=\"ltr\" class=\"bbc-19j92fr e57qer20\" readability=\"11\">\n<p dir=\"ltr\" class=\"bbc-bm53ic e1cc2ql70\">&#8220;Este golpe s\u00f3lo es comparable con la ca\u00edda de <b>Pablo Escobar<\/b> en los a\u00f1os 90&#8243;, afirm\u00f3 el mandatario, quien el domingo viaj\u00f3 al lugar y ofreci\u00f3 desde all\u00ed a las tropas un reconocimiento por su labor.<\/p>\n<\/div>\n<p><h2 id=\"C\u00f3mo-fue-capturado\" tabindex=\"-1\" class=\"bbc-l3e97o e14hemmw0\">\u00bfC\u00f3mo fue capturado?<\/h2>\n<\/p>\n<div dir=\"ltr\" class=\"bbc-19j92fr e57qer20\" readability=\"10\">\n<p dir=\"ltr\" class=\"bbc-bm53ic e1cc2ql70\">Otoniel fue ubicado en zona rural del departamento de Antioquia, en el <b>noroeste de Colombia<\/b>, cerca de la frontera con Panam\u00e1.<\/p>\n<\/div>\n<div dir=\"ltr\" class=\"bbc-19j92fr e57qer20\" readability=\"10\">\n<p dir=\"ltr\" class=\"bbc-bm53ic e1cc2ql70\">En la operaci\u00f3n, en la que participaron <b>500 soldados apoyados por 22 helic\u00f3pteros<\/b>, muri\u00f3 un polic\u00eda.<\/p>\n<\/div>\n<div dir=\"ltr\" class=\"bbc-19j92fr e57qer20\" readability=\"9\">\n<p dir=\"ltr\" class=\"bbc-bm53ic e1cc2ql70\">Para desplazarse y eludir a las autoridades, Otoniel se mov\u00eda entre escondites rurales y no utilizaba tel\u00e9fono. Para comunicarse recurr\u00eda a mensajeros.<\/p>\n<\/div>\n<div dir=\"ltr\" class=\"bbc-19j92fr e57qer20\" readability=\"10\">\n<p dir=\"ltr\" class=\"bbc-bm53ic e1cc2ql70\">Cuando le segu\u00edan la pista, las autoridades encontraron en los escondites una serie de colchones ortop\u00e9dicos especiales debido a que el narcotraficante sufre de dolores de espalda por una hernia discal.<\/p>\n<\/div>\n<div dir=\"ltr\" class=\"bbc-1ka88fa e57qer20\">\n<figure class=\"bbc-1qdcvv9 e6bmn90\">\n<div dir=\"ltr\" class=\"bbc-172p16q e57qer20\">\n<div dir=\"ltr\" class=\"bbc-189y18v e57qer20\" readability=\"6.5\">\n<div data-e2e=\"image-placeholder\" class=\"bbc-997y1y e1whu0\" readability=\"8\"><noscript><img loading=\"lazy\" srcset=\"http:\/\/cordobadirecto.com\/wp-content\/uploads\/2021\/10\/otoniel-despues-de-su-captura-en-colombia-sera-extraditado-a-estados-unidos-11.jpg 240w, http:\/\/cordobadirecto.com\/wp-content\/uploads\/2021\/10\/otoniel-despues-de-su-captura-en-colombia-sera-extraditado-a-estados-unidos-12.jpg 320w, http:\/\/cordobadirecto.com\/wp-content\/uploads\/2021\/10\/otoniel-despues-de-su-captura-en-colombia-sera-extraditado-a-estados-unidos-13.jpg 480w, http:\/\/cordobadirecto.com\/wp-content\/uploads\/2021\/10\/otoniel-despues-de-su-captura-en-colombia-sera-extraditado-a-estados-unidos-14.jpg 624w, http:\/\/cordobadirecto.com\/wp-content\/uploads\/2021\/10\/otoniel-despues-de-su-captura-en-colombia-sera-extraditado-a-estados-unidos-15.jpg 800w\" alt=\"Soldados colombianos armados muestran al narcotraficante Dairo Antonio \u00dasuga, conocido como Otoniel (centro), esposado. Foto: 23 de octubre de 2021\" src=\"http:\/\/cordobadirecto.com\/wp-content\/uploads\/2021\/10\/otoniel-despues-de-su-captura-en-colombia-sera-extraditado-a-estados-unidos-1.jpg\" sizes=\"(min-width: 1008px) 645px, 100vw\" width=\"976\" height=\"549\" class=\"eehpdyc0 bbc-100dhyn e1enwo3v0\"><\/noscript><\/p>\n<p role=\"text\" class=\"bbc-1s1cxbv etq3yw90\"><span class=\"bbc-1gnhmg2 e1yt7oin0\">Fuente de la imagen, <\/span><span lang=\"en-GB\">Reuters<\/span><\/p>\n<\/div>\n<\/div>\n<div dir=\"ltr\" class=\"bbc-3edg7g e57qer20\" readability=\"6\"><figcaption dir=\"ltr\" class=\"bbc-1t9zlwf eede9f50\" readability=\"2\"><span class=\"bbc-1gnhmg2 e1yt7oin0\">Pie de foto, <\/span><\/p>\n<p>El ej\u00e9rcito difundi\u00f3 una foto en la que soldados custodian a Dairo Antonio \u00dasuga esposado<\/p>\n<\/figcaption><\/div>\n<\/div>\n<\/figure>\n<\/div>\n<div dir=\"ltr\" class=\"bbc-19j92fr e57qer20\" readability=\"10\">\n<p dir=\"ltr\" class=\"bbc-bm53ic e1cc2ql70\">El comandante de la Polic\u00eda, Jorge Vargas, afirm\u00f3 que el narcotraficante tem\u00eda ser capturado y por eso &#8220;nunca se acercaba a zonas habitadas&#8221;. <\/p>\n<\/div>\n<div dir=\"ltr\" class=\"bbc-19j92fr e57qer20\" readability=\"9\">\n<p dir=\"ltr\" class=\"bbc-bm53ic e1cc2ql70\">Sin embargo, hace dos semanas las autoridades lograron ubicar el lugar donde finalmente fue capturado.<\/p>\n<\/div>\n<div dir=\"ltr\" class=\"bbc-19j92fr e57qer20\" readability=\"11\">\n<p dir=\"ltr\" class=\"bbc-bm53ic e1cc2ql70\">Vargas dijo que los movimientos del capo, que ten\u00eda <b>128 \u00f3rdenes de captura<\/b> en Colombia, fueron rastreados por m\u00e1s de <b>50 expertos en inteligencia <\/b>de se\u00f1ales a trav\u00e9s de im\u00e1genes satelitales. Las agencias estadounidenses y brit\u00e1nicas participaron en la b\u00fasqueda.<\/p>\n<\/div>\n<div dir=\"ltr\" class=\"e46rrwz0 bbc-1bh6w8m e57qer20\">\n<figure class=\"bbc-1qdcvv9 e6bmn90\" readability=\"1\">\n<div data-e2e=\"media-player\" class=\"bbc-rl27ak e15ilq0t1\"><noscript readability=\"2\"><\/p>\n<div class=\"bbc-1b4920d e2pb29i2\" readability=\"9\"><img srcset=\"http:\/\/cordobadirecto.com\/wp-content\/uploads\/2021\/10\/otoniel-despues-de-su-captura-en-colombia-sera-extraditado-a-estados-unidos-2.jpg 240w, http:\/\/cordobadirecto.com\/wp-content\/uploads\/2021\/10\/otoniel-despues-de-su-captura-en-colombia-sera-extraditado-a-estados-unidos-2.jpg 320w, http:\/\/cordobadirecto.com\/wp-content\/uploads\/2021\/10\/otoniel-despues-de-su-captura-en-colombia-sera-extraditado-a-estados-unidos-2.jpg 480w, http:\/\/cordobadirecto.com\/wp-content\/uploads\/2021\/10\/otoniel-despues-de-su-captura-en-colombia-sera-extraditado-a-estados-unidos-2.jpg 624w, http:\/\/cordobadirecto.com\/wp-content\/uploads\/2021\/10\/otoniel-despues-de-su-captura-en-colombia-sera-extraditado-a-estados-unidos-2.jpg 800w\" alt src=\"http:\/\/cordobadirecto.com\/wp-content\/uploads\/2021\/10\/otoniel-despues-de-su-captura-en-colombia-sera-extraditado-a-estados-unidos-2.jpg\" aria-hidden=\"true\" class=\"bbc-yfiktt e1enwo3v0\"><\/p>\n<p><strong class=\"bbc-1k5stce e2pb29i0\">Para ver este contenido, favor activar JavaScript, o intentar con otro navegador<\/strong><\/p>\n<\/div>\n<p><\/noscript><\/div><figcaption dir=\"ltr\" class=\"bbc-1t9zlwf eede9f50\" readability=\"2\"><span class=\"bbc-1gnhmg2 e1yt7oin0\">T\u00edtulo del video, <\/span><\/p>\n<p>Dairo Antonio \u00dasuga fue conducido esposado tras la captura<\/p>\n<\/figcaption><\/figure>\n<\/div>\n<div dir=\"ltr\" class=\"bbc-19j92fr e57qer20\" readability=\"10\">\n<p dir=\"ltr\" class=\"bbc-bm53ic e1cc2ql70\">En los \u00faltimos a\u00f1os, se hab\u00edan realizado varias operaciones de gran envergadura con la participaci\u00f3n de miles de agentes para capturar a Otoniel, de 50 a\u00f1os.<\/p>\n<\/div>\n<div dir=\"ltr\" class=\"bbc-1ka88fa e57qer20\">\n<figure class=\"bbc-1qdcvv9 e6bmn90\">\n<div dir=\"ltr\" class=\"bbc-172p16q e57qer20\">\n<div dir=\"ltr\" class=\"bbc-189y18v e57qer20\">\n<div data-e2e=\"image-placeholder\" class=\"bbc-997y1y e1whu0\"><noscript><img loading=\"lazy\" srcset=\"http:\/\/cordobadirecto.com\/wp-content\/uploads\/2021\/10\/otoniel-despues-de-su-captura-en-colombia-sera-extraditado-a-estados-unidos-16.jpg 240w, http:\/\/cordobadirecto.com\/wp-content\/uploads\/2021\/10\/otoniel-despues-de-su-captura-en-colombia-sera-extraditado-a-estados-unidos-17.jpg 320w, http:\/\/cordobadirecto.com\/wp-content\/uploads\/2021\/10\/otoniel-despues-de-su-captura-en-colombia-sera-extraditado-a-estados-unidos-18.jpg 464w\" alt=\"L\u00ednea\" src=\"http:\/\/cordobadirecto.com\/wp-content\/uploads\/2021\/10\/otoniel-despues-de-su-captura-en-colombia-sera-extraditado-a-estados-unidos-3.jpg\" sizes=\"(min-width: 1008px) 645px, 100vw\" width=\"464\" height=\"2\" class=\"eehpdyc0 bbc-100dhyn e1enwo3v0\"><\/noscript><\/div>\n<\/div>\n<\/div>\n<\/figure>\n<\/div>\n<p><h2 id=\"An\u00e1lisis-de-Katy-Watson-corresponsal-en-Sudam\u00e9rica\" tabindex=\"-1\" class=\"bbc-l3e97o e14hemmw0\">An\u00e1lisis de Katy Watson, corresponsal en Sudam\u00e9rica<\/h2>\n<\/p>\n<div dir=\"ltr\" class=\"bbc-19j92fr e57qer20\" readability=\"11\">\n<p dir=\"ltr\" class=\"bbc-bm53ic e1cc2ql70\">No cabe duda de que las autoridades colombianas lo consideran un <b>gran golpe<\/b> pues llevan varios a\u00f1os intentando capturar a Otoniel, l\u00edder del Clan del Golfo, una organizaci\u00f3n violenta con mucho poder.<\/p>\n<\/div>\n<div dir=\"ltr\" class=\"bbc-19j92fr e57qer20\" readability=\"10\">\n<p dir=\"ltr\" class=\"bbc-bm53ic e1cc2ql70\">Por esa raz\u00f3n, las comparaciones con Pablo Escobar resultan comprensibles. Otoniel es un nombre conocido y enormemente poderoso, especialmente en el noroeste del pa\u00eds.<\/p>\n<\/div>\n<div dir=\"ltr\" class=\"bbc-19j92fr e57qer20\" readability=\"14\">\n<p dir=\"ltr\" class=\"bbc-bm53ic e1cc2ql70\"><b>&#8220;En Sudam\u00e9rica, no hay un traficante de coca\u00edna m\u00e1s grande&#8221;<\/b>, dijo Toby Muse, autor de &#8220;Kilo: Inside the Cocaine Cartels&#8221;. &#8220;Estamos viviendo la edad de oro de la coca\u00edna, hay m\u00e1s producci\u00f3n de coca\u00edna que nunca, eso es un hecho&#8221;.<\/p>\n<\/div>\n<div dir=\"ltr\" class=\"bbc-19j92fr e57qer20\" readability=\"12\">\n<p dir=\"ltr\" class=\"bbc-bm53ic e1cc2ql70\">Pero los paralelismos quiz\u00e1 se detengan ah\u00ed, pues Otoniel no es tan conocido fuera de Colombia, donde, para muchos, en la \u00e9poca de mayor poder de Pablo Escobar fue un tiempo m\u00e1s aterrador.<\/p>\n<\/div>\n<div dir=\"ltr\" class=\"bbc-19j92fr e57qer20\" readability=\"12\">\n<p dir=\"ltr\" class=\"bbc-bm53ic e1cc2ql70\">La pregunta es si la captura de Otoniel afectar\u00e1 al comercio de la droga il\u00edcita. Es dif\u00edcil saberlo ahora. Habr\u00e1 que ver lo que ocurre en los pr\u00f3ximos meses, pero la mayor\u00eda de los expertos parecen pensar que mientras la demanda de coca\u00edna siga siendo fuerte, <b>es probable que haya nuevos &#8220;capos&#8221;<\/b> que lleguen a la cima para sustituirlo.<\/p>\n<\/div>\n<div dir=\"ltr\" class=\"bbc-1ka88fa e57qer20\">\n<figure class=\"bbc-1qdcvv9 e6bmn90\">\n<div dir=\"ltr\" class=\"bbc-172p16q e57qer20\">\n<div dir=\"ltr\" class=\"bbc-189y18v e57qer20\" readability=\"6.5\">\n<div data-e2e=\"image-placeholder\" class=\"bbc-997y1y e1whu0\" readability=\"8\"><noscript><img loading=\"lazy\" srcset=\"http:\/\/cordobadirecto.com\/wp-content\/uploads\/2021\/10\/otoniel-despues-de-su-captura-en-colombia-sera-extraditado-a-estados-unidos-19.jpg 240w, http:\/\/cordobadirecto.com\/wp-content\/uploads\/2021\/10\/otoniel-despues-de-su-captura-en-colombia-sera-extraditado-a-estados-unidos-20.jpg 320w, http:\/\/cordobadirecto.com\/wp-content\/uploads\/2021\/10\/otoniel-despues-de-su-captura-en-colombia-sera-extraditado-a-estados-unidos-21.jpg 480w, http:\/\/cordobadirecto.com\/wp-content\/uploads\/2021\/10\/otoniel-despues-de-su-captura-en-colombia-sera-extraditado-a-estados-unidos-22.jpg 624w, http:\/\/cordobadirecto.com\/wp-content\/uploads\/2021\/10\/otoniel-despues-de-su-captura-en-colombia-sera-extraditado-a-estados-unidos-23.jpg 800w\" alt=\"El narcotraficante colombiano &quot;Otoniel&quot; es fotografiado tras su captura\" src=\"http:\/\/cordobadirecto.com\/wp-content\/uploads\/2021\/10\/otoniel-despues-de-su-captura-en-colombia-sera-extraditado-a-estados-unidos-4.jpg\" sizes=\"(min-width: 1008px) 645px, 100vw\" width=\"976\" height=\"549\" class=\"eehpdyc0 bbc-100dhyn e1enwo3v0\"><\/noscript><\/p>\n<p role=\"text\" class=\"bbc-1s1cxbv etq3yw90\"><span class=\"bbc-1gnhmg2 e1yt7oin0\">Fuente de la imagen, <\/span><span lang=\"en-GB\">EPA\/National Police of Colombia<\/span><\/p>\n<\/div>\n<\/div>\n<\/div>\n<\/figure>\n<\/div>\n<p><h2 id=\"Qui\u00e9n-es-Otoniel\" tabindex=\"-1\" class=\"bbc-l3e97o e14hemmw0\">\u00bfQui\u00e9n es Otoniel?<\/h2>\n<\/p>\n<div dir=\"ltr\" class=\"bbc-19j92fr e57qer20\" readability=\"14\">\n<p dir=\"ltr\" class=\"bbc-bm53ic e1cc2ql70\">\u00dasuga naci\u00f3 en Antioquia a principios de la d\u00e9cada de 1970. Pas\u00f3 por varios grupos guerrilleros y paramilitares, como las desmovilizadas Fuerzas Armadas Revolucionarias de Colombia (FARC), el principal grupo rebelde marxista-leninista, y las Autodefensas Unidas de Colombia (AUC), una banda paramilitar de extrema derecha y de narcotraficantes.<\/p>\n<\/div>\n<div dir=\"ltr\" class=\"bbc-19j92fr e57qer20\" readability=\"12\">\n<p dir=\"ltr\" class=\"bbc-bm53ic e1cc2ql70\">Cuando las AUC se disolvieron en 2005, &#8220;Otoniel&#8221; empez\u00f3 a trabajar para el narcotraficante <b>Daniel Rend\u00f3n Herrera, conocido como <\/b><b>&#8220;<\/b><b>Don Mario<\/b><b>&#8220;<\/b> que era jefe de los Urabe\u00f1os, banda que m\u00e1s tarde se conoci\u00f3 como el Clan del Golfo&#8221;.<\/p>\n<\/div>\n<div dir=\"ltr\" class=\"bbc-19j92fr e57qer20\" readability=\"8\">\n<p dir=\"ltr\" class=\"bbc-bm53ic e1cc2ql70\">Otoniel se hizo cargo del grupo despu\u00e9s de que su anterior l\u00edder -su hermano Juan de Dios- fuera asesinado por la polic\u00eda en una redada en una fiesta de Nochevieja hace casi 10 a\u00f1os.<\/p>\n<\/div>\n<div dir=\"ltr\" class=\"bbc-19j92fr e57qer20\" readability=\"10\">\n<p dir=\"ltr\" class=\"bbc-bm53ic e1cc2ql70\">Las fuerzas de seguridad colombianas han considerado a la banda como la organizaci\u00f3n criminal m\u00e1s poderosa del pa\u00eds, mientras que las autoridades estadounidenses la describen como <b>&#8220;fuertemente armada <\/b><b>(<\/b><b>y<\/b><b>)<\/b><b> extremadamente violenta&#8221;.<\/b><\/p>\n<\/div>\n<div dir=\"ltr\" class=\"bbc-19j92fr e57qer20\" readability=\"11\">\n<p dir=\"ltr\" class=\"bbc-bm53ic e1cc2ql70\">La banda, que opera en muchas provincias y tiene amplias conexiones internacionales, se dedica al tr\u00e1fico de drogas y personas, a la extracci\u00f3n ilegal de oro y a la extorsi\u00f3n.<\/p>\n<\/div>\n<div dir=\"ltr\" class=\"bbc-19j92fr e57qer20\" readability=\"13\">\n<p dir=\"ltr\" class=\"bbc-bm53ic e1cc2ql70\">Se cree que cuenta con unos <b>1.800 miembros armados<\/b>, reclutados principalmente de grupos paramilitares de extrema derecha. Varios de ellos han sido detenidos en Argentina, Brasil, Honduras, Per\u00fa y Espa\u00f1a.<\/p>\n<\/div>\n<div dir=\"ltr\" class=\"bbc-1ka88fa e57qer20\">\n<figure class=\"bbc-1qdcvv9 e6bmn90\">\n<div dir=\"ltr\" class=\"bbc-172p16q e57qer20\">\n<div dir=\"ltr\" class=\"bbc-189y18v e57qer20\" readability=\"6.5\">\n<div data-e2e=\"image-placeholder\" class=\"bbc-997y1y e1whu0\" readability=\"8\"><noscript><img loading=\"lazy\" srcset=\"http:\/\/cordobadirecto.com\/wp-content\/uploads\/2021\/10\/otoniel-despues-de-su-captura-en-colombia-sera-extraditado-a-estados-unidos-24.jpg 240w, http:\/\/cordobadirecto.com\/wp-content\/uploads\/2021\/10\/otoniel-despues-de-su-captura-en-colombia-sera-extraditado-a-estados-unidos-25.jpg 320w, http:\/\/cordobadirecto.com\/wp-content\/uploads\/2021\/10\/otoniel-despues-de-su-captura-en-colombia-sera-extraditado-a-estados-unidos-26.jpg 480w, http:\/\/cordobadirecto.com\/wp-content\/uploads\/2021\/10\/otoniel-despues-de-su-captura-en-colombia-sera-extraditado-a-estados-unidos-27.jpg 624w, http:\/\/cordobadirecto.com\/wp-content\/uploads\/2021\/10\/otoniel-despues-de-su-captura-en-colombia-sera-extraditado-a-estados-unidos-28.jpg 800w\" alt=\"Dairo Antonio Usaga es escoltado por la polic\u00eda tras su captura\" src=\"http:\/\/cordobadirecto.com\/wp-content\/uploads\/2021\/10\/otoniel-despues-de-su-captura-en-colombia-sera-extraditado-a-estados-unidos-5.jpg\" sizes=\"(min-width: 1008px) 645px, 100vw\" width=\"976\" height=\"549\" class=\"eehpdyc0 bbc-100dhyn e1enwo3v0\"><\/noscript><\/p>\n<p role=\"text\" class=\"bbc-1s1cxbv etq3yw90\"><span class=\"bbc-1gnhmg2 e1yt7oin0\">Fuente de la imagen, <\/span><span lang=\"en-GB\">Reuters<\/span><\/p>\n<\/div>\n<\/div>\n<\/div>\n<\/figure>\n<\/div>\n<div dir=\"ltr\" class=\"bbc-19j92fr e57qer20\" readability=\"9\">\n<p dir=\"ltr\" class=\"bbc-bm53ic e1cc2ql70\">La banda controla muchas de las <b>rutas utilizadas para el <\/b><b>tr\u00e1fico<\/b><b> de drogas<\/b> desde Colombia a Estados Unidos, y hasta Rusia.<\/p>\n<\/div>\n<div dir=\"ltr\" class=\"bbc-19j92fr e57qer20\" readability=\"12\">\n<p dir=\"ltr\" class=\"bbc-bm53ic e1cc2ql70\">El gobierno colombiano, sin embargo, cree que el grupo ha diezmado sus efectivos en los \u00faltimos a\u00f1os, lo que ha obligado a muchos de sus principales miembros a esconderse en regiones remotas de la selva.<\/p>\n<\/div>\n<div dir=\"ltr\" class=\"bbc-19j92fr e57qer20\" readability=\"10\">\n<p dir=\"ltr\" class=\"bbc-bm53ic e1cc2ql70\">&#8220;Otoniel&#8221; se enfrenta ahora a una serie de cargos, como el env\u00edo de cargamentos de coca\u00edna a Estados Unidos, el asesinato de polic\u00edas y el reclutamiento de ni\u00f1os.<\/p>\n<\/div>\n<div dir=\"ltr\" class=\"bbc-19j92fr e57qer20\" readability=\"7\">\n<p dir=\"ltr\" class=\"bbc-bm53ic e1cc2ql70\">En Estados Unidos fue acusado en 2009.<\/p>\n<\/div>\n<div dir=\"ltr\" class=\"bbc-19j92fr e57qer20\"><img srcset=\"http:\/\/cordobadirecto.com\/wp-content\/uploads\/2021\/10\/otoniel-despues-de-su-captura-en-colombia-sera-extraditado-a-estados-unidos-1.png 640w, http:\/\/cordobadirecto.com\/wp-content\/uploads\/2021\/10\/otoniel-despues-de-su-captura-en-colombia-sera-extraditado-a-estados-unidos.png 816w\" src=\"http:\/\/cordobadirecto.com\/wp-content\/uploads\/2021\/10\/otoniel-despues-de-su-captura-en-colombia-sera-extraditado-a-estados-unidos.png\" alt=\"Map\" id=\"include-1\" class=\"bbc-yfiktt e1enwo3v0\"><\/div>\n<div dir=\"ltr\" class=\"bbc-1ka88fa e57qer20\">\n<figure class=\"bbc-1qdcvv9 e6bmn90\">\n<div dir=\"ltr\" class=\"bbc-172p16q e57qer20\">\n<div dir=\"ltr\" class=\"bbc-189y18v e57qer20\">\n<div data-e2e=\"image-placeholder\" class=\"bbc-997y1y e1whu0\"><noscript><img loading=\"lazy\" srcset=\"http:\/\/cordobadirecto.com\/wp-content\/uploads\/2021\/10\/otoniel-despues-de-su-captura-en-colombia-sera-extraditado-a-estados-unidos-16.jpg 240w, http:\/\/cordobadirecto.com\/wp-content\/uploads\/2021\/10\/otoniel-despues-de-su-captura-en-colombia-sera-extraditado-a-estados-unidos-17.jpg 320w, http:\/\/cordobadirecto.com\/wp-content\/uploads\/2021\/10\/otoniel-despues-de-su-captura-en-colombia-sera-extraditado-a-estados-unidos-18.jpg 464w\" alt=\"L\u00ednea\" src=\"http:\/\/cordobadirecto.com\/wp-content\/uploads\/2021\/10\/otoniel-despues-de-su-captura-en-colombia-sera-extraditado-a-estados-unidos-3.jpg\" sizes=\"(min-width: 1008px) 645px, 100vw\" width=\"464\" height=\"2\" class=\"eehpdyc0 bbc-100dhyn e1enwo3v0\"><\/noscript><\/div>\n<\/div>\n<\/div>\n<\/figure>\n<\/div>\n<div dir=\"ltr\" class=\"bbc-19j92fr e57qer20\" readability=\"8\">\n<p dir=\"ltr\" class=\"bbc-bm53ic e1cc2ql70\"><i class=\"bbc-h1y5j7 ewc4zcb0\">Ahora puedes recibir notificaciones de BBC Mundo. Descarga la nueva versi\u00f3n de nuestra app y act\u00edvalas para no perderte nuestro mejor contenido.<\/i><\/p>\n<\/div>\n","protected":false},"excerpt":{"rendered":"<p>Redacci\u00f3n BBC News Mundo 5 horas Fuente de la imagen, Colombian Police\/Handout via REUTERS Pie de foto, Dairo Antonio \u00dasuga, m\u00e1s conocido como &#8220;Otoniel&#8221;, lider\u00f3 la mayor banda criminal de Colombia El gobierno de Colombia anunci\u00f3 que Otoniel, el narcotraficante m\u00e1s buscado del pa\u00eds, ser\u00e1 extraditado a Estados Unidos tras su captura el s\u00e1bado. Dairo [&hellip;]<\/p>\n","protected":false},"author":1,"featured_media":24835,"comment_status":"closed","ping_status":"closed","sticky":false,"template":"","format":"standard","meta":[],"categories":[24],"tags":[],"_links":{"self":[{"href":"http:\/\/cordobadirecto.com\/index.php\/wp-json\/wp\/v2\/posts\/24834"}],"collection":[{"href":"http:\/\/cordobadirecto.com\/index.php\/wp-json\/wp\/v2\/posts"}],"about":[{"href":"http:\/\/cordobadirecto.com\/index.php\/wp-json\/wp\/v2\/types\/post"}],"author":[{"embeddable":true,"href":"http:\/\/cordobadirecto.com\/index.php\/wp-json\/wp\/v2\/users\/1"}],"replies":[{"embeddable":true,"href":"http:\/\/cordobadirecto.com\/index.php\/wp-json\/wp\/v2\/comments?post=24834"}],"version-history":[{"count":0,"href":"http:\/\/cordobadirecto.com\/index.php\/wp-json\/wp\/v2\/posts\/24834\/revisions"}],"wp:featuredmedia":[{"embeddable":true,"href":"http:\/\/cordobadirecto.com\/index.php\/wp-json\/wp\/v2\/media\/24835"}],"wp:attachment":[{"href":"http:\/\/cordobadirecto.com\/index.php\/wp-json\/wp\/v2\/media?parent=24834"}],"wp:term":[{"taxonomy":"category","embeddable":true,"href":"http:\/\/cordobadirecto.com\/index.php\/wp-json\/wp\/v2\/categories?post=24834"},{"taxonomy":"post_tag","embeddable":true,"href":"http:\/\/cordobadirecto.com\/index.php\/wp-json\/wp\/v2\/tags?post=24834"}],"curies":[{"name":"wp","href":"https:\/\/api.w.org\/{rel}","templated":true}]}}