{"id":24892,"date":"2021-10-25T04:57:40","date_gmt":"2021-10-25T04:57:40","guid":{"rendered":"http:\/\/cordobadirecto.com\/index.php\/2021\/10\/25\/ferni-de-gyldenfeldt-gano-el-pre-cosquin-porteno-en-busca-de-un-escenario-negado\/"},"modified":"2021-10-25T04:57:40","modified_gmt":"2021-10-25T04:57:40","slug":"ferni-de-gyldenfeldt-gano-el-pre-cosquin-porteno-en-busca-de-un-escenario-negado","status":"publish","type":"post","link":"http:\/\/cordobadirecto.com\/index.php\/2021\/10\/25\/ferni-de-gyldenfeldt-gano-el-pre-cosquin-porteno-en-busca-de-un-escenario-negado\/","title":{"rendered":"Ferni de Gyldenfeldt: gan\u00f3 el Pre-Cosqu\u00edn porte\u00f1o en busca de &#8220;un escenario negado&#8221;"},"content":{"rendered":"<div class=\"image\" id=\"image\" readability=\"9\"> <img src=\"http:\/\/cordobadirecto.com\/wp-content\/uploads\/2021\/10\/ferni-de-gyldenfeldt-gano-el-pre-cosquin-porteno-en-busca-de-un-escenario-negado.jpg\" alt=\"Ferni de Gyldenfeldt, en camino de lograr su meta de competir en una noche coscoina (Foto: Ra\u00fal Ferrari)\" title=\"Ferni de Gyldenfeldt, en camino de lograr su meta de competir en una noche coscoina (Foto: Ra\u00fal Ferrari)\"><\/p>\n<p>Ferni de Gyldenfeldt, en camino de lograr su meta de competir en una noche coscoina (Foto: Ra\u00fal Ferrari)<\/p>\n<\/div>\n<p>La cantante trans no binaria <strong>Ferni de Gyldenfeldt<\/strong>, quien por su presencia y denuncia logr\u00f3 que el tradicional Festival Nacional de Folclore de Cosqu\u00edn anulara las categor\u00edas de &#8220;voz femenina&#8221; y &#8220;voz masculina&#8221; en su concurso Pre-Cosqu\u00edn y luego se impuso como int\u00e9rprete en la sede porte\u00f1a del certamen, <strong>considera que su accionar &#8220;fue una cosa muy revolucionaria&#8221; que le permite &#8220;acceder a un escenario negado&#8221;.<\/strong><\/p>\n<p>La artista <strong>competir\u00e1 nuevamente en las noches del 18 y 19 de diciembre en Cosqu\u00edn para avanzar rumbo a la ronda final sobre el escenario Atahualpa Yupanqui de la Plaza Pr\u00f3spero Molina de esa localidad cordobesa donde conocer\u00e1 si finalmente clasifica rumbo a alguna de las nueve noches de la 62da. edici\u00f3n del Cosqu\u00edn<\/strong>.<\/p>\n<p><strong>&#8220;Me dec\u00edan que no pod\u00eda so\u00f1ar con cantar en Cosqu\u00edn pero finalmente se termin\u00f3 de concretar algo muy hermoso y voy a participar de la final&#8221;<\/strong>, resalta Ferni de Gyldenfeldt en una charla con T\u00e9lam.<\/p>\n<p>La int\u00e9rprete de formaci\u00f3n acad\u00e9mica comparte con su hermana no binaria Luchi el proyecto \u00d3pera Queer y adem\u00e1s integra el conjunto Allpa Munay (junto a Nicol\u00e1s Kamienkowski en guitarra, Pablo Palacios en piano y Nahuel Villegas en percusi\u00f3n) que en 2019 public\u00f3 &#8220;Yupanqui in\u00e9dito&#8221; gracias al encuentro y colaboraci\u00f3n directa de su hijo, Roberto &#8220;Kolla&#8221; Chavero.<\/p>\n<p><strong>&#8220;Nac\u00ed en una familia muy musical y as\u00ed como la \u00f3pera aparece como un lugar muy potente para m\u00ed, el folclore es un g\u00e9nero que me acompa\u00f1\u00f3 desde muy chiquitita y desde entonces admiro a artistas como el D\u00fao Salte\u00f1o, &#8216;Cuchi&#8217; Leguizam\u00f3n, Liliana Herrero y Mercedes Sosa&#8221;<\/strong>, comenta sobre las dos corrientes musicales que la convocan.<\/p>\n<p>En esa veta nativa, Ferni decidi\u00f3 inscribirse para los Pre-Cosqu\u00edn, cert\u00e1menes que se realizan en sedes desparramadas por toda la geograf\u00eda nacional y que habilitan a nuevos valores a ser parte del encuentro m\u00e1s importante del folclore.<\/p>\n<p>La casa porte\u00f1a de este a\u00f1o del Pre-Cosqu\u00edn -en su 50ma. edici\u00f3n para nuevos valores- fue el Teatro San Mart\u00edn, donde De Gyldenfeldt se impuso el domingo 26 de septiembre, pero la reglamentaci\u00f3n del certamen entonces no contemplaba que una persona autopercibida de un g\u00e9nero distinto al biol\u00f3gico pudiera competir en la categor\u00eda escogida.<\/p>\n<p><strong>A Ferni le fue negada su clasificaci\u00f3n en el &#8220;Rubro Solista Vocal Femenino&#8221; a pesar de haber ganado el certamen con el mayor puntaje otorgado por el jurado integrado por M\u00f3nica Abraham, Franco Luciani y Marian Far\u00edas G\u00f3mez, lo que motiv\u00f3 una denuncia recogida por el Instituto Nacional contra la Discriminaci\u00f3n, la Xenofobia y el Racismo<\/strong> (Inadi).<\/p>\n<p>Seg\u00fan se relata en la denuncia, la organizaci\u00f3n aleg\u00f3 que F<strong>erni no pod\u00eda competir en la categor\u00eda &#8220;voz femenina&#8221; ya que en su DNI figuraba el sexo masculino. Ferni, a pesar de no tener hecho el cambio registral, se autopercibe trans no binaria y utiliza el pronombre femenino.<\/strong><\/p>\n<p><strong>&#8220;Pusimos todo el esfuerzo para que el festival de Cosqu\u00edn refleje la composici\u00f3n de la sociedad argentina&#8221;<\/strong>, manifest\u00f3 <strong>Victoria Donda<\/strong>, titular del Inadi, quien estuvo a cargo del di\u00e1logo con las autoridades de la popular cita folcl\u00f3rica tras la denuncia por discriminaci\u00f3n.<\/p>\n<div class=\"image\" id=\"image\" readability=\"8\"> <img src=\"http:\/\/cordobadirecto.com\/wp-content\/uploads\/2021\/10\/ferni-de-gyldenfeldt-gano-el-pre-cosquin-porteno-en-busca-de-un-escenario-negado-1.jpg\" alt=\"La int\u00e9rprete comparte con su hermana no binaria Luchi el proyecto \u00d3pera Queer (Foto: Ra\u00fal Ferrari)\" title=\"La int\u00e9rprete comparte con su hermana no binaria Luchi el proyecto \u00d3pera Queer (Foto: Ra\u00fal Ferrari)\"><\/p>\n<p>La int\u00e9rprete comparte con su hermana no binaria Luchi el proyecto \u00d3pera Queer (Foto: Ra\u00fal Ferrari)<\/p>\n<\/div>\n<p>Como resultado de esa denuncia, <strong>Cosqu\u00edn anul\u00f3 las categor\u00edas de &#8220;voz femenina&#8221; y &#8220;voz masculina&#8221; del Pre-Cosqu\u00edn y se consagra el rubro &#8220;voz solista&#8221; sin distinci\u00f3n de g\u00e9nero con hasta dos personas seleccionadas.<\/strong><\/p>\n<p>Tras la intervenci\u00f3n del Inadi y la disposici\u00f3n de la Comisi\u00f3n Nacional de Folclore de Cosqu\u00edn para rever la reglamentaci\u00f3n del certamen, la sede porte\u00f1a volvi\u00f3 a abrirse el 7 de octubre pasado y la int\u00e9rprete obtuvo por fin su pasaje al tramo definitorio de la competencia.<\/p>\n<p><strong>&#8220;As\u00ed como cuando me hab\u00edan dicho que no ganaba en el San Mart\u00edn todes estaban con un estado de pena, ese jueves fue totalmente distinta la recepci\u00f3n. Me sent\u00ed bien tratada, considerada, una cosa muy hermosa que se vivi\u00f3 con este jurado que me pudo abrazar m\u00e1s all\u00e1 del g\u00e9nero&#8221;<\/strong>, evoca Ferni.<\/p>\n<p>Para conseguir avanzar rumbo a Cosqu\u00edn, la vocalista -en compa\u00f1\u00eda del guitarrista <strong>Nahuel Quipildor<\/strong>&#8211; apel\u00f3 a tres diferentes canciones: en la primera jornada enton\u00f3 <strong>&#8220;Grito santiague\u00f1o&#8221;, <\/strong>de<strong> Ra\u00fal Carnota, <\/strong>y<strong> &#8220;La Celedonia Batista&#8221;, <\/strong>de<strong> Teresa Parodi;<\/strong> mientras que en la decisiva eligi\u00f3 <strong>&#8220;Como de zamba&#8221;<\/strong>, con letra de <strong>Susy Shock<\/strong> y m\u00fasica de <strong>Leopoldo Caracoche<\/strong>.<\/p>\n<p><strong>&#8220;Cantar la zamba de Susy Shock, esta trava nuestra tan importante, conlleva un sentido pol\u00edtico profundo&#8221;,<\/strong> resalta De Gyldenfeldt sobre la elecci\u00f3n de la pieza que termin\u00f3 de coronar su triunfo.<\/p>\n<p>Para la artista, su presencia, su pelea y su \u00e9xito <strong>&#8220;sirve para sentar un precedente para que estos espacios vayan cambiando&#8221;<\/strong>.<\/p>\n<p><strong>&#8220;Las identidades binarias y no binarias, fuera de lo hegem\u00f3nico, tambi\u00e9n somos leg\u00edtimas representantes de la m\u00fasica y la cultura&#8221;<\/strong>, postula.<\/p>\n<p>En ese sentido liga su situaci\u00f3n a un contexto m\u00e1s general y apunta que <strong>&#8220;definitivamente&#8221; se siente &#8220;parte de una comunidad que est\u00e1 avanzando, que abraza y quiere seguir constituyendo este &#8216;Ni un paso atr\u00e1s'&#8221;.<\/strong><\/p>\n<p>Pero volviendo al particular contexto cosco\u00edno, Ferni asume: <strong>&#8220;La m\u00eda es una postura muy pol\u00edtica y para que Cosqu\u00edn no siga quedando muchos a\u00f1os atr\u00e1s en la historia hay que ver c\u00f3mo se aplica el cupo y si nos dejan cantar en el horario central para seguir derrumbando estos prejuicios y profundizar el gesto emancipatorio para construir esa otra humanidad&#8221;.<\/strong><\/p>\n<p>Antes de dar el siguiente paso en su camino a Cosqu\u00edn, Ferni, nuevamente en compa\u00f1\u00eda de Nahuel Quipildor, presentar\u00e1 el pr\u00f3ximo 3 de noviembre a las 20 su espect\u00e1culo &#8220;Folklore en transici\u00f3n&#8221; en el porte\u00f1o Centro Cultural 25 de Mayo, en Avenida Triunvirato 4444. <\/p>\n","protected":false},"excerpt":{"rendered":"<p>Ferni de Gyldenfeldt, en camino de lograr su meta de competir en una noche coscoina (Foto: Ra\u00fal Ferrari) La cantante trans no binaria Ferni de Gyldenfeldt, quien por su presencia y denuncia logr\u00f3 que el tradicional Festival Nacional de Folclore de Cosqu\u00edn anulara las categor\u00edas de &#8220;voz femenina&#8221; y &#8220;voz masculina&#8221; en su concurso Pre-Cosqu\u00edn [&hellip;]<\/p>\n","protected":false},"author":1,"featured_media":24893,"comment_status":"closed","ping_status":"closed","sticky":false,"template":"","format":"standard","meta":[],"categories":[20],"tags":[],"_links":{"self":[{"href":"http:\/\/cordobadirecto.com\/index.php\/wp-json\/wp\/v2\/posts\/24892"}],"collection":[{"href":"http:\/\/cordobadirecto.com\/index.php\/wp-json\/wp\/v2\/posts"}],"about":[{"href":"http:\/\/cordobadirecto.com\/index.php\/wp-json\/wp\/v2\/types\/post"}],"author":[{"embeddable":true,"href":"http:\/\/cordobadirecto.com\/index.php\/wp-json\/wp\/v2\/users\/1"}],"replies":[{"embeddable":true,"href":"http:\/\/cordobadirecto.com\/index.php\/wp-json\/wp\/v2\/comments?post=24892"}],"version-history":[{"count":0,"href":"http:\/\/cordobadirecto.com\/index.php\/wp-json\/wp\/v2\/posts\/24892\/revisions"}],"wp:featuredmedia":[{"embeddable":true,"href":"http:\/\/cordobadirecto.com\/index.php\/wp-json\/wp\/v2\/media\/24893"}],"wp:attachment":[{"href":"http:\/\/cordobadirecto.com\/index.php\/wp-json\/wp\/v2\/media?parent=24892"}],"wp:term":[{"taxonomy":"category","embeddable":true,"href":"http:\/\/cordobadirecto.com\/index.php\/wp-json\/wp\/v2\/categories?post=24892"},{"taxonomy":"post_tag","embeddable":true,"href":"http:\/\/cordobadirecto.com\/index.php\/wp-json\/wp\/v2\/tags?post=24892"}],"curies":[{"name":"wp","href":"https:\/\/api.w.org\/{rel}","templated":true}]}}