{"id":24952,"date":"2021-10-25T20:27:17","date_gmt":"2021-10-25T20:27:17","guid":{"rendered":"https:\/\/es.digitaltrends.com\/?p=880870"},"modified":"2021-10-25T20:27:17","modified_gmt":"2021-10-25T20:27:17","slug":"la-samsung-galaxy-tab-s8-ultra-podria-tener-notch-como-los-iphone","status":"publish","type":"post","link":"http:\/\/cordobadirecto.com\/index.php\/2021\/10\/25\/la-samsung-galaxy-tab-s8-ultra-podria-tener-notch-como-los-iphone\/","title":{"rendered":"La Samsung Galaxy Tab S8 Ultra podr\u00eda tener notch como los iPhone"},"content":{"rendered":"<div><img src=\"http:\/\/cordobadirecto.com\/wp-content\/uploads\/2021\/10\/la-samsung-galaxy-tab-s8-ultra-podria-tener-notch-como-los-iphone.jpg\" class=\"ff-og-image-inserted\"><\/div>\n<p>Aunque a\u00fan no sabemos cu\u00e1ndo llegar\u00e1 la nueva familia de tabletas de Samsung, podemos hacernos idea de c\u00f3mo ser\u00e1 su dise\u00f1o gracias a la \u00faltima filtraci\u00f3n.<\/p>\n<p>Las im\u00e1genes llegan por parte de <a href=\"https:\/\/www.91mobiles.com\/hub\/samsung-galaxy-tab-s8-ultra-renders-design-exclusive\/\" target=\"_blank\" rel=\"noopener\">OnLeaks<\/a>, uno de los filtradores m\u00e1s confiables. Gracias a este sabemos que el <em>notch<\/em> o la muesca, un recurso que hasta ahora era solo para tel\u00e9fonos m\u00f3viles, llegar\u00e1 pronto a las tabletas de Samsung.<\/p>\n<p>El movimiento parece similar al de Apple con <a href=\"https:\/\/es.digitaltrends.com\/apple\/apple-explica-por-qu-su-nueva-macbook-pro-tiene-notch\/\">su \u00faltima MacBook Pro<\/a>, es decir, que Samsung recurrir\u00e1 al <em>notch <\/em>para albergar en este la c\u00e1mara frontal y as\u00ed poder reducir considerablemente los biseles en su nueva tableta de gama alta. El dise\u00f1o de este modelo parece similar al de la Samsung Galaxy Tab S8 (<a href=\"https:\/\/zouton.com\/news\/samsung-galaxy-tab-s8-11-inch-2022-leak-designs-renders-specifications-price-exclusive\" target=\"_blank\" rel=\"noopener\">tambi\u00e9n filtrada recientemente<\/a>) con con bordes rectos, una c\u00e1mara trasera doble y una tira magn\u00e9tica para colocar el l\u00e1piz \u00f3ptico S Pen en la parte trasera.<\/p>\n<p>De acuerdo con la filtraci\u00f3n, el dispositivo ser\u00e1 de gran tama\u00f1o, con unas dimensiones de 325.8 x 207.9 x 5.4 mm. Tendr\u00eda una pantalla de 14.6 pulgadas, bastante m\u00e1s grande que las de las futuras Galaxy Tab S8 y Galaxy Tab S8 +, cuyas pantallas ser\u00edan de 11 y 12.4 pulgadas, respectivamente.<\/p>\n<p>De las im\u00e1genes tambi\u00e9n podemos deducir que este nuevo dispositivo tendr\u00e1 cuatro altavoces y un puerto USB-C, pero parece que prescindir\u00e1 del conector cl\u00e1sico de auriculares de 3.5 mil\u00edmetros.<\/p>\n<p>Por el momento no hay una fecha concreta para el lanzamiento de este dispositivo, as\u00ed como del resto de modelos de la serie, pero seg\u00fan varios reportes es posible que llegue antes de que finalice este a\u00f1o.<\/p>\n<h4 class=\"h-editors-recs-title\"> Recomendaciones del editor\t<\/h4>\n<p> <span id=\"publisher-md\" itemprop=\"publisher\" itemscope itemtype=\"https:\/\/schema.org\/Organization\"> <span itemprop=\"url\" itemtype=\"https:\/\/schema.org\/Url\" content=\"https:\/\/es.digitaltrends.com\"> <span itemprop=\"logo\" itemscope itemtype=\"https:\/\/schema.org\/ImageObject\"> <meta itemprop=\"url\" content=\"https:\/\/cdn.dtcn.com\/dt\/dt-logo-small.png\"> <meta itemprop=\"width\" content=\"0\"> <meta itemprop=\"height\" content=\"0\"> <\/span> <meta itemprop=\"name\" content=\"Digital Trends Espa\u00f1ol\"> <\/span> <span itemprop=\"image\" itemscope itemtype=\"https:\/\/schema.org\/ImageObject\"> <meta itemprop=\"url\" content=\"http:\/\/cordobadirecto.com\/wp-content\/uploads\/2021\/10\/la-samsung-galaxy-tab-s8-ultra-podria-tener-notch-como-los-iphone.jpg\"> <\/span> <\/span><\/p>\n","protected":false},"excerpt":{"rendered":"<p>Aunque a\u00fan no sabemos cu\u00e1ndo llegar\u00e1 la nueva familia de tabletas de Samsung, podemos hacernos idea de c\u00f3mo ser\u00e1 su dise\u00f1o gracias a la \u00faltima filtraci\u00f3n. Las im\u00e1genes llegan por parte de OnLeaks, uno de los filtradores m\u00e1s confiables. Gracias a este sabemos que el notch o la muesca, un recurso que hasta ahora era [&hellip;]<\/p>\n","protected":false},"author":1,"featured_media":24953,"comment_status":"closed","ping_status":"closed","sticky":false,"template":"","format":"standard","meta":[],"categories":[26],"tags":[],"_links":{"self":[{"href":"http:\/\/cordobadirecto.com\/index.php\/wp-json\/wp\/v2\/posts\/24952"}],"collection":[{"href":"http:\/\/cordobadirecto.com\/index.php\/wp-json\/wp\/v2\/posts"}],"about":[{"href":"http:\/\/cordobadirecto.com\/index.php\/wp-json\/wp\/v2\/types\/post"}],"author":[{"embeddable":true,"href":"http:\/\/cordobadirecto.com\/index.php\/wp-json\/wp\/v2\/users\/1"}],"replies":[{"embeddable":true,"href":"http:\/\/cordobadirecto.com\/index.php\/wp-json\/wp\/v2\/comments?post=24952"}],"version-history":[{"count":0,"href":"http:\/\/cordobadirecto.com\/index.php\/wp-json\/wp\/v2\/posts\/24952\/revisions"}],"wp:featuredmedia":[{"embeddable":true,"href":"http:\/\/cordobadirecto.com\/index.php\/wp-json\/wp\/v2\/media\/24953"}],"wp:attachment":[{"href":"http:\/\/cordobadirecto.com\/index.php\/wp-json\/wp\/v2\/media?parent=24952"}],"wp:term":[{"taxonomy":"category","embeddable":true,"href":"http:\/\/cordobadirecto.com\/index.php\/wp-json\/wp\/v2\/categories?post=24952"},{"taxonomy":"post_tag","embeddable":true,"href":"http:\/\/cordobadirecto.com\/index.php\/wp-json\/wp\/v2\/tags?post=24952"}],"curies":[{"name":"wp","href":"https:\/\/api.w.org\/{rel}","templated":true}]}}