{"id":25061,"date":"2021-10-26T05:07:23","date_gmt":"2021-10-26T05:07:23","guid":{"rendered":"http:\/\/cordobadirecto.com\/index.php\/2021\/10\/26\/las-siamesas-le-dio-a-paula-hernandez-su-segundo-premio-sur-a-mejor-filme-argentino\/"},"modified":"2021-10-26T05:07:23","modified_gmt":"2021-10-26T05:07:23","slug":"las-siamesas-le-dio-a-paula-hernandez-su-segundo-premio-sur-a-mejor-filme-argentino","status":"publish","type":"post","link":"http:\/\/cordobadirecto.com\/index.php\/2021\/10\/26\/las-siamesas-le-dio-a-paula-hernandez-su-segundo-premio-sur-a-mejor-filme-argentino\/","title":{"rendered":"&#8220;Las siamesas&#8221; le dio a Paula Hern\u00e1ndez su segundo Premio Sur a mejor filme argentino"},"content":{"rendered":"<div class=\"image\" id=\"image\" readability=\"8\"> <img src=\"http:\/\/cordobadirecto.com\/wp-content\/uploads\/2021\/10\/las-siamesas-le-dio-a-paula-hernandez-su-segundo-premio-sur-a-mejor-filme-argentino.jpg\" alt=\"La premiada Valeria Lois y Rita Cortese en &quot;Las siamesas&quot;, la gran ganadora de los Premios Sur 2020\" title=\"La premiada Valeria Lois y Rita Cortese en &quot;Las siamesas&quot;, la gran ganadora de los Premios Sur 2020\"><\/p>\n<p>La premiada Valeria Lois y Rita Cortese en &#8220;Las siamesas&#8221;, la gran ganadora de los Premios Sur 2020<\/p>\n<\/div>\n<p><strong>\u201cLas siamesas\u201d<\/strong>, largometraje de <strong>Paula Hern\u00e1ndez, obtuvo nueve Premios Sur<\/strong> (entre ellos los de pel\u00edcula y direcci\u00f3n) y volvi\u00f3 a consagrar a su realizadora como en 2020 lo hab\u00eda logrado con \u201cLos son\u00e1mbulos\u201d.<\/p>\n<p>Los Premios Sur -votados por m\u00e1s de 250 socios de la <strong>Academia de Cine y Artes Cinematogr\u00e1ficas de las Argentina<\/strong>&#8211; tambi\u00e9n distingui\u00f3 con <strong>tres lauros a \u201cCr\u00edmenes de familia\u201d<\/strong> (gui\u00f3n original para su director <strong>Sebasti\u00e1n Schindel <\/strong>y <strong>Pablo del Teso<\/strong>, m\u00fasica y actriz de reparto para <strong>Sof\u00eda Gala Castiglione<\/strong>) y con dos a <strong>\u201cEl maestro\u201d<\/strong>, de <strong>Cristina Tamagnin<\/strong>i y <strong>Juli\u00e1n Dabien<\/strong> (\u00f3pera prima y actor protagonista para <strong>Diego Vel\u00e1zquez<\/strong>).<\/p>\n<p>La n\u00f3mina completa consagrada hoy, es la que sigue:<\/p>\n<p>Pel\u00edcula de Ficci\u00f3n: <strong>\u201cLas Siamesas\u201d<\/strong>, de Paula Hern\u00e1ndez<\/p>\n<p>Direcci\u00f3n: <strong>Paula Hern\u00e1ndez<\/strong> por \u201cLas Siamesas\u201d<\/p>\n<p>\u00d3pera Prima: <strong>\u201cEl maestro\u201d<\/strong>, de Cristina Tamagnini y Juli\u00e1n Dabien<\/p>\n<p>Pel\u00edcula Documental: <strong>\u201cNi\u00f1a mam\u00e1\u201d<\/strong>, de Andrea Testa<\/p>\n<p>Actriz Protag\u00f3nica: <strong>Valeria Lois<\/strong> por \u201cLas Siamesas\u201d<\/p>\n<p>Actor Protag\u00f3nico: <strong>Diego Vel\u00e1zquez<\/strong> por \u201cEl Maestro\u201d<\/p>\n<p>Actor de Reparto: <strong>Osmar N\u00fa\u00f1ez<\/strong> por \u201cLa muerte no existe y el amor tampoco\u201d<\/p>\n<p>Actriz de Reparto: <strong>Sof\u00eda Gala Castiglione<\/strong> por \u201cCr\u00edmenes de familia\u201d<\/p>\n<p>Gui\u00f3n Original:<strong> Sebasti\u00e1n Schindel <\/strong>y<strong> Pablo del Teso<\/strong> por \u201cCr\u00edmenes de familia\u201d<\/p>\n<p>Gui\u00f3n Adaptado: <strong>Leonel D\u2019Agostino <\/strong>y<strong> Paula Hern\u00e1ndez<\/strong> por \u201cLas Siamesas\u201d basado en el cuento hom\u00f3nimo de Guillermo Saccomanno<\/p>\n<p>Direcci\u00f3n Arte: <strong>Julieta Dolinsky<\/strong> por \u201cLas Siamesas\u201d<\/p>\n<p>Dise\u00f1o de Vestuario: <strong>Laura Donari <\/strong>y<strong> M\u00f3nica Toschi<\/strong> por \u201cLas Siamesas\u201d<\/p>\n<p>Maquillaje y Caracterizaci\u00f3n: <strong>N\u00e9stor Burgos<\/strong> por \u201cLas Siamesas\u201d<\/p>\n<p>Revelaci\u00f3n Femenina: <strong>Nina Su\u00e1rez<\/strong> por \u201cPlanta Permanente\u201d<\/p>\n<p>Direcci\u00f3n de Fotograf\u00eda: <strong>Iv\u00e1n Gierasinchuk<\/strong> por \u201cLas Siamesas\u201d<\/p>\n<p>Sonido: <strong>Mart\u00edn Grignaschi<\/strong> por \u201cLa fiesta silenciosa\u201d<\/p>\n<p>M\u00fasica Original: <strong>Sebasti\u00e1n Escofet<\/strong> por \u201cCr\u00edmenes de Familia\u201d<\/p>\n<p>Montaje: <strong>Rosario Su\u00e1rez<\/strong> por \u201cLas Siamesas\u201d<\/p>\n<p>Revelaci\u00f3n Masculina: <strong>Juli\u00e1n Sor\u00edn<\/strong> por \u201cEl Cuaderno de Tomy\u201d <\/p>\n","protected":false},"excerpt":{"rendered":"<p>La premiada Valeria Lois y Rita Cortese en &#8220;Las siamesas&#8221;, la gran ganadora de los Premios Sur 2020 \u201cLas siamesas\u201d, largometraje de Paula Hern\u00e1ndez, obtuvo nueve Premios Sur (entre ellos los de pel\u00edcula y direcci\u00f3n) y volvi\u00f3 a consagrar a su realizadora como en 2020 lo hab\u00eda logrado con \u201cLos son\u00e1mbulos\u201d. Los Premios Sur -votados [&hellip;]<\/p>\n","protected":false},"author":1,"featured_media":25062,"comment_status":"closed","ping_status":"closed","sticky":false,"template":"","format":"standard","meta":[],"categories":[20],"tags":[],"_links":{"self":[{"href":"http:\/\/cordobadirecto.com\/index.php\/wp-json\/wp\/v2\/posts\/25061"}],"collection":[{"href":"http:\/\/cordobadirecto.com\/index.php\/wp-json\/wp\/v2\/posts"}],"about":[{"href":"http:\/\/cordobadirecto.com\/index.php\/wp-json\/wp\/v2\/types\/post"}],"author":[{"embeddable":true,"href":"http:\/\/cordobadirecto.com\/index.php\/wp-json\/wp\/v2\/users\/1"}],"replies":[{"embeddable":true,"href":"http:\/\/cordobadirecto.com\/index.php\/wp-json\/wp\/v2\/comments?post=25061"}],"version-history":[{"count":0,"href":"http:\/\/cordobadirecto.com\/index.php\/wp-json\/wp\/v2\/posts\/25061\/revisions"}],"wp:featuredmedia":[{"embeddable":true,"href":"http:\/\/cordobadirecto.com\/index.php\/wp-json\/wp\/v2\/media\/25062"}],"wp:attachment":[{"href":"http:\/\/cordobadirecto.com\/index.php\/wp-json\/wp\/v2\/media?parent=25061"}],"wp:term":[{"taxonomy":"category","embeddable":true,"href":"http:\/\/cordobadirecto.com\/index.php\/wp-json\/wp\/v2\/categories?post=25061"},{"taxonomy":"post_tag","embeddable":true,"href":"http:\/\/cordobadirecto.com\/index.php\/wp-json\/wp\/v2\/tags?post=25061"}],"curies":[{"name":"wp","href":"https:\/\/api.w.org\/{rel}","templated":true}]}}