{"id":25063,"date":"2021-10-26T05:07:25","date_gmt":"2021-10-26T05:07:25","guid":{"rendered":"http:\/\/cordobadirecto.com\/index.php\/2021\/10\/26\/palito-ortega-comienza-su-tour-despedida-con-un-show-el-11-de-diciembre-en-el-luna-park\/"},"modified":"2021-10-26T05:07:25","modified_gmt":"2021-10-26T05:07:25","slug":"palito-ortega-comienza-su-tour-despedida-con-un-show-el-11-de-diciembre-en-el-luna-park","status":"publish","type":"post","link":"http:\/\/cordobadirecto.com\/index.php\/2021\/10\/26\/palito-ortega-comienza-su-tour-despedida-con-un-show-el-11-de-diciembre-en-el-luna-park\/","title":{"rendered":"Palito Ortega comienza su tour despedida con un show el 11 de diciembre en el Luna Park"},"content":{"rendered":"<div class=\"image\" id=\"image\" readability=\"8\"> <img src=\"http:\/\/cordobadirecto.com\/wp-content\/uploads\/2021\/10\/palito-ortega-comienza-su-tour-despedida-con-un-show-el-11-de-diciembre-en-el-luna-park.jpg\" alt=\"Palito Ortega, m\u00e1s de medio siglo de carrera y el adi\u00f3s a los escenarios.\" title=\"Palito Ortega, m\u00e1s de medio siglo de carrera y el adi\u00f3s a los escenarios.\"><\/p>\n<p>Palito Ortega, m\u00e1s de medio siglo de carrera y el adi\u00f3s a los escenarios.<\/p>\n<\/div>\n<p>El cantante <strong>Ram\u00f3n &#8220;Palito&#8221; Ortega <\/strong>comenzar\u00e1 un tour despedida con un show el 11 de diciembre en el estadio Luna Park en el que repasar\u00e1 su extensa carrera y cuyas entradas se encuentran disponibles a partir de hoy.<\/p>\n<p>El puntapi\u00e9 de esta gira ser\u00e1 el concierto que <strong>marcar\u00e1 el regreso de Ortega a un escenario porte\u00f1o en el que revivir\u00e1 todos sus \u00e9xitos, adem\u00e1s de las canciones de sus \u00faltimos tres \u00e1lbumes,<\/strong> donde homenaje\u00f3 a grandes autores de la m\u00fasica internacional.<\/p>\n<p><strong>&#8220;Te llevo bajo mi piel&#8221;<\/strong> fue el \u00faltimo trabajo de Ortega donde ronda el esp\u00edritu de Frank Sinatra en cada canci\u00f3n, ese artista que tanto admira y que tuvo el privilegio de traer a cantar a nuestro pa\u00eds.<\/p>\n<p>Ese disco forma parte de una trilog\u00eda que arranc\u00f3 hace cuatro a\u00f1os con<strong> &#8220;Rock &amp; Roll&#8221; (2017)<\/strong> en el que version\u00f3 grandes rocks de la historia, esos que se bailaban en los mejores salones de baile, y <strong>&#8220;Rom\u00e1nticos 60&#8217;s&#8221; (2018)<\/strong>, donde mostr\u00f3 su faceta de cancionista m\u00e1s \u00edntimo. <\/p>\n","protected":false},"excerpt":{"rendered":"<p>Palito Ortega, m\u00e1s de medio siglo de carrera y el adi\u00f3s a los escenarios. El cantante Ram\u00f3n &#8220;Palito&#8221; Ortega comenzar\u00e1 un tour despedida con un show el 11 de diciembre en el estadio Luna Park en el que repasar\u00e1 su extensa carrera y cuyas entradas se encuentran disponibles a partir de hoy. El puntapi\u00e9 de [&hellip;]<\/p>\n","protected":false},"author":1,"featured_media":25064,"comment_status":"closed","ping_status":"closed","sticky":false,"template":"","format":"standard","meta":[],"categories":[20],"tags":[],"_links":{"self":[{"href":"http:\/\/cordobadirecto.com\/index.php\/wp-json\/wp\/v2\/posts\/25063"}],"collection":[{"href":"http:\/\/cordobadirecto.com\/index.php\/wp-json\/wp\/v2\/posts"}],"about":[{"href":"http:\/\/cordobadirecto.com\/index.php\/wp-json\/wp\/v2\/types\/post"}],"author":[{"embeddable":true,"href":"http:\/\/cordobadirecto.com\/index.php\/wp-json\/wp\/v2\/users\/1"}],"replies":[{"embeddable":true,"href":"http:\/\/cordobadirecto.com\/index.php\/wp-json\/wp\/v2\/comments?post=25063"}],"version-history":[{"count":0,"href":"http:\/\/cordobadirecto.com\/index.php\/wp-json\/wp\/v2\/posts\/25063\/revisions"}],"wp:featuredmedia":[{"embeddable":true,"href":"http:\/\/cordobadirecto.com\/index.php\/wp-json\/wp\/v2\/media\/25064"}],"wp:attachment":[{"href":"http:\/\/cordobadirecto.com\/index.php\/wp-json\/wp\/v2\/media?parent=25063"}],"wp:term":[{"taxonomy":"category","embeddable":true,"href":"http:\/\/cordobadirecto.com\/index.php\/wp-json\/wp\/v2\/categories?post=25063"},{"taxonomy":"post_tag","embeddable":true,"href":"http:\/\/cordobadirecto.com\/index.php\/wp-json\/wp\/v2\/tags?post=25063"}],"curies":[{"name":"wp","href":"https:\/\/api.w.org\/{rel}","templated":true}]}}