{"id":25079,"date":"2021-10-25T21:48:11","date_gmt":"2021-10-25T21:48:11","guid":{"rendered":"https:\/\/es.digitaltrends.com\/?p=881061"},"modified":"2021-10-25T21:48:11","modified_gmt":"2021-10-25T21:48:11","slug":"the-facetag-la-app-de-harvard-del-nuevo-mark-zuckerberg","status":"publish","type":"post","link":"http:\/\/cordobadirecto.com\/index.php\/2021\/10\/25\/the-facetag-la-app-de-harvard-del-nuevo-mark-zuckerberg\/","title":{"rendered":"The FaceTag: la app de Harvard del nuevo Mark Zuckerberg"},"content":{"rendered":"<p>Una idea que comenz\u00f3 como una broma entre estudiantes de Harvard se transform\u00f3 en una nueva aplicaci\u00f3n llamada The FaceTag, creada por el alumno de primer a\u00f1o Yuen Ler Chow. La historia es similar a la de <a href=\"https:\/\/es.digitaltrends.com\/computadoras\/como-descargar-videos-facebook\/\">Facebook<\/a>, la plataforma que lanz\u00f3 Mark Zuckerberg en 2004 cuando era estudiante de segundo a\u00f1o en esa instituci\u00f3n.<\/p>\n<p>Al ingresar a la universidad los estudiantes comienzan a rodearse de un mont\u00f3n de nombres y caras que jam\u00e1s han visto, y puede ser dif\u00edcil captar y mantener toda esa informaci\u00f3n. A Chow le cost\u00f3 recordar los nombres de unos compa\u00f1eros con los que convers\u00f3 en los primeros d\u00edas como estudiante y a ra\u00edz de ello se le ocurri\u00f3 la idea de una nueva red social con <a href=\"https:\/\/es.digitaltrends.com\/apple\/como-desbloquear-iphone-mascarilla\/\">reconocimiento facial<\/a>.<\/p>\n<p>Despu\u00e9s de registrarse, The FaceTag permite a los estudiantes escanear el rostro de otros usuarios para intercambiar su informaci\u00f3n de contacto, ya sean n\u00fameros de tel\u00e9fono o identificadores de Instagram. Seg\u00fan Chow, que tiene como objetivo que \u201cesta sea la forma est\u00e1ndar de conocer a alguien\u201d, la <em>app<\/em> evita el proceso de agregar manualmente los n\u00fameros y la posibilidad de escribirlos mal.<\/p>\n<p>Las personas pueden ingresar su n\u00famero de tel\u00e9fono, su cuenta de Instagram y la de Snapchat en The FaceTag. Y es todo o nada: no pueden decidir si quieren compartir cierta informaci\u00f3n con una persona determinada. Si alguien tiene un perfil privado, debe presionar \u201caceptar\u201d antes de que otras personas puedan obtener su informaci\u00f3n de contacto. Y en un perfil p\u00fablico la informaci\u00f3n de contacto se comparte en autom\u00e1tico despu\u00e9s de que la aplicaci\u00f3n realiza una coincidencia de rostros.<\/p>\n<p>Chow tard\u00f3 aproximadamente una semana en codificar el proyecto desde el momento en que tuvo la idea. Y a pesar de que recibi\u00f3 ayuda de su compa\u00f1ero de cuarto en el \u00e1rea de la programaci\u00f3n, dice que The FaceTag es \u201c99 por ciento\u201d su trabajo.<\/p>\n<p>Actualmente, The FaceTag tiene poco m\u00e1s de 100 usuarios registrados de acuerdo con Chow y solo est\u00e1 disponible v\u00eda navegador web en <a href=\"https:\/\/thefacetag.com\/login\" target=\"_blank\" rel=\"noopener\">TheFaceTag.com<\/a> (tuvo que agregarle <em>The <\/em>porque el dominio FaceTag.com estaba tomado).<\/p>\n<p>La aplicaci\u00f3n est\u00e1 disponible exclusivamente para estudiantes de Harvard, de manera similar a Facebook en sus comienzos, pero Chow espera expandir The FaceTag a otras universidades y comunidades en el futuro.<\/p>\n<figure id=\"attachment_881179\" aria-describedby=\"caption-attachment-881179\" class=\"wp-caption aligncenter\"><a class=\"wp-image-881179 size-large-wrap h-lightbox is-zoomable\" href=\"https:\/\/icdn.dtcn.com\/image\/digitaltrends_es\/6171db2a4f281c00129680ea-608x456.jpg\"><img src=\"http:\/\/cordobadirecto.com\/wp-content\/uploads\/2021\/10\/the-facetag-la-app-de-harvard-del-nuevo-mark-zuckerberg.gif\" data-dt-lazy-src=\"https:\/\/icdn.dtcn.com\/image\/digitaltrends_es\/6171db2a4f281c00129680ea-720x720.jpg\" onerror=\"dti_load_error(this)\" class=\" size-large wp-image-881179 dt-lazy-load dt-lazy-pending\" alt><\/a><figcaption id=\"caption-attachment-881179\" class=\"wp-caption-text\"><span class=\"credit\">TheFaceTag.com<\/span><\/figcaption><\/figure>\n<p>A pesar de que la aplicaci\u00f3n surgi\u00f3 para facilitar las nuevas interacciones sociales entre los nuevos estudiantes, ha generado un debate sobre la \u00e9tica del reconocimiento facial y la privacidad. Se trata de una controvertida tecnolog\u00eda que ha sido foco de cr\u00edticas desde hace a\u00f1os.<\/p>\n<p>Esta se puede utilizar para rastrear ad\u00f3nde va y qu\u00e9 hace la gente, y es utilizada tanto por autoridades como en empresas privadas como tiendas. Sin embargo, se ha demostrado que el reconocimiento facial es defectuoso e inexacto, e incluso puede identificar err\u00f3neamente los rostros que no son blancos, lo que afecta de manera desproporcionada a las comunidades afrodescendientes. Adem\u00e1s, los algoritmos defectuosos del reconocimiento facial se han utilizado para enviar a personas inocentes a la c\u00e1rcel.<\/p>\n<p>Por otro lado, est\u00e1 el tema de la privacidad. Los cr\u00edticos de esta tecnolog\u00eda han expresado innumerables veces su preocupaci\u00f3n sobre c\u00f3mo se almacena y utilizan los datos biom\u00e9tricos obtenidos.<\/p>\n<p>La profesora de Ciencias de la Computaci\u00f3n B\u00e1rbara J. Grosz, fundadora de Embedded EthiCS \u2014una organizaci\u00f3n de Harvard que incorpora la \u00e9tica en los planes de estudio de las ciencias de la computaci\u00f3n\u2014, <a href=\"https:\/\/www.thecrimson.com\/article\/2021\/10\/21\/facetag-better-than-zuck\/\">dijo<\/a> que espera que Chow haya considerado las implicaciones \u00e9ticas de la creaci\u00f3n de The FaceTag.<\/p>\n<p>Grosz mencion\u00f3: \u201cLos estudiantes que participan en este tipo de proyectos son la raz\u00f3n por la que tenemos Embedded EthiCS en Harvard, en la cual esperamos que los estudiantes piensen no solo si podr\u00edan construir un cierto tipo de sistema, sino si deber\u00edan construirlo y de qu\u00e9 manera deber\u00edan dise\u00f1arlo\u201d.<\/p>\n<figure class=\"aligncenter\"><a class=\"wp-image-881180 size-large-wrap h-lightbox is-zoomable\" href=\"https:\/\/icdn.dtcn.com\/image\/digitaltrends_es\/55-reconocimiento-facial-2-1200x800.jpg\"><img src=\"http:\/\/cordobadirecto.com\/wp-content\/uploads\/2021\/10\/the-facetag-la-app-de-harvard-del-nuevo-mark-zuckerberg.gif\" data-dt-lazy-src=\"https:\/\/icdn.dtcn.com\/image\/digitaltrends_es\/55-reconocimiento-facial-2-720x720.jpg\" onerror=\"dti_load_error(this)\" class=\" size-large wp-image-881180 dt-lazy-load dt-lazy-pending\" alt><\/a><\/figure>\n<p>En el caso de FaceTag, cuando una persona crea por primera vez un perfil, la aplicaci\u00f3n escanea su rostro y extrae sus puntos y medidas. Seg\u00fan Chow, esa informaci\u00f3n se guarda, pero no la imagen en s\u00ed. Entonces, si se escanea el rostro de alguien que no se ha registrado en The FaceTag, esta no funcionar\u00e1. Pero si la persona est\u00e1 registrada, el reconocimiento facial de la aplicaci\u00f3n s\u00ed coincidir\u00e1.<\/p>\n<p>Chow tambi\u00e9n consider\u00f3 la posibilidad de que se acceda a la informaci\u00f3n de contacto a trav\u00e9s de la fotograf\u00eda de un usuario o que se escanee la cara de alguien sin su conocimiento. Es por eso que ha incorporado funciones de seguridad, como los perfiles privados, y asegura que \u201cel usuario tiene esencialmente un control total sobre qui\u00e9n tiene acceso a los datos\u201d.<\/p>\n<p>Probablemente The FaceTag no provocar\u00eda un debate si hubiera utilizado c\u00f3digos QR en lugar de escanear rostros. Pero Chow dijo a <em><a href=\"https:\/\/www.businessinsider.com\/harvard-freshman-facetag-stokes-facial-recognition-debate-tiktok-mark-zuckerberg-2021-10\" target=\"_blank\" rel=\"noopener\">Insider<\/a> <\/em>que quer\u00eda usar el reconocimiento facial porque \u201ces mucho m\u00e1s genial\u201d que los c\u00f3digos QR, adem\u00e1s de que quer\u00eda jugar con las <a href=\"https:\/\/github.com\/justadudewhohacks\/face-api.js\/\">herramientas de aprendizaje autom\u00e1tico de c\u00f3digo abierto<\/a>.<\/p>\n<p>Chow sabe que la gente relaciona a The FaceTag con Facebook por sus comienzos parecidos, pero quiere dejar en claro que su aplicaci\u00f3n tiene \u201cmucha m\u00e1s\u201d privacidad que Facebook, ya que no recopila los \u201cdatos innecesarios\u201d como la plataforma de <a href=\"https:\/\/es.digitaltrends.com\/sociales\/facebook-series-peliculas-y-documentales\/\">Zuckerberg<\/a>. Seg\u00fan Chow, eso es lo que hace que su <em>app<\/em> sea diferente.<\/p>\n<h4 class=\"h-editors-recs-title\"> Recomendaciones del editor\t<\/h4>\n<p> <span id=\"publisher-md\" itemprop=\"publisher\" itemscope itemtype=\"https:\/\/schema.org\/Organization\"> <span itemprop=\"url\" itemtype=\"https:\/\/schema.org\/Url\" content=\"https:\/\/es.digitaltrends.com\"> <span itemprop=\"logo\" itemscope itemtype=\"https:\/\/schema.org\/ImageObject\"> <meta itemprop=\"url\" content=\"https:\/\/cdn.dtcn.com\/dt\/dt-logo-small.png\"> <meta itemprop=\"width\" content=\"0\"> <meta itemprop=\"height\" content=\"0\"> <\/span> <meta itemprop=\"name\" content=\"Digital Trends Espa\u00f1ol\"> <\/span> <span itemprop=\"image\" itemscope itemtype=\"https:\/\/schema.org\/ImageObject\"> <meta itemprop=\"url\" content=\"https:\/\/icdn.dtcn.com\/image\/digitaltrends_es\/55-reconocimiento-facial.jpg\"> <\/span> <\/span><\/p>\n","protected":false},"excerpt":{"rendered":"<p>Una idea que comenz\u00f3 como una broma entre estudiantes de Harvard se transform\u00f3 en una nueva aplicaci\u00f3n llamada The FaceTag, creada por el alumno de primer a\u00f1o Yuen Ler Chow. La historia es similar a la de Facebook, la plataforma que lanz\u00f3 Mark Zuckerberg en 2004 cuando era estudiante de segundo a\u00f1o en esa instituci\u00f3n. [&hellip;]<\/p>\n","protected":false},"author":1,"featured_media":25080,"comment_status":"closed","ping_status":"closed","sticky":false,"template":"","format":"standard","meta":[],"categories":[26],"tags":[],"_links":{"self":[{"href":"http:\/\/cordobadirecto.com\/index.php\/wp-json\/wp\/v2\/posts\/25079"}],"collection":[{"href":"http:\/\/cordobadirecto.com\/index.php\/wp-json\/wp\/v2\/posts"}],"about":[{"href":"http:\/\/cordobadirecto.com\/index.php\/wp-json\/wp\/v2\/types\/post"}],"author":[{"embeddable":true,"href":"http:\/\/cordobadirecto.com\/index.php\/wp-json\/wp\/v2\/users\/1"}],"replies":[{"embeddable":true,"href":"http:\/\/cordobadirecto.com\/index.php\/wp-json\/wp\/v2\/comments?post=25079"}],"version-history":[{"count":0,"href":"http:\/\/cordobadirecto.com\/index.php\/wp-json\/wp\/v2\/posts\/25079\/revisions"}],"wp:featuredmedia":[{"embeddable":true,"href":"http:\/\/cordobadirecto.com\/index.php\/wp-json\/wp\/v2\/media\/25080"}],"wp:attachment":[{"href":"http:\/\/cordobadirecto.com\/index.php\/wp-json\/wp\/v2\/media?parent=25079"}],"wp:term":[{"taxonomy":"category","embeddable":true,"href":"http:\/\/cordobadirecto.com\/index.php\/wp-json\/wp\/v2\/categories?post=25079"},{"taxonomy":"post_tag","embeddable":true,"href":"http:\/\/cordobadirecto.com\/index.php\/wp-json\/wp\/v2\/tags?post=25079"}],"curies":[{"name":"wp","href":"https:\/\/api.w.org\/{rel}","templated":true}]}}