{"id":25110,"date":"2021-10-26T16:57:37","date_gmt":"2021-10-26T16:57:37","guid":{"rendered":"https:\/\/cordoba.gob.ar\/?p=15202"},"modified":"2021-10-26T16:57:37","modified_gmt":"2021-10-26T16:57:37","slug":"junto-a-tamse-y-el-consulado-de-peru-la-municipalidad-recupero-la-plaza-republica-del-peru-de-barrio-las-rosas","status":"publish","type":"post","link":"http:\/\/cordobadirecto.com\/index.php\/2021\/10\/26\/junto-a-tamse-y-el-consulado-de-peru-la-municipalidad-recupero-la-plaza-republica-del-peru-de-barrio-las-rosas\/","title":{"rendered":"Junto a TAMSE y el consulado de Per\u00fa, la Municipalidad recuper\u00f3 la plaza \u201cRep\u00fablica del Per\u00fa\u201d de barrio Las Rosas"},"content":{"rendered":"<div><img src=\"http:\/\/cordobadirecto.com\/wp-content\/uploads\/2021\/10\/junto-a-tamse-y-el-consulado-de-peru-la-municipalidad-recupero-la-plaza-republica-del-peru-de-barrio-las-rosas.jpg\" class=\"ff-og-image-inserted\"><\/div>\n<ul>\n<li><strong>El intendente Mart\u00edn Llaryora visit\u00f3 el espacio de m\u00e1s de 4.200 m\u00b2 que se encontraba abandonado y con iluminaci\u00f3n deficiente.<\/strong><\/li>\n<\/ul>\n<hr>\n<p>La Municipalidad de C\u00f3rdoba, a trav\u00e9s de la empresa TAMSE y en colaboraci\u00f3n con el Consulado de Per\u00fa recuperaron la plaza Rep\u00fablica del Per\u00fa de barrio Las Rosas, en el sector noroeste de la ciudad.<\/p>\n<p>Se trata de un espacio verde de m\u00e1s de 4.200 m\u00b2, ubicado entre la Av. Sagrada Familia y las calles Juan Vianney y Pelagio Luna, que durante muchos a\u00f1os luci\u00f3 deprimido por la falta de mantenimiento general.<\/p>\n<p>Las tareas de recuperaci\u00f3n implicaron la reparaci\u00f3n y pintura de la infraestructura existente, junto a la colocaci\u00f3n de nuevos juegos infantiles, inclusivos, ecol\u00f3gicos y equipos para gimnasia. Adem\u00e1s, se instalaron sets de bancos y mesas.<\/p>\n<p>\u201cNosotros avanzamos trabajando en conjunto, lo que hicimos en esta plaza representa mucho para nosotros, porque esto era un lugar abandonado y ahora es un espacio p\u00fablico que se recupera para todos y especialmente para los chicos y las mujeres\u201d, defini\u00f3 Llaryora.<\/p>\n<p>Adem\u00e1s, en el lugar se instal\u00f3 un nuevo busto del escritor Inca Garcilaso de la Vega, tra\u00eddo desde Per\u00fa, su pa\u00eds natal para reemplazar al viejo, que se encontraba vandalizado.<\/p>\n<p>En este sentido, la C\u00f3nsul de Per\u00fa en C\u00f3rdoba, Roxana Galindo Mendoza agradeci\u00f3 a la Municipalidad de C\u00f3rdoba y a la empresa TAMSE y destac\u00f3 que \u201cno solamente se trata de nosotros los peruanos, se trata de lo que nos une con C\u00f3rdoba a trav\u00e9s de la historia, de lo que sentimos en el d\u00eda a d\u00eda, como migrantes, como cordobeses de coraz\u00f3n. En ese sentido quiero tambi\u00e9n a la Asociaci\u00f3n Inca Garcilaso de la Vega y recordar que en \u00e9l se resume la imagen del mestizaje, de la uni\u00f3n, es la imagen que nos tiene que seguir como peruanos\u201d.<\/p>\n<p>Entre las m\u00faltiples intervenciones realizadas por TAMSE se encuentra la mejora de la iluminaci\u00f3n a trav\u00e9s del reemplazo de todas las viejas l\u00e1mparas de vapor de sodio por tecnolog\u00eda LED.&nbsp;Tambi\u00e9n incorporaron cuatro m\u00e1stiles para banderas y se pintaron los otros existentes.<\/p>\n<p>\u201cEsta plaza tiene que ser un orgullo no solo para los vecinos sino tambi\u00e9n para la comunidad de hermanos peruanos que viven en C\u00f3rdoba, a quienes agradecemos el apoyo constante. Por ac\u00e1 pasan las l\u00edneas nuevas de TAMSE, la 82, la 83 y tambi\u00e9n los B1. Estamos mejorando el transporte p\u00fablico y los corredores por donde este pasa\u201d, se\u00f1al\u00f3 a su turno el titular de TAMSE, Marcelo Rodio.<\/p>\n<p>Entre las intervenciones realizadas por la empresa de transporte se encuentra la colocaci\u00f3n de nuevo solado y rampas de acceso para personas con discapacidad. Tambi\u00e9n se repararon y demarcaron senderos, en tanto que los cordones, rampas y accesos fueron pintados.<\/p>\n<p>A su turno, la secretaria de Planeamiento, Modernizaci\u00f3n y Relaciones Internacionales del municipio Alejandra Torres, anunci\u00f3 la pronta inauguraci\u00f3n del nuevo Centro de Atenci\u00f3n a Personas Migrantes y Refugiadas (CAPeM), que funcionar\u00e1 en Caseros 356.<\/p>\n<p>\u201cEsta casa tendr\u00e1 toda la informaci\u00f3n para que el migrante sepa cu\u00e1les son sus derechos y no se sienta tan desamparado como muchas veces sienten quienes tienen que alejarse de su pa\u00eds para tratar de forjarse una nueva vida\u201d, resalt\u00f3 Torres.<\/p>\n<p>Finalmente se realiz\u00f3 la se\u00f1alizaci\u00f3n y demarcaci\u00f3n de espacios de uso com\u00fan, agregando nuevos cestos de residuos. Se realizaron nuevos canteros perimetrales y centrales, terminando las acciones en la plaza con la poda general alta y baja.<\/p>\n<p>Augusto Vald\u00e9s Arce, de la Asociaci\u00f3n Inca Garcilaso de la Vega, agradeci\u00f3 a la Municipalidad de C\u00f3rdoba y a TAMSE \u201cpor este lugar tan especial para los peruanos, es un honor para nosotros tener en la ciudad una plaza con el nombre de nuestra querida Rep\u00fablica del Per\u00fa y en especial a nuestra asociaci\u00f3n ya que tendremos en esta plaza el busto de Inca Garcilaso de la Vega\u201d.<\/p>\n","protected":false},"excerpt":{"rendered":"<p>El intendente Mart\u00edn Llaryora visit\u00f3 el espacio de m\u00e1s de 4.200 m\u00b2 que se encontraba abandonado y con iluminaci\u00f3n deficiente. La Municipalidad de C\u00f3rdoba, a trav\u00e9s de la empresa TAMSE y en colaboraci\u00f3n con el Consulado de Per\u00fa recuperaron la plaza Rep\u00fablica del Per\u00fa de barrio Las Rosas, en el sector noroeste de la ciudad. [&hellip;]<\/p>\n","protected":false},"author":1,"featured_media":25111,"comment_status":"closed","ping_status":"closed","sticky":false,"template":"","format":"standard","meta":[],"categories":[44],"tags":[],"_links":{"self":[{"href":"http:\/\/cordobadirecto.com\/index.php\/wp-json\/wp\/v2\/posts\/25110"}],"collection":[{"href":"http:\/\/cordobadirecto.com\/index.php\/wp-json\/wp\/v2\/posts"}],"about":[{"href":"http:\/\/cordobadirecto.com\/index.php\/wp-json\/wp\/v2\/types\/post"}],"author":[{"embeddable":true,"href":"http:\/\/cordobadirecto.com\/index.php\/wp-json\/wp\/v2\/users\/1"}],"replies":[{"embeddable":true,"href":"http:\/\/cordobadirecto.com\/index.php\/wp-json\/wp\/v2\/comments?post=25110"}],"version-history":[{"count":0,"href":"http:\/\/cordobadirecto.com\/index.php\/wp-json\/wp\/v2\/posts\/25110\/revisions"}],"wp:featuredmedia":[{"embeddable":true,"href":"http:\/\/cordobadirecto.com\/index.php\/wp-json\/wp\/v2\/media\/25111"}],"wp:attachment":[{"href":"http:\/\/cordobadirecto.com\/index.php\/wp-json\/wp\/v2\/media?parent=25110"}],"wp:term":[{"taxonomy":"category","embeddable":true,"href":"http:\/\/cordobadirecto.com\/index.php\/wp-json\/wp\/v2\/categories?post=25110"},{"taxonomy":"post_tag","embeddable":true,"href":"http:\/\/cordobadirecto.com\/index.php\/wp-json\/wp\/v2\/tags?post=25110"}],"curies":[{"name":"wp","href":"https:\/\/api.w.org\/{rel}","templated":true}]}}