{"id":25127,"date":"2021-10-27T02:35:43","date_gmt":"2021-10-27T02:35:43","guid":{"rendered":"https:\/\/es.digitaltrends.com\/?p=881265"},"modified":"2021-10-27T02:35:43","modified_gmt":"2021-10-27T02:35:43","slug":"sony-xperia-pro-i-el-nuevo-telefono-de-sony-es-casi-una-camara","status":"publish","type":"post","link":"http:\/\/cordobadirecto.com\/index.php\/2021\/10\/27\/sony-xperia-pro-i-el-nuevo-telefono-de-sony-es-casi-una-camara\/","title":{"rendered":"Sony Xperia PRO-I: el nuevo tel\u00e9fono de Sony es casi una c\u00e1mara"},"content":{"rendered":"<p>Si hay algo que Sony sabe hacer muy bien son las c\u00e1maras fotogr\u00e1ficas. Consciente de ello, el fabricante lleva tiempo intentando introducir su sabidur\u00eda en este campo en los tel\u00e9fonos m\u00f3viles.<\/p>\n<p>Despu\u00e9s de presentar el <a href=\"https:\/\/es.digitaltrends.com\/celular\/sony-xperia-pro-5g\/\">Xperia Pro<\/a>, una versi\u00f3n de su <a href=\"https:\/\/es.digitaltrends.com\/celular\/xperia-1-ii-sony-5g-buque-insignia\/\">Xperia 1 II<\/a> con tecnolog\u00eda de las c\u00e1maras Sony Alpha, la marca japonesa se renueva con el Sony Xperia PRO-I, su primer tel\u00e9fono con sensor de una pulgada.<\/p>\n<p>El tel\u00e9fono cuenta con una pantalla OLED de 6.5 pulgadas con resoluci\u00f3n 2K y tasa de actualizaci\u00f3n de 120 Hz, as\u00ed como un brillo m\u00e1ximo de 1,000 nits. En su interior encontramos una configuraci\u00f3n de gama alta formada por el procesador Qualcomm Snapdragon 888 acompa\u00f1ado de 12 GB de memoria RAM y 512 GB de almacenamiento ampliable mediante tarjetas microSD.<\/p>\n<p>Su bater\u00eda es de 4,500 mAh con sistema de carga r\u00e1pida de 30W que, seg\u00fan Sony, consigue 50 por ciento de carga en 30 minutos.<\/p>\n<figure class=\"aligncenter\"><img src=\"http:\/\/cordobadirecto.com\/wp-content\/uploads\/2021\/10\/sony-xperia-pro-i-el-nuevo-telefono-de-sony-es-casi-una-camara.gif\" data-dt-lazy-src=\"https:\/\/icdn.dtcn.com\/image\/digitaltrends_es\/sony-xperia-3-1000x462.jpg\" onerror=\"dti_load_error(this)\" class=\" wp-image-881269 size-full dt-lazy-load dt-lazy-pending\" alt><\/figure>\n<p>Vistas las especificaciones generales, pasamos al punto fuerte de este tel\u00e9fono: su c\u00e1mara. El tel\u00e9fono tiene el mismo sensor en su c\u00e1mara trasera que la Sony RX100 VII lanzada en 2019. Es un sensor de una pulgada con lente Zeiss de apertura variable entre f\/2.0 y f\/4.0. Se acompa\u00f1a de otro sensor de 12 MP con apertura f\/2.2 y un tercero de 12 MP y apertura f\/2.4. La c\u00e1mara tiene iTOF 3D para el enfoque autom\u00e1tico y un procesador dedicado Bionz X.<\/p>\n<p>El dispositivo tiene un bot\u00f3n f\u00edsico para disparar y una ranura para introducirle una correa como en las c\u00e1maras. Adem\u00e1s, el software emula al de las c\u00e1maras Sony Alpha.<\/p>\n<h2>Precio y disponibilidad<\/h2>\n<p>El nuevo Sony Xperia PRO-I llegar\u00e1 a Europa en diciembre por un precio bastante elevado, 1,799 euros, con una \u00fanica configuraci\u00f3n de memorias y en color negro.<\/p>\n<h4 class=\"h-editors-recs-title\"> Recomendaciones del editor\t<\/h4>\n<p> <span id=\"publisher-md\" itemprop=\"publisher\" itemscope itemtype=\"https:\/\/schema.org\/Organization\"> <span itemprop=\"url\" itemtype=\"https:\/\/schema.org\/Url\" content=\"https:\/\/es.digitaltrends.com\"> <span itemprop=\"logo\" itemscope itemtype=\"https:\/\/schema.org\/ImageObject\"> <meta itemprop=\"url\" content=\"https:\/\/cdn.dtcn.com\/dt\/dt-logo-small.png\"> <meta itemprop=\"width\" content=\"0\"> <meta itemprop=\"height\" content=\"0\"> <\/span> <meta itemprop=\"name\" content=\"Digital Trends Espa\u00f1ol\"> <\/span> <span itemprop=\"image\" itemscope itemtype=\"https:\/\/schema.org\/ImageObject\"> <meta itemprop=\"url\" content=\"https:\/\/icdn.dtcn.com\/image\/digitaltrends_es\/sony-xperia-pro-i-portada.jpg\"> <\/span> <\/span><\/p>\n","protected":false},"excerpt":{"rendered":"<p>Si hay algo que Sony sabe hacer muy bien son las c\u00e1maras fotogr\u00e1ficas. Consciente de ello, el fabricante lleva tiempo intentando introducir su sabidur\u00eda en este campo en los tel\u00e9fonos m\u00f3viles. Despu\u00e9s de presentar el Xperia Pro, una versi\u00f3n de su Xperia 1 II con tecnolog\u00eda de las c\u00e1maras Sony Alpha, la marca japonesa se [&hellip;]<\/p>\n","protected":false},"author":1,"featured_media":25128,"comment_status":"closed","ping_status":"closed","sticky":false,"template":"","format":"standard","meta":[],"categories":[26],"tags":[],"_links":{"self":[{"href":"http:\/\/cordobadirecto.com\/index.php\/wp-json\/wp\/v2\/posts\/25127"}],"collection":[{"href":"http:\/\/cordobadirecto.com\/index.php\/wp-json\/wp\/v2\/posts"}],"about":[{"href":"http:\/\/cordobadirecto.com\/index.php\/wp-json\/wp\/v2\/types\/post"}],"author":[{"embeddable":true,"href":"http:\/\/cordobadirecto.com\/index.php\/wp-json\/wp\/v2\/users\/1"}],"replies":[{"embeddable":true,"href":"http:\/\/cordobadirecto.com\/index.php\/wp-json\/wp\/v2\/comments?post=25127"}],"version-history":[{"count":0,"href":"http:\/\/cordobadirecto.com\/index.php\/wp-json\/wp\/v2\/posts\/25127\/revisions"}],"wp:featuredmedia":[{"embeddable":true,"href":"http:\/\/cordobadirecto.com\/index.php\/wp-json\/wp\/v2\/media\/25128"}],"wp:attachment":[{"href":"http:\/\/cordobadirecto.com\/index.php\/wp-json\/wp\/v2\/media?parent=25127"}],"wp:term":[{"taxonomy":"category","embeddable":true,"href":"http:\/\/cordobadirecto.com\/index.php\/wp-json\/wp\/v2\/categories?post=25127"},{"taxonomy":"post_tag","embeddable":true,"href":"http:\/\/cordobadirecto.com\/index.php\/wp-json\/wp\/v2\/tags?post=25127"}],"curies":[{"name":"wp","href":"https:\/\/api.w.org\/{rel}","templated":true}]}}