{"id":25154,"date":"2021-10-27T01:41:59","date_gmt":"2021-10-27T01:41:59","guid":{"rendered":"https:\/\/www.bbc.com\/mundo\/noticias-america-latina-59059249"},"modified":"2021-10-27T01:41:59","modified_gmt":"2021-10-27T01:41:59","slug":"bolsonaro-que-consecuencias-puede-tener-para-el-mandatario-que-haya-sido-acusado-de-9-crimenes-en-el-senado-de-brasil-por-su-respuesta-a-la-pandemia","status":"publish","type":"post","link":"http:\/\/cordobadirecto.com\/index.php\/2021\/10\/27\/bolsonaro-que-consecuencias-puede-tener-para-el-mandatario-que-haya-sido-acusado-de-9-crimenes-en-el-senado-de-brasil-por-su-respuesta-a-la-pandemia\/","title":{"rendered":"Bolsonaro: qu\u00e9 consecuencias puede tener para el mandatario que haya sido acusado de 9 cr\u00edmenes en el Senado de Brasil por su respuesta a la pandemia"},"content":{"rendered":"<div dir=\"ltr\" class=\"e1j2237y5 bbc-q4ibpr e57qer20\">\n<div class=\"bbc-1atl7vu e1c9i7u14\">\n<ul role=\"list\" class=\"bbc-k0l9bd e1c9i7u12\">\n<li role=\"listitem\" class=\"bbc-1a3w4ok e1c9i7u11\">Gerardo Lissardy<\/li>\n<li role=\"listitem\" class=\"bbc-1p92jtu e1c9i7u10\">BBC News Mundo<\/li>\n<\/ul>\n<\/div>\n<\/div>\n<p><time datetime=\"2021-10-27\" class=\"bbc-14xtggo e4zesg50\">3 horas<\/time><\/p>\n<div dir=\"ltr\" class=\"bbc-1ka88fa e57qer20\">\n<figure class=\"bbc-1qdcvv9 e6bmn90\">\n<div dir=\"ltr\" class=\"bbc-172p16q e57qer20\">\n<div dir=\"ltr\" class=\"bbc-189y18v e57qer20\" readability=\"6.5\">\n<div data-e2e=\"image-placeholder\" class=\"bbc-997y1y e1whu0\" readability=\"8\"><img loading=\"lazy\" srcset=\"http:\/\/cordobadirecto.com\/wp-content\/uploads\/2021\/10\/bolsonaro-que-consecuencias-puede-tener-para-el-mandatario-que-haya-sido-acusado-de-9-crimenes-en-el-senado-de-brasil-por-su-respuesta-a-la-pandemia-6.jpg 240w, http:\/\/cordobadirecto.com\/wp-content\/uploads\/2021\/10\/bolsonaro-que-consecuencias-puede-tener-para-el-mandatario-que-haya-sido-acusado-de-9-crimenes-en-el-senado-de-brasil-por-su-respuesta-a-la-pandemia-7.jpg 320w, http:\/\/cordobadirecto.com\/wp-content\/uploads\/2021\/10\/bolsonaro-que-consecuencias-puede-tener-para-el-mandatario-que-haya-sido-acusado-de-9-crimenes-en-el-senado-de-brasil-por-su-respuesta-a-la-pandemia-8.jpg 480w, http:\/\/cordobadirecto.com\/wp-content\/uploads\/2021\/10\/bolsonaro-que-consecuencias-puede-tener-para-el-mandatario-que-haya-sido-acusado-de-9-crimenes-en-el-senado-de-brasil-por-su-respuesta-a-la-pandemia-9.jpg 624w, http:\/\/cordobadirecto.com\/wp-content\/uploads\/2021\/10\/bolsonaro-que-consecuencias-puede-tener-para-el-mandatario-que-haya-sido-acusado-de-9-crimenes-en-el-senado-de-brasil-por-su-respuesta-a-la-pandemia.jpg 640w\" alt=\"Bolsonaro\" src=\"http:\/\/cordobadirecto.com\/wp-content\/uploads\/2021\/10\/bolsonaro-que-consecuencias-puede-tener-para-el-mandatario-que-haya-sido-acusado-de-9-crimenes-en-el-senado-de-brasil-por-su-respuesta-a-la-pandemia.jpg\" sizes=\"(min-width: 1008px) 645px, 100vw\" width=\"640\" height=\"360\" class=\"eehpdyc0 bbc-100dhyn e1enwo3v0\"><\/p>\n<p role=\"text\" class=\"bbc-1s1cxbv etq3yw90\"><span class=\"bbc-1gnhmg2 e1yt7oin0\">Fuente de la imagen, <\/span><span lang=\"en-GB\">Reuters<\/span><\/p>\n<\/div>\n<\/div>\n<\/div>\n<\/figure>\n<\/div>\n<div dir=\"ltr\" class=\"bbc-19j92fr e57qer20\" readability=\"11\">\n<p dir=\"ltr\" class=\"bbc-bm53ic e1cc2ql70\"><b>El presidente de Brasil, Jair Bolsonaro, recibi\u00f3 un duro rev\u00e9s este martes: una comisi\u00f3n investigadora del Senado de su pa\u00eds recomend\u00f3 que sea imputado por su gesti\u00f3n de la pandemia de coronavirus.<\/b><\/p>\n<\/div>\n<div dir=\"ltr\" class=\"bbc-19j92fr e57qer20\" readability=\"12\">\n<p dir=\"ltr\" class=\"bbc-bm53ic e1cc2ql70\">El informe final de la comisi\u00f3n senatorial que indag\u00f3 la crisis de covid-19 en Brasil, aprobado este martes por siete votos contra cuatro, acusa a Bolsonaro de <b>nueve <\/b><b>delitos<\/b><b> diversos<\/b>, inclu\u00eddos cr\u00edmenes &#8220;contra la humanidad&#8221;. <\/p>\n<\/div>\n<div dir=\"ltr\" class=\"bbc-19j92fr e57qer20\" readability=\"11\">\n<p dir=\"ltr\" class=\"bbc-bm53ic e1cc2ql70\">Esto ocurre en un contexto delicado en Brasil, con m\u00e1s de 600.000 muertos por la pandemia (el segundo peor saldo por pa\u00eds en el mundo, despu\u00e9s de Estados Unidos) y crecientes dificultades econ\u00f3micas.<\/p>\n<\/div>\n<div dir=\"ltr\" class=\"bbc-19j92fr e57qer20\" readability=\"11\">\n<p dir=\"ltr\" class=\"bbc-bm53ic e1cc2ql70\">Si bien la comisi\u00f3n recomend\u00f3 la imputaci\u00f3n de otras 77 personas, desde asesores a ministros de gobierno y tres hijos del presidente, Bolsonaro es se\u00f1alado como el &#8220;<b>responsable principal por los errores cometidos por el gobierno federal durante la pandemia&#8221;<\/b><\/p>\n<\/div>\n<div dir=\"ltr\" class=\"bbc-19j92fr e57qer20\" readability=\"8\">\n<p dir=\"ltr\" class=\"bbc-bm53ic e1cc2ql70\">El presidente ha negado tener &#8220;culpa&#8221; alguna por la propagaci\u00f3n del coronavirus en Brasil y critic\u00f3 el trabajo del panel de senadores. <\/p>\n<\/div>\n<div dir=\"ltr\" class=\"bbc-19j92fr e57qer20\" readability=\"11\">\n<p dir=\"ltr\" class=\"bbc-bm53ic e1cc2ql70\">&#8220;Me tachan de genocida, falsificador de documentos, exterminador de indios: es absurdo lo que hicieron estos tipos&#8221;, declar\u00f3 Bolsonaro el lunes a una radio local. <\/p>\n<\/div>\n<div dir=\"ltr\" class=\"bbc-19j92fr e57qer20\" readability=\"9\">\n<p dir=\"ltr\" class=\"bbc-bm53ic e1cc2ql70\">Sin embargo, expertos advierten que el informe de 1.289 p\u00e1ginas puede tener distintas consecuencias para el mandatario de extrema derecha.<\/p>\n<\/div>\n<div dir=\"ltr\" class=\"bbc-19j92fr e57qer20\" readability=\"15\">\n<p dir=\"ltr\" class=\"bbc-bm53ic e1cc2ql70\">&#8220;Muchos imaginaban que la democracia brasile\u00f1a estaba en riesgo, (pero) el informe de esta comisi\u00f3n se\u00f1ala que la democracia est\u00e1 efervescente y es capaz de imponer p\u00e9rdidas pol\u00edticas y tal vez judiciales al Ejecutivo&#8221;, dice Carlos Pereira, polit\u00f3logo y profesor titular de la Fundaci\u00f3n Getulio Vargas, una universidad brasile\u00f1a de elite, a BBC Mundo. <\/p>\n<\/div>\n<div dir=\"ltr\" class=\"bbc-1ka88fa e57qer20\">\n<figure class=\"bbc-1qdcvv9 e6bmn90\">\n<div dir=\"ltr\" class=\"bbc-172p16q e57qer20\">\n<div dir=\"ltr\" class=\"bbc-189y18v e57qer20\" readability=\"6.5\">\n<div data-e2e=\"image-placeholder\" class=\"bbc-997y1y e1whu0\" readability=\"8\"><noscript><img loading=\"lazy\" srcset=\"http:\/\/cordobadirecto.com\/wp-content\/uploads\/2021\/10\/bolsonaro-que-consecuencias-puede-tener-para-el-mandatario-que-haya-sido-acusado-de-9-crimenes-en-el-senado-de-brasil-por-su-respuesta-a-la-pandemia-10.jpg 240w, http:\/\/cordobadirecto.com\/wp-content\/uploads\/2021\/10\/bolsonaro-que-consecuencias-puede-tener-para-el-mandatario-que-haya-sido-acusado-de-9-crimenes-en-el-senado-de-brasil-por-su-respuesta-a-la-pandemia-11.jpg 320w, http:\/\/cordobadirecto.com\/wp-content\/uploads\/2021\/10\/bolsonaro-que-consecuencias-puede-tener-para-el-mandatario-que-haya-sido-acusado-de-9-crimenes-en-el-senado-de-brasil-por-su-respuesta-a-la-pandemia-12.jpg 480w, http:\/\/cordobadirecto.com\/wp-content\/uploads\/2021\/10\/bolsonaro-que-consecuencias-puede-tener-para-el-mandatario-que-haya-sido-acusado-de-9-crimenes-en-el-senado-de-brasil-por-su-respuesta-a-la-pandemia-13.jpg 624w, http:\/\/cordobadirecto.com\/wp-content\/uploads\/2021\/10\/bolsonaro-que-consecuencias-puede-tener-para-el-mandatario-que-haya-sido-acusado-de-9-crimenes-en-el-senado-de-brasil-por-su-respuesta-a-la-pandemia-14.jpg 800w\" alt=\"El informe final del CPI de Covid se ley\u00f3 en el Senado este mi\u00e9rcoles\" src=\"http:\/\/cordobadirecto.com\/wp-content\/uploads\/2021\/10\/bolsonaro-que-consecuencias-puede-tener-para-el-mandatario-que-haya-sido-acusado-de-9-crimenes-en-el-senado-de-brasil-por-su-respuesta-a-la-pandemia-1.jpg\" sizes=\"(min-width: 1008px) 645px, 100vw\" width=\"976\" height=\"549\" class=\"eehpdyc0 bbc-100dhyn e1enwo3v0\"><\/noscript><\/p>\n<p role=\"text\" class=\"bbc-1s1cxbv etq3yw90\"><span class=\"bbc-1gnhmg2 e1yt7oin0\">Fuente de la imagen, <\/span><span lang=\"en-GB\">Ag\u00eancia Senado<\/span><\/p>\n<\/div>\n<\/div>\n<div dir=\"ltr\" class=\"bbc-3edg7g e57qer20\" readability=\"6\"><figcaption dir=\"ltr\" class=\"bbc-1t9zlwf eede9f50\" readability=\"2\"><span class=\"bbc-1gnhmg2 e1yt7oin0\">Pie de foto, <\/span><\/p>\n<p>El informe final del CPI de Covid se vot\u00f3 este martes.<\/p>\n<\/figcaption><\/div>\n<\/div>\n<\/figure>\n<\/div>\n<p><h2 id=\"Los-cr\u00edmenes-atribuidos\" tabindex=\"-1\" class=\"bbc-l3e97o e14hemmw0\">Los cr\u00edmenes atribuidos<\/h2>\n<\/p>\n<div dir=\"ltr\" class=\"bbc-19j92fr e57qer20\" readability=\"12\">\n<p dir=\"ltr\" class=\"bbc-bm53ic e1cc2ql70\">Desde el inicio de la pandemia, Bolsonaro neg\u00f3 la gravedad de la misma, mostr\u00e1ndose contrario a medidas de aislamiento y distanciamento social, y promoviendo actos multitudinarios o medicamentos sin eficacia probada contra la covid-19 en vez del uso de m\u00e1scaras o la vacunaci\u00f3n. <\/p>\n<\/div>\n<div dir=\"ltr\" class=\"bbc-19j92fr e57qer20\" readability=\"9\">\n<p dir=\"ltr\" class=\"bbc-bm53ic e1cc2ql70\">Tras una investigaci\u00f3n de seis meses que atrajo la atenci\u00f3n p\u00fablica, la comisi\u00f3n del Senado atribuy\u00f3 un total de nueve cr\u00edmenes al presidente. <\/p>\n<\/div>\n<div dir=\"ltr\" class=\"bbc-19j92fr e57qer20\" readability=\"16\">\n<p dir=\"ltr\" class=\"bbc-bm53ic e1cc2ql70\">La lista incluye un crimen de epidemia con resultado de muerte, infracci\u00f3n de medidas sanitarias preventivas, charlatanismo, incitaci\u00f3n al crimen, falsificaci\u00f3n de documento particular, uso irregular de recursos p\u00fablicos y prevaricaci\u00f3n, as\u00ed como cr\u00edmenes de responsabilidad y contra la humanidad.<\/p>\n<\/div>\n<div dir=\"ltr\" class=\"bbc-19j92fr e57qer20\" readability=\"8\">\n<p dir=\"ltr\" class=\"bbc-bm53ic e1cc2ql70\">Los primeros siete se consideran cr\u00edmenes &#8220;comunes&#8221;: <b>est\u00e1n tipificados por el c\u00f3digo penal brasile\u00f1o<\/b> y pueden ser castigados por la justicia hasta con c\u00e1rcel. <\/p>\n<\/div>\n<div dir=\"ltr\" class=\"bbc-1ka88fa e57qer20\">\n<figure class=\"bbc-1qdcvv9 e6bmn90\">\n<div dir=\"ltr\" class=\"bbc-172p16q e57qer20\">\n<div dir=\"ltr\" class=\"bbc-189y18v e57qer20\" readability=\"6.5\">\n<div data-e2e=\"image-placeholder\" class=\"bbc-997y1y e1whu0\" readability=\"8\"><noscript><img loading=\"lazy\" srcset=\"http:\/\/cordobadirecto.com\/wp-content\/uploads\/2021\/10\/bolsonaro-que-consecuencias-puede-tener-para-el-mandatario-que-haya-sido-acusado-de-9-crimenes-en-el-senado-de-brasil-por-su-respuesta-a-la-pandemia-15.jpg 240w, http:\/\/cordobadirecto.com\/wp-content\/uploads\/2021\/10\/bolsonaro-que-consecuencias-puede-tener-para-el-mandatario-que-haya-sido-acusado-de-9-crimenes-en-el-senado-de-brasil-por-su-respuesta-a-la-pandemia-16.jpg 320w, http:\/\/cordobadirecto.com\/wp-content\/uploads\/2021\/10\/bolsonaro-que-consecuencias-puede-tener-para-el-mandatario-que-haya-sido-acusado-de-9-crimenes-en-el-senado-de-brasil-por-su-respuesta-a-la-pandemia-17.jpg 480w, http:\/\/cordobadirecto.com\/wp-content\/uploads\/2021\/10\/bolsonaro-que-consecuencias-puede-tener-para-el-mandatario-que-haya-sido-acusado-de-9-crimenes-en-el-senado-de-brasil-por-su-respuesta-a-la-pandemia-18.jpg 624w, http:\/\/cordobadirecto.com\/wp-content\/uploads\/2021\/10\/bolsonaro-que-consecuencias-puede-tener-para-el-mandatario-que-haya-sido-acusado-de-9-crimenes-en-el-senado-de-brasil-por-su-respuesta-a-la-pandemia-19.jpg 800w\" alt=\"Brasil es uno de los pa\u00edses con mayor n\u00famero de casos y muertes por covid-19.\" src=\"http:\/\/cordobadirecto.com\/wp-content\/uploads\/2021\/10\/bolsonaro-que-consecuencias-puede-tener-para-el-mandatario-que-haya-sido-acusado-de-9-crimenes-en-el-senado-de-brasil-por-su-respuesta-a-la-pandemia-2.jpg\" sizes=\"(min-width: 1008px) 645px, 100vw\" width=\"976\" height=\"549\" class=\"eehpdyc0 bbc-100dhyn e1enwo3v0\"><\/noscript><\/p>\n<p role=\"text\" class=\"bbc-1s1cxbv etq3yw90\"><span class=\"bbc-1gnhmg2 e1yt7oin0\">Fuente de la imagen, <\/span><span lang=\"en-GB\">Reuters<\/span><\/p>\n<\/div>\n<\/div>\n<div dir=\"ltr\" class=\"bbc-3edg7g e57qer20\" readability=\"6\"><figcaption dir=\"ltr\" class=\"bbc-1t9zlwf eede9f50\" readability=\"2\"><span class=\"bbc-1gnhmg2 e1yt7oin0\">Pie de foto, <\/span><\/p>\n<p>Brasil es uno de los pa\u00edses con mayor n\u00famero de casos y muertes por covid-19.<\/p>\n<\/figcaption><\/div>\n<\/div>\n<\/figure>\n<\/div>\n<div dir=\"ltr\" class=\"bbc-19j92fr e57qer20\" readability=\"9\">\n<p dir=\"ltr\" class=\"bbc-bm53ic e1cc2ql70\">Como el reporte tambi\u00e9n acusa a Bolsonaro de cr\u00edmenes de responsabilidad, <b>podr\u00eda habilitar un juicio pol\u00edtico<\/b> en el Congreso para destituirlo.<\/p>\n<\/div>\n<div dir=\"ltr\" class=\"bbc-19j92fr e57qer20\" readability=\"10\">\n<p dir=\"ltr\" class=\"bbc-bm53ic e1cc2ql70\">Adem\u00e1s, la atribuci\u00f3n de cr\u00edmenes &#8220;contra la humanidad&#8221; contemplados en el Estatuto de Roma, podr\u00eda eventualmente motivar<b> un proceso contra Bolsonaro en la Corte Penal Internacional<\/b> (CPI). <\/p>\n<\/div>\n<div dir=\"ltr\" class=\"bbc-19j92fr e57qer20\" readability=\"9\">\n<p dir=\"ltr\" class=\"bbc-bm53ic e1cc2ql70\">Miembros de la comisi\u00f3n del Senado anticiparon que enviar\u00e1n sus acusaciones a la Procuradur\u00eda General brasile\u00f1a, la C\u00e1mara de Diputados y la CPI para que las analicen qu\u00e9 pasos siguen. <\/p>\n<\/div>\n<div dir=\"ltr\" class=\"bbc-19j92fr e57qer20\" readability=\"11\">\n<p dir=\"ltr\" class=\"bbc-bm53ic e1cc2ql70\">Aliados de Bolsonaro negaron que haya elementos jur\u00eddicos que sustenten la criminalizaci\u00f3n del presidente y argumentaron que, como Brasil tiene un sistema federal, <b>el manejo de la salud tambi\u00e9n es responsabilidad de los estados.<\/b><\/p>\n<\/div>\n<div dir=\"ltr\" class=\"bbc-19j92fr e57qer20\" readability=\"11\">\n<p dir=\"ltr\" class=\"bbc-bm53ic e1cc2ql70\">Otro l\u00edder que busc\u00f3 relativizar la amenaza del covid-19, el expresidente de EE.UU. <b>Donald Trump expres\u00f3 en un comunicado este mismo martes su apoyo a Bolsonaro<\/b>, de quien dijo que son &#8220;grandes amigos&#8221;.<\/p>\n<\/div>\n<div dir=\"ltr\" class=\"bbc-19j92fr e57qer20\" readability=\"8\">\n<p dir=\"ltr\" class=\"bbc-bm53ic e1cc2ql70\">El informe de la comisi\u00f3n del Senado marca un momento especial en un Brasil donde es dif\u00edcil que los gobernantes sean acusados tan directamente por investigaciones del Congreso. <\/p>\n<\/div>\n<div dir=\"ltr\" class=\"bbc-19j92fr e57qer20\" readability=\"9\">\n<p dir=\"ltr\" class=\"bbc-bm53ic e1cc2ql70\">Sin embargo, <b>no existe ninguna garant\u00eda de que el informe aprobado derive en cargos formales contra Bolsonaro. <\/b><\/p>\n<\/div>\n<p><h2 id=\"Posibles-escenarios\" tabindex=\"-1\" class=\"bbc-l3e97o e14hemmw0\">Posibles escenarios<\/h2>\n<\/p>\n<div dir=\"ltr\" class=\"bbc-1ka88fa e57qer20\">\n<figure class=\"bbc-1qdcvv9 e6bmn90\">\n<div dir=\"ltr\" class=\"bbc-172p16q e57qer20\">\n<div dir=\"ltr\" class=\"bbc-189y18v e57qer20\">\n<div data-e2e=\"image-placeholder\" class=\"bbc-997y1y e1whu0\"><noscript><img loading=\"lazy\" srcset=\"http:\/\/cordobadirecto.com\/wp-content\/uploads\/2021\/10\/bolsonaro-que-consecuencias-puede-tener-para-el-mandatario-que-haya-sido-acusado-de-9-crimenes-en-el-senado-de-brasil-por-su-respuesta-a-la-pandemia-20.jpg 240w, http:\/\/cordobadirecto.com\/wp-content\/uploads\/2021\/10\/bolsonaro-que-consecuencias-puede-tener-para-el-mandatario-que-haya-sido-acusado-de-9-crimenes-en-el-senado-de-brasil-por-su-respuesta-a-la-pandemia-21.jpg 320w, http:\/\/cordobadirecto.com\/wp-content\/uploads\/2021\/10\/bolsonaro-que-consecuencias-puede-tener-para-el-mandatario-que-haya-sido-acusado-de-9-crimenes-en-el-senado-de-brasil-por-su-respuesta-a-la-pandemia-22.jpg 480w, http:\/\/cordobadirecto.com\/wp-content\/uploads\/2021\/10\/bolsonaro-que-consecuencias-puede-tener-para-el-mandatario-que-haya-sido-acusado-de-9-crimenes-en-el-senado-de-brasil-por-su-respuesta-a-la-pandemia-23.jpg 624w, http:\/\/cordobadirecto.com\/wp-content\/uploads\/2021\/10\/bolsonaro-que-consecuencias-puede-tener-para-el-mandatario-que-haya-sido-acusado-de-9-crimenes-en-el-senado-de-brasil-por-su-respuesta-a-la-pandemia-3.jpg 640w\" alt=\"Brasil\" src=\"http:\/\/cordobadirecto.com\/wp-content\/uploads\/2021\/10\/bolsonaro-que-consecuencias-puede-tener-para-el-mandatario-que-haya-sido-acusado-de-9-crimenes-en-el-senado-de-brasil-por-su-respuesta-a-la-pandemia-3.jpg\" sizes=\"(min-width: 1008px) 645px, 100vw\" width=\"640\" height=\"360\" class=\"eehpdyc0 bbc-100dhyn e1enwo3v0\"><\/noscript><\/p>\n<p role=\"text\" class=\"bbc-1s1cxbv etq3yw90\"><span class=\"bbc-1gnhmg2 e1yt7oin0\">Fuente de la imagen, <\/span><span lang=\"en-GB\">EPA<\/span><\/p>\n<\/div>\n<\/div>\n<div dir=\"ltr\" class=\"bbc-3edg7g e57qer20\" readability=\"6\"><figcaption dir=\"ltr\" class=\"bbc-1t9zlwf eede9f50\" readability=\"2\"><span class=\"bbc-1gnhmg2 e1yt7oin0\">Pie de foto, <\/span><\/p>\n<p>La situaci\u00f3n econ\u00f3mica en Brasil es complicada.<\/p>\n<\/figcaption><\/div>\n<\/div>\n<\/figure>\n<\/div>\n<div dir=\"ltr\" class=\"bbc-19j92fr e57qer20\" readability=\"8\">\n<p dir=\"ltr\" class=\"bbc-bm53ic e1cc2ql70\">La comisi\u00f3n del Senado carece de potestades para denunciar directamente al presidente brasile\u00f1o o a los dem\u00e1s acusados en su informe. <\/p>\n<\/div>\n<div dir=\"ltr\" class=\"bbc-19j92fr e57qer20\" readability=\"11\">\n<p dir=\"ltr\" class=\"bbc-bm53ic e1cc2ql70\">Para que Bolsonaro sea acusado formalmente ante la justicia se requerir\u00eda el aval del fiscal general brasile\u00f1o, Augusto Aras, considerado <b>un aliado del mandatario <\/b>que ya ha archivado otros pedidos de investigaci\u00f3n en su contra.<\/p>\n<\/div>\n<div dir=\"ltr\" class=\"bbc-19j92fr e57qer20\" readability=\"12\">\n<p dir=\"ltr\" class=\"bbc-bm53ic e1cc2ql70\">Por otro lado, la apertura de un juicio pol\u00edtico o impeachment a Bolsonaro como los realizados contra sus antecesores Dilma Rousseff y Fernando Collor de Mello deber\u00eda pasar por el presidente de la C\u00e1mara de Diputados, Arthur Lira, otro aliado del mandatario. <\/p>\n<\/div>\n<div dir=\"ltr\" class=\"bbc-19j92fr e57qer20\" readability=\"9\">\n<p dir=\"ltr\" class=\"bbc-bm53ic e1cc2ql70\">Tampoco es seguro que Bolsonaro vaya a ser juzgado por la CPI de La Haya, aunque el Estatuto de Roma est\u00e9 incorporado al derecho brasile\u00f1o. <\/p>\n<\/div>\n<div dir=\"ltr\" class=\"bbc-19j92fr e57qer20\" readability=\"9\">\n<p dir=\"ltr\" class=\"bbc-bm53ic e1cc2ql70\">Para que ello ocurra, la CPI deber\u00eda decidir que <b>la denuncia del Senado es de su competencia<\/b> antes de iniciar un largo proceso de investigaci\u00f3n.<\/p>\n<\/div>\n<div dir=\"ltr\" class=\"bbc-19j92fr e57qer20\" readability=\"9\">\n<p dir=\"ltr\" class=\"bbc-bm53ic e1cc2ql70\">&#8220;<b>Creo que el impacto mayor ser\u00e1 pol\u00edtico antes que judicial<\/b>: una mayor fragilidad del gobierno ante los ojos de la sociedad y la p\u00e9rdida de competitividad electoral del gobierno&#8221;, eval\u00faa Pereira. <\/p>\n<\/div>\n<div dir=\"ltr\" class=\"bbc-19j92fr e57qer20\" readability=\"11\">\n<p dir=\"ltr\" class=\"bbc-bm53ic e1cc2ql70\">Agrega que, en lugar de impulsar la ca\u00edda de Bolsonaro, el opositor Partido de los Trabajadores (PT) del expresidente Luiz In\u00e1cio Lula da Silva parece m\u00e1s interesado en antagonizar con un mandatario debilitado. <\/p>\n<\/div>\n<div dir=\"ltr\" class=\"bbc-19j92fr e57qer20\" readability=\"11\">\n<p dir=\"ltr\" class=\"bbc-bm53ic e1cc2ql70\">Las encuestas sugieren que en una eventual segunda vuelta electoral, <b>Lula derrotar\u00eda por varios puntos a Bolsonaro<\/b>, cuyo \u00edndice de aprobaci\u00f3n baj\u00f3 a 22%, seg\u00fan sondeos de la firma Datafolha. <\/p>\n<\/div>\n<div dir=\"ltr\" class=\"bbc-19j92fr e57qer20\" readability=\"9\">\n<p dir=\"ltr\" class=\"bbc-bm53ic e1cc2ql70\">Frente a distintos problemas econ\u00f3micos como una creciente inflaci\u00f3n y un desempleo elevado (14%), Bolsonaro busca revivir programas de ayuda financiera a los sectores m\u00e1s necesitados.<\/p>\n<\/div>\n<div dir=\"ltr\" class=\"bbc-19j92fr e57qer20\" readability=\"7\">\n<p dir=\"ltr\" class=\"bbc-bm53ic e1cc2ql70\">Fue con esos mismos programas que el mandatario mejor\u00f3 su popularidad el a\u00f1o pasado.<\/p>\n<\/div>\n<div dir=\"ltr\" class=\"bbc-19j92fr e57qer20\" readability=\"8\">\n<p dir=\"ltr\" class=\"bbc-bm53ic e1cc2ql70\">Pero algunos economistas anticipan que ahora ese gasto podr\u00eda <b>incrementar el desajuste de las cuentas p\u00fablicas<\/b> y acarrear nuevas dificultades para el gobierno. <\/p>\n<\/div>\n<div dir=\"ltr\" class=\"bbc-1ka88fa e57qer20\">\n<figure class=\"bbc-1qdcvv9 e6bmn90\">\n<div dir=\"ltr\" class=\"bbc-172p16q e57qer20\">\n<div dir=\"ltr\" class=\"bbc-189y18v e57qer20\" readability=\"6.5\">\n<div data-e2e=\"image-placeholder\" class=\"bbc-997y1y e1whu0\" readability=\"8\"><noscript><img loading=\"lazy\" srcset=\"http:\/\/cordobadirecto.com\/wp-content\/uploads\/2021\/10\/bolsonaro-que-consecuencias-puede-tener-para-el-mandatario-que-haya-sido-acusado-de-9-crimenes-en-el-senado-de-brasil-por-su-respuesta-a-la-pandemia-24.jpg 240w, http:\/\/cordobadirecto.com\/wp-content\/uploads\/2021\/10\/bolsonaro-que-consecuencias-puede-tener-para-el-mandatario-que-haya-sido-acusado-de-9-crimenes-en-el-senado-de-brasil-por-su-respuesta-a-la-pandemia-25.jpg 320w, http:\/\/cordobadirecto.com\/wp-content\/uploads\/2021\/10\/bolsonaro-que-consecuencias-puede-tener-para-el-mandatario-que-haya-sido-acusado-de-9-crimenes-en-el-senado-de-brasil-por-su-respuesta-a-la-pandemia-26.jpg 480w, http:\/\/cordobadirecto.com\/wp-content\/uploads\/2021\/10\/bolsonaro-que-consecuencias-puede-tener-para-el-mandatario-que-haya-sido-acusado-de-9-crimenes-en-el-senado-de-brasil-por-su-respuesta-a-la-pandemia-27.jpg 624w, http:\/\/cordobadirecto.com\/wp-content\/uploads\/2021\/10\/bolsonaro-que-consecuencias-puede-tener-para-el-mandatario-que-haya-sido-acusado-de-9-crimenes-en-el-senado-de-brasil-por-su-respuesta-a-la-pandemia-28.jpg 800w\" alt=\"Vista a\u00e9rea del cementerio Vila Formosa, en Sao Paulo.\" src=\"http:\/\/cordobadirecto.com\/wp-content\/uploads\/2021\/10\/bolsonaro-que-consecuencias-puede-tener-para-el-mandatario-que-haya-sido-acusado-de-9-crimenes-en-el-senado-de-brasil-por-su-respuesta-a-la-pandemia-4.jpg\" sizes=\"(min-width: 1008px) 645px, 100vw\" width=\"976\" height=\"549\" class=\"eehpdyc0 bbc-100dhyn e1enwo3v0\"><\/noscript><\/p>\n<p role=\"text\" class=\"bbc-1s1cxbv etq3yw90\"><span class=\"bbc-1gnhmg2 e1yt7oin0\">Fuente de la imagen, <\/span><span lang=\"en-GB\">Getty Images<\/span><\/p>\n<\/div>\n<\/div>\n<\/div>\n<\/figure>\n<\/div>\n<div dir=\"ltr\" class=\"bbc-19j92fr e57qer20\" readability=\"11\">\n<p dir=\"ltr\" class=\"bbc-bm53ic e1cc2ql70\">Cuando Bolsonaro comenz\u00f3 a relativizar la amenaza de la covid-19, llam\u00e1ndola de &#8220;gripezinha&#8221; y criticando el cierre de actividades, algunos sospecharon que su apuesta era tomar distancia del costo pol\u00edtico de la pandemia.<\/p>\n<\/div>\n<div dir=\"ltr\" class=\"bbc-19j92fr e57qer20\" readability=\"9\">\n<p dir=\"ltr\" class=\"bbc-bm53ic e1cc2ql70\">Si ese fue el caso, el informe de la comisi\u00f3n del Senado sugiere que aquel tiro podr\u00eda salirle por la culata al presidente brasile\u00f1o y pesarle en las urnas tanto como a su &#8220;amigo&#8221; Trump. <\/p>\n<\/div>\n<div dir=\"ltr\" class=\"bbc-1ka88fa e57qer20\">\n<figure class=\"bbc-1qdcvv9 e6bmn90\">\n<div dir=\"ltr\" class=\"bbc-172p16q e57qer20\">\n<div dir=\"ltr\" class=\"bbc-189y18v e57qer20\">\n<div data-e2e=\"image-placeholder\" class=\"bbc-997y1y e1whu0\"><noscript><img loading=\"lazy\" srcset=\"http:\/\/cordobadirecto.com\/wp-content\/uploads\/2021\/10\/bolsonaro-que-consecuencias-puede-tener-para-el-mandatario-que-haya-sido-acusado-de-9-crimenes-en-el-senado-de-brasil-por-su-respuesta-a-la-pandemia-29.jpg 240w, http:\/\/cordobadirecto.com\/wp-content\/uploads\/2021\/10\/bolsonaro-que-consecuencias-puede-tener-para-el-mandatario-que-haya-sido-acusado-de-9-crimenes-en-el-senado-de-brasil-por-su-respuesta-a-la-pandemia-30.jpg 320w, http:\/\/cordobadirecto.com\/wp-content\/uploads\/2021\/10\/bolsonaro-que-consecuencias-puede-tener-para-el-mandatario-que-haya-sido-acusado-de-9-crimenes-en-el-senado-de-brasil-por-su-respuesta-a-la-pandemia-31.jpg 464w\" alt=\"L\u00ednea\" src=\"http:\/\/cordobadirecto.com\/wp-content\/uploads\/2021\/10\/bolsonaro-que-consecuencias-puede-tener-para-el-mandatario-que-haya-sido-acusado-de-9-crimenes-en-el-senado-de-brasil-por-su-respuesta-a-la-pandemia-5.jpg\" sizes=\"(min-width: 1008px) 645px, 100vw\" width=\"464\" height=\"2\" class=\"eehpdyc0 bbc-100dhyn e1enwo3v0\"><\/noscript><\/div>\n<\/div>\n<\/div>\n<\/figure>\n<\/div>\n<div dir=\"ltr\" class=\"bbc-19j92fr e57qer20\" readability=\"8\">\n<p dir=\"ltr\" class=\"bbc-bm53ic e1cc2ql70\"><i class=\"bbc-h1y5j7 ewc4zcb0\">Recuerda que <\/i><i class=\"bbc-h1y5j7 ewc4zcb0\">puedes recibir notificaciones de BBC News Mundo. Descarga nuestra app y act\u00edvalas para no perderte nuestro mejor contenido.<\/i><\/p>\n<\/div>\n","protected":false},"excerpt":{"rendered":"<p>Gerardo Lissardy BBC News Mundo 3 horas Fuente de la imagen, Reuters El presidente de Brasil, Jair Bolsonaro, recibi\u00f3 un duro rev\u00e9s este martes: una comisi\u00f3n investigadora del Senado de su pa\u00eds recomend\u00f3 que sea imputado por su gesti\u00f3n de la pandemia de coronavirus. El informe final de la comisi\u00f3n senatorial que indag\u00f3 la crisis [&hellip;]<\/p>\n","protected":false},"author":1,"featured_media":25155,"comment_status":"closed","ping_status":"closed","sticky":false,"template":"","format":"standard","meta":[],"categories":[24],"tags":[],"_links":{"self":[{"href":"http:\/\/cordobadirecto.com\/index.php\/wp-json\/wp\/v2\/posts\/25154"}],"collection":[{"href":"http:\/\/cordobadirecto.com\/index.php\/wp-json\/wp\/v2\/posts"}],"about":[{"href":"http:\/\/cordobadirecto.com\/index.php\/wp-json\/wp\/v2\/types\/post"}],"author":[{"embeddable":true,"href":"http:\/\/cordobadirecto.com\/index.php\/wp-json\/wp\/v2\/users\/1"}],"replies":[{"embeddable":true,"href":"http:\/\/cordobadirecto.com\/index.php\/wp-json\/wp\/v2\/comments?post=25154"}],"version-history":[{"count":0,"href":"http:\/\/cordobadirecto.com\/index.php\/wp-json\/wp\/v2\/posts\/25154\/revisions"}],"wp:featuredmedia":[{"embeddable":true,"href":"http:\/\/cordobadirecto.com\/index.php\/wp-json\/wp\/v2\/media\/25155"}],"wp:attachment":[{"href":"http:\/\/cordobadirecto.com\/index.php\/wp-json\/wp\/v2\/media?parent=25154"}],"wp:term":[{"taxonomy":"category","embeddable":true,"href":"http:\/\/cordobadirecto.com\/index.php\/wp-json\/wp\/v2\/categories?post=25154"},{"taxonomy":"post_tag","embeddable":true,"href":"http:\/\/cordobadirecto.com\/index.php\/wp-json\/wp\/v2\/tags?post=25154"}],"curies":[{"name":"wp","href":"https:\/\/api.w.org\/{rel}","templated":true}]}}