{"id":25274,"date":"2021-10-26T21:53:00","date_gmt":"2021-10-26T21:53:00","guid":{"rendered":"http:\/\/cordobadirecto.com\/index.php\/2021\/10\/26\/trudeau-remodelo-a-fondo-el-gobierno-para-buscar-un-tercer-mandato\/"},"modified":"2021-10-26T21:53:00","modified_gmt":"2021-10-26T21:53:00","slug":"trudeau-remodelo-a-fondo-el-gobierno-para-buscar-un-tercer-mandato","status":"publish","type":"post","link":"http:\/\/cordobadirecto.com\/index.php\/2021\/10\/26\/trudeau-remodelo-a-fondo-el-gobierno-para-buscar-un-tercer-mandato\/","title":{"rendered":"Trudeau remodel\u00f3 a fondo el Gobierno para buscar un tercer mandato"},"content":{"rendered":"<div class=\"image\" id=\"image\" readability=\"7\"> <img src=\"http:\/\/cordobadirecto.com\/wp-content\/uploads\/2021\/10\/trudeau-remodelo-a-fondo-el-gobierno-para-buscar-un-tercer-mandato.jpg\" alt=\"Trudeau es primer ministro de Canad\u00e1 desde noviembre de 2015 y asumir\u00e1 su tercer mandato\" title=\"Trudeau es primer ministro de Canad\u00e1 desde noviembre de 2015 y asumir\u00e1 su tercer mandato\"><\/p>\n<p>Trudeau es primer ministro de Canad\u00e1 desde noviembre de 2015 y asumir\u00e1 su tercer mandato<\/p>\n<\/div>\n<p>En un intento por revitalizar su equipo para un tercer mandato, el primer ministro canadiense, Justin Trudeau, present\u00f3 este martes un nuevo gabinete con cambios significativos en puestos clave, que incluye a un destacado activista del clima como ministro de Medio Ambiente y nuevas titulares de Defensa y Exteriores.<\/p>\n<p>Trudeau ya hab\u00eda adelantado que mantendr\u00eda a<strong> Chrystia Freeland como su &#8220;n\u00famero dos&#8221; al frente tambi\u00e9n del Ministerio de Finanzas<\/strong>, pero aprovech\u00f3 la victoria liberal en las elecciones del 20 de septiembre para promocionar a otras personas que ya estaban dentro del Gobierno o introducir nuevas caras.<\/p>\n<p><strong>El mandatario mantuvo la paridad en materia de g\u00e9nero.<\/strong><\/p>\n<p><strong>M\u00e9lanie Joly encabezar\u00e1 el Ministerio de Exteriores<\/strong>, del que sale Marc Garneau, mientras que <strong>Defensa contar\u00e1 por segunda vez en la historia con una mujer, Anita Anand<\/strong>, responsable hasta ahora de la compra de vacunas contra el coronavirus, tras las \u00faltimas pol\u00e9micas sobre acoso sexual en las Fuerzas Armadas.<\/p>\n<p>Trudeau enfoc\u00f3 entre sus prioridades la lucha contra el cambio clim\u00e1tico y nomin\u00f3 como <strong>ministro de Medio Ambiente a un exactivista de Greenpeace, Steven Guilbeault,<\/strong> detenido durante una protesta en 2001.<\/p>\n<p>Deber\u00e1 supervisar las medidas con las que Canad\u00e1 aspira a reducir un 40% sus emisiones de gases contaminantes en la pr\u00f3xima d\u00e9cada.<\/p>\n<div class=\"js-code\" readability=\"7.2388724035608\">\n<blockquote class=\"twitter-tweet\" readability=\"8.5163204747774\">\n<p lang=\"en\" dir=\"ltr\">Asked about the message of appointing long-time environmental activist Steven Guilbeault as Canada\u2019s new environment minister, PM Justin Trudeau says &#8220;we will be committed to working with Albertans, to working with people in the energy sector across the country.&#8221; <a href=\"https:\/\/twitter.com\/hashtag\/cdnpoli?src=hash&amp;ref_src=twsrc%5Etfw\">#cdnpoli<\/a> <a href=\"https:\/\/t.co\/vgnRuQQ37i\">pic.twitter.com\/vgnRuQQ37i<\/a><\/p>\n<p>\u2014 CPAC (@CPAC_TV) <a href=\"https:\/\/twitter.com\/CPAC_TV\/status\/1453079882422964229?ref_src=twsrc%5Etfw\">October 26, 2021<\/a><\/p><\/blockquote><\/div>\n<p>Guilbeault recoge el testigo de Wilkinson, que gestionar\u00e1 los recursos naturales, otra de las vertientes que Canad\u00e1 est\u00e1 obligada a revisar para cumplir sus compromisos medioambientales.<\/p>\n<p><strong>El equipo remodelado consta de 38 ministros en total, con igual n\u00famero de mujeres y hombres<\/strong>, rese\u00f1aron las agencias de noticias Europa Press y AFP.<\/p>\n<p>Trudeau regres\u00f3 al poder en septiembre, una vez m\u00e1s al frente de un gobierno liberal en minor\u00eda, con la posici\u00f3n del partido en la C\u00e1mara de los Comunes casi exactamente igual que antes de las elecciones anticipadas.<\/p>\n<p>No fue el resultado que esperaba, ya que el fuerte apoyo a sus liberales por su s\u00f3lida respuesta a la pandemia se disip\u00f3 repentinamente a mitad de la campa\u00f1a, a medida que el cansancio de los votantes con su Ejecutivo, elegido por primera vez en 2015 de forma aplastante, se hizo sentir.<\/p>\n<p><strong>Se espera que la remodelaci\u00f3n del gabinete, presentado en una ceremonia en Ottawa, le conceda una nueva vida a su atribulado partido liberal.<\/strong><\/p>\n<p>A principios de este mes, Trudeau esboz\u00f3 las prioridades de su nuevo gobierno, incluyendo el aceleraci\u00f3n de las acciones clim\u00e1ticas, la salida de Canad\u00e1 de la pandemia y la continuaci\u00f3n de la reconciliaci\u00f3n con las m\u00e1s de 600 tribus ind\u00edgenas de Canad\u00e1. <\/p>\n","protected":false},"excerpt":{"rendered":"<p>Trudeau es primer ministro de Canad\u00e1 desde noviembre de 2015 y asumir\u00e1 su tercer mandato En un intento por revitalizar su equipo para un tercer mandato, el primer ministro canadiense, Justin Trudeau, present\u00f3 este martes un nuevo gabinete con cambios significativos en puestos clave, que incluye a un destacado activista del clima como ministro de [&hellip;]<\/p>\n","protected":false},"author":1,"featured_media":25275,"comment_status":"closed","ping_status":"closed","sticky":false,"template":"","format":"standard","meta":[],"categories":[24],"tags":[],"_links":{"self":[{"href":"http:\/\/cordobadirecto.com\/index.php\/wp-json\/wp\/v2\/posts\/25274"}],"collection":[{"href":"http:\/\/cordobadirecto.com\/index.php\/wp-json\/wp\/v2\/posts"}],"about":[{"href":"http:\/\/cordobadirecto.com\/index.php\/wp-json\/wp\/v2\/types\/post"}],"author":[{"embeddable":true,"href":"http:\/\/cordobadirecto.com\/index.php\/wp-json\/wp\/v2\/users\/1"}],"replies":[{"embeddable":true,"href":"http:\/\/cordobadirecto.com\/index.php\/wp-json\/wp\/v2\/comments?post=25274"}],"version-history":[{"count":0,"href":"http:\/\/cordobadirecto.com\/index.php\/wp-json\/wp\/v2\/posts\/25274\/revisions"}],"wp:featuredmedia":[{"embeddable":true,"href":"http:\/\/cordobadirecto.com\/index.php\/wp-json\/wp\/v2\/media\/25275"}],"wp:attachment":[{"href":"http:\/\/cordobadirecto.com\/index.php\/wp-json\/wp\/v2\/media?parent=25274"}],"wp:term":[{"taxonomy":"category","embeddable":true,"href":"http:\/\/cordobadirecto.com\/index.php\/wp-json\/wp\/v2\/categories?post=25274"},{"taxonomy":"post_tag","embeddable":true,"href":"http:\/\/cordobadirecto.com\/index.php\/wp-json\/wp\/v2\/tags?post=25274"}],"curies":[{"name":"wp","href":"https:\/\/api.w.org\/{rel}","templated":true}]}}