{"id":25276,"date":"2021-10-26T20:50:00","date_gmt":"2021-10-26T20:50:00","guid":{"rendered":"http:\/\/cordobadirecto.com\/index.php\/2021\/10\/26\/el-premier-detenido-por-su-seguridad-segun-un-militar-golpista-volvio-a-su-casa\/"},"modified":"2021-10-26T20:50:00","modified_gmt":"2021-10-26T20:50:00","slug":"el-premier-detenido-por-su-seguridad-segun-un-militar-golpista-volvio-a-su-casa","status":"publish","type":"post","link":"http:\/\/cordobadirecto.com\/index.php\/2021\/10\/26\/el-premier-detenido-por-su-seguridad-segun-un-militar-golpista-volvio-a-su-casa\/","title":{"rendered":"El premier detenido por &#8220;su seguridad&#8221;, seg\u00fan un militar golpista, volvi\u00f3 a su casa"},"content":{"rendered":"<div class=\"image\" id=\"image\" readability=\"7\"> <img src=\"http:\/\/cordobadirecto.com\/wp-content\/uploads\/2021\/10\/el-premier-detenido-por-su-seguridad-segun-un-militar-golpista-volvio-a-su-casa.jpg\" alt=\"Levantaron barricadas y quemaron neum\u00e1ticos en la capital de Sud\u00e1n. (Foto AFP).\" title=\"Levantaron barricadas y quemaron neum\u00e1ticos en la capital de Sud\u00e1n. (Foto AFP).\"><\/p>\n<p>Levantaron barricadas y quemaron neum\u00e1ticos en la capital de Sud\u00e1n. (Foto AFP).<\/p>\n<\/div>\n<p>El primer ministro sudan\u00e9s Abdalla Hamdok, detenido y destituido este lunes de su cargo por un golpe militar, regres\u00f3 a su casa, asegur\u00f3 este martes el canal de televisi\u00f3n Al Hadath, y confirm\u00f3 despu\u00e9s un jefe castrense.<\/p>\n<p>Ante la presi\u00f3n internacional para la liberaci\u00f3n del dirigente, el comandante en jefe de las Fuerzas Armadas sudanesas, Abdul Fatah al Burhan, declar\u00f3 en una rueda de prensa que Hamdok estaba en su casa y que se encontraba bien.<\/p>\n<p>El oficial tambi\u00e9n hab\u00eda asegurado antes que Hamdok podr\u00eda regresar a su propio hogar cuando la situaci\u00f3n se calmara y dejara de resultar una amenaza para su integridad f\u00edsica, y agregado que en realidad estaba bajo custodia por su seguridad.<\/p>\n<p>No obstante, aclar\u00f3, que otros funcionarios del disuelto Gobierno podr\u00edan ser enjuiciados, mientras continuaban en las calles las protestas prodemocracia.<\/p>\n<div class=\"js-code\" readability=\"6.8314606741573\">\n<blockquote class=\"twitter-tweet\" readability=\"7.685393258427\">\n<p lang=\"es\" dir=\"ltr\"><a href=\"https:\/\/twitter.com\/hashtag\/26Oct?src=hash&amp;ref_src=twsrc%5Etfw\">#26Oct<\/a> Los manifestantes a favor de la democracia bloquearon carreteras en la capital de Sud\u00e1n con barricadas improvisadas y cauchos quemados este martes, un d\u00eda despu\u00e9s de que los militares tomaran el poder con un golpe de Estado denunciado por la comunidad internacional. <a href=\"https:\/\/twitter.com\/hashtag\/TVV?src=hash&amp;ref_src=twsrc%5Etfw\">#TVV<\/a> <a href=\"https:\/\/t.co\/G5ygS086qi\">pic.twitter.com\/G5ygS086qi<\/a><\/p>\n<p>\u2014 TVV Noticias (@TVVnoticias) <a href=\"https:\/\/twitter.com\/TVVnoticias\/status\/1453015456395272196?ref_src=twsrc%5Etfw\">October 26, 2021<\/a><\/p><\/blockquote><\/div>\n<p>El golpe de este lunes lleg\u00f3 luego de varias semanas de crecientes tensiones entre los militares y el liderazgo civil por la marcha de la transici\u00f3n de Sud\u00e1n hacia la democracia desde el derrocamiento del exl\u00edder Omar al-Bashir en 2019, tras un Gobierno autocr\u00e1tico de 30 a\u00f1os.<\/p>\n<p>Las Fuerzas Armadas disolvieron el Gobierno interino y el Consejo Soberano, el cuerpo integrado por militares y civiles que se cre\u00f3 tras la ca\u00edda de Al-Bashir para gobernar el pa\u00eds en su transici\u00f3n a la democracia, adem\u00e1s de decretar el estado de sitio.<\/p>\n<p>Seg\u00fan el plan trazado tras la renuncia forzada de Al-Bashir, las Fuerzas Armadas deb\u00edan traspasar el liderazgo del consejo a los civiles el mes que viene, lo que hubiera alejado a los militares del poder.<\/p>\n<p>El Consejo de Seguridad de la ONU ten\u00eda previsto discutir la crisis durante una reuni\u00f3n a puertas cerradas en horas de la tarde de este martes.<\/p>\n<p>En su segunda aparici\u00f3n p\u00fablica desde la toma del poder, el general Abdel Fattah Burhan reiter\u00f3 este martes que las FFAA se vieron obligadas a intervenir para resolver las disputas entre los distintos sectores pol\u00edticos.<\/p>\n<p>\u201cEl pa\u00eds entero estaba paralizado debido a rivalidades pol\u00edticas&#8221;, dijo en una conferencia de prensa transmitida por cadena nacional.<\/p>\n<p>\u201cLa experiencia de los dos \u00faltimos a\u00f1os ha probado que la participaci\u00f3n de fuerzas pol\u00edticas en el per\u00edodo de transici\u00f3n es perjudicial y promueve las peleas&#8221;, agreg\u00f3, inform\u00f3 la agencia de noticias AFP.<\/p>\n<p>Conversaci\u00f3n entre Hamdok y Blinken<\/p>\n<p>Algunos de los <strong>funcionarios detenidos este lunes junto al primer ministro Abdalla Hamdok trataron de incitar una rebeli\u00f3n dentro de las FFAA<\/strong>, asegur\u00f3 Burhan, que agreg\u00f3 que ser\u00edan sometidos a juicio. Los que sean hallados &#8220;inocentes&#8221; ser\u00e1n liberados, agreg\u00f3.<\/p>\n<p>Hamdok hab\u00eda quedado bajo custodia en la casa de Burhan, dijo el propio general, que agreg\u00f3 que estaba &#8220;bien de salud&#8221;.<\/p>\n<p>El jefe de la diplomacia de Estados Unidos, Antony Blinken, habl\u00f3 este martes por tel\u00e9fono con Hamdok, seg\u00fan un comunicado del Departamento de Estado.<\/p>\n<p>&#8220;El secretario de Estado da la bienvenida a la liberaci\u00f3n del primer ministro y renueva su llamamiento a las fuerzas militares sudanesas para que liberen a todos los l\u00edderes civiles detenidos y garanticen su seguridad&#8221;, agreg\u00f3 el vocero del Departamento de Estado, Ned Price, en el texto.<\/p>\n<p>Estados Unidos anunci\u00f3 la suspensi\u00f3n de una ayuda de 700 millones de d\u00f3lares a Sud\u00e1n, un pa\u00eds africano de cultura y lengua \u00e1rabe.<\/p>\n<blockquote readability=\"5\">\n<p>Estados Unidos anunci\u00f3 la suspensi\u00f3n de una ayuda de 700 millones de d\u00f3lares a Sud\u00e1n<span class=\"comilla\">\u201d<\/span><\/p>\n<\/blockquote>\n<p>Las protestas comenzaron horas despu\u00e9s de la toma del poder por los militares. Miles de sudaneses inundaron las calles de la capital, Jartum, y otras ciudades para manifestarse.<\/p>\n<p>Al menos cuatro manifestantes murieron y otros 80 resultaron heridos cuando fuerzas de seguridad abrieron fuego contra algunas de las protestas, inform\u00f3 el sindicato Comit\u00e9 M\u00e9dico de Sud\u00e1n.<\/p>\n<p>Decenas de manifestantes continuaban este martes en las calles de Jartum y de la vecina ciudad de Omdurman, cortando calles y quemando neum\u00e1ticos, pero no se ve\u00edan escenas de represi\u00f3n como las de la v\u00edspera, seg\u00fan AFP.<\/p>\n<p>En la noche de este lunes, sin embargo, soldados y militares de las temidas Fuerzas R\u00e1pidas de Apoyo persiguieron a manifestantes por barrios de Jartum, y la organizaci\u00f3n Human Rights Watch dijo que usaron balas de plomo en la represi\u00f3n de las protestas.<\/p>\n<blockquote readability=\"6\">\n<p>Al menos cuatro manifestantes murieron y otros 80 resultaron heridos cuando fuerzas de seguridad abrieron fuego contra algunas de las protestas<span class=\"comilla\">\u201d<\/span><\/p>\n<\/blockquote>\n<p><strong>Para el s\u00e1bado pr\u00f3ximo fue convocada una masiva marcha para exigir una vuelta a un Gobierno civil.<\/strong><\/p>\n<p>En tanto, el director de la aviaci\u00f3n de Sud\u00e1n, Ibrahim Adlan, dijo a AFP que<strong> todos los vuelos desde y hacia Jartum estaban suspendidos hasta el s\u00e1bado.<\/strong><\/p>\n<p>El aeropuerto est\u00e1 en el centro de Jartum, donde los manifestantes y los militares bloquean las carreteras con piedras, ramas y neum\u00e1ticos. Una alambrada es lo \u00fanico que lo separa de las principales avenidas de la capital sudanesa.<\/p>\n<p>Otros pa\u00edses condenan la situaci\u00f3n<\/p>\n<p>Blinken tambi\u00e9n reclam\u00f3 el fin de la violencia contra los manifestantes y el restablecimiento de los servicios de Internet.<\/p>\n<p>Agreg\u00f3 que Estados Unidos estaba coordinando con aliados &#8220;para trazar un enfoque diplom\u00e1tico com\u00fan para lidiar con estas acciones y evitar que deriven en una mayor inestabilidad en Sud\u00e1n y la regi\u00f3n&#8221; del este de \u00c1frica.<\/p>\n<p>La ONU y la Uni\u00f3n Europea (UE) tambi\u00e9n condenaron el golpe y exigieron la liberaci\u00f3n de Hamdok.<\/p>\n<p>Rusia, en cambio, atribuy\u00f3 el golpe a &#8220;una pol\u00edtica equivocada&#8221; y a &#8220;la injerencia extranjera&#8221; en este pa\u00eds, donde rusos, turcos, estadounidenses y sauditas se disputan la influencia atra\u00eddos por sus estrat\u00e9gicos puertos en el mar Rojo.<\/p>\n<p>Este lunes, Burhan dijo que las FFAA nombrar\u00e1n un gobierno de tecn\u00f3cratas hasta las elecciones, previstas para julio de 2023.<\/p>\n<p>La Asociaci\u00f3n de Profesionales Sudaneses, un grupo de sindicatos que lider\u00f3 las protestas contra Al-Bashir, urgi\u00f3 a la ciudadan\u00eda a ir a una &#8220;huelga general&#8221; e iniciar una campa\u00f1a de &#8220;desobediencia civil&#8221;.<\/p>\n<p>Por su parte, el Movimiento de Liberaci\u00f3n Popular Sud\u00e1n-Norte, el principal grupo rebelde del pa\u00eds, denunci\u00f3 el golpe y llam\u00f3 a la gente a tomar las calles. <\/p>\n","protected":false},"excerpt":{"rendered":"<p>Levantaron barricadas y quemaron neum\u00e1ticos en la capital de Sud\u00e1n. (Foto AFP). El primer ministro sudan\u00e9s Abdalla Hamdok, detenido y destituido este lunes de su cargo por un golpe militar, regres\u00f3 a su casa, asegur\u00f3 este martes el canal de televisi\u00f3n Al Hadath, y confirm\u00f3 despu\u00e9s un jefe castrense. Ante la presi\u00f3n internacional para la [&hellip;]<\/p>\n","protected":false},"author":1,"featured_media":25277,"comment_status":"closed","ping_status":"closed","sticky":false,"template":"","format":"standard","meta":[],"categories":[24],"tags":[],"_links":{"self":[{"href":"http:\/\/cordobadirecto.com\/index.php\/wp-json\/wp\/v2\/posts\/25276"}],"collection":[{"href":"http:\/\/cordobadirecto.com\/index.php\/wp-json\/wp\/v2\/posts"}],"about":[{"href":"http:\/\/cordobadirecto.com\/index.php\/wp-json\/wp\/v2\/types\/post"}],"author":[{"embeddable":true,"href":"http:\/\/cordobadirecto.com\/index.php\/wp-json\/wp\/v2\/users\/1"}],"replies":[{"embeddable":true,"href":"http:\/\/cordobadirecto.com\/index.php\/wp-json\/wp\/v2\/comments?post=25276"}],"version-history":[{"count":0,"href":"http:\/\/cordobadirecto.com\/index.php\/wp-json\/wp\/v2\/posts\/25276\/revisions"}],"wp:featuredmedia":[{"embeddable":true,"href":"http:\/\/cordobadirecto.com\/index.php\/wp-json\/wp\/v2\/media\/25277"}],"wp:attachment":[{"href":"http:\/\/cordobadirecto.com\/index.php\/wp-json\/wp\/v2\/media?parent=25276"}],"wp:term":[{"taxonomy":"category","embeddable":true,"href":"http:\/\/cordobadirecto.com\/index.php\/wp-json\/wp\/v2\/categories?post=25276"},{"taxonomy":"post_tag","embeddable":true,"href":"http:\/\/cordobadirecto.com\/index.php\/wp-json\/wp\/v2\/tags?post=25276"}],"curies":[{"name":"wp","href":"https:\/\/api.w.org\/{rel}","templated":true}]}}