{"id":25400,"date":"2021-10-28T05:19:06","date_gmt":"2021-10-28T05:19:06","guid":{"rendered":"http:\/\/cordobadirecto.com\/index.php\/2021\/10\/28\/el-espectaculo-de-messi-del-cirque-du-soleil-llegara-a-la-argentina-en-2023\/"},"modified":"2021-10-28T05:19:06","modified_gmt":"2021-10-28T05:19:06","slug":"el-espectaculo-de-messi-del-cirque-du-soleil-llegara-a-la-argentina-en-2023","status":"publish","type":"post","link":"http:\/\/cordobadirecto.com\/index.php\/2021\/10\/28\/el-espectaculo-de-messi-del-cirque-du-soleil-llegara-a-la-argentina-en-2023\/","title":{"rendered":"El espect\u00e1culo de Messi del Cirque du Soleil llegar\u00e1 a la Argentina en 2023"},"content":{"rendered":"<div class=\"image\" id=\"image\" readability=\"7\"> <img src=\"http:\/\/cordobadirecto.com\/wp-content\/uploads\/2021\/10\/el-espectaculo-de-messi-del-cirque-du-soleil-llegara-a-la-argentina-en-2023.jpg\" alt=\"Foto: prensa del espect\u00e1culo.\" title=\"Foto: prensa del espect\u00e1culo.\"><\/p>\n<p>Foto: prensa del espect\u00e1culo.<\/p>\n<\/div>\n<p>\u201cMessi 10 by Cirque du Soleil\u201d, el espect\u00e1culo inspirado en el astro argentino de f\u00fatbol Lionel Messi, volver\u00e1 a la escena tras una pausa obligada por la pandemia y programa su llegada a la Argentina para marzo de 2023.<\/p>\n<p>La puesta a cargo de PopArt Music y Cirque du Soleil que comenz\u00f3 en Barcelona ten\u00eda previsto presentarse en la Argentina en junio de 2020, pero el contexto mundial puso una pausa en su recorrido.<\/p>\n<div class=\"image\" id=\"image\" readability=\"7\"> <img src=\"http:\/\/cordobadirecto.com\/wp-content\/uploads\/2021\/10\/el-espectaculo-de-messi-del-cirque-du-soleil-llegara-a-la-argentina-en-2023-1.jpg\" alt=\"Foto: prensa del espect\u00e1culo.\" title=\"Foto: prensa del espect\u00e1culo.\"><\/p>\n<p>Foto: prensa del espect\u00e1culo.<\/p>\n<\/div>\n<p>Ahora, seg\u00fan inform\u00f3 la compa\u00f1\u00eda, \u201ccon un panorama m\u00e1s claro, el show se encuentra en condiciones de fijar una nueva fecha de su visita al pa\u00eds y estar\u00e1 abriendo sus puertas en Costanera Sur\u201d.<\/p>\n<div class=\"image\" id=\"image\" readability=\"7\"> <img src=\"http:\/\/cordobadirecto.com\/wp-content\/uploads\/2021\/10\/el-espectaculo-de-messi-del-cirque-du-soleil-llegara-a-la-argentina-en-2023-2.jpg\" alt=\"Foto: prensa del espect\u00e1culo.\" title=\"Foto: prensa del espect\u00e1culo.\"><\/p>\n<p>Foto: prensa del espect\u00e1culo.<\/p>\n<\/div>\n<p>Esta es la primera vez en la que la compa\u00f1\u00eda fundada en 1984 por Gilles Ste-Croix y Guy Lalibert\u00e9 rinde tributo a uno de los atletas ma\u0301s talentosos de la actualidad para crear un especta\u0301culo ine\u0301dito en el que el fu\u0301tbol y el circo se unen.<\/p>\n<p>Quienes\u202fadquirieron sus\u202faccesos para las funciones de 2020 ser\u00e1n considerados como v\u00e1lidos y se respetar\u00e1n ubicaciones previamente elegidas. Aquellos que ya no puedan asistir tendr\u00e1n la posibilidad de solicitar el reintegro del dinero.<\/p>\n<div class=\"image\" id=\"image\" readability=\"7\"> <img src=\"http:\/\/cordobadirecto.com\/wp-content\/uploads\/2021\/10\/el-espectaculo-de-messi-del-cirque-du-soleil-llegara-a-la-argentina-en-2023-3.jpg\" alt=\"Foto: prensa del espect\u00e1culo.\" title=\"Foto: prensa del espect\u00e1culo.\"><\/p>\n<p>Foto: prensa del espect\u00e1culo.<\/p>\n<\/div>\n<p>Toda la informaci\u00f3n acerca de las nuevas fechas, pol\u00edticas de devoluci\u00f3n y preguntas frecuentes est\u00e1 disponible en messicirque.com. <\/p>\n","protected":false},"excerpt":{"rendered":"<p>Foto: prensa del espect\u00e1culo. \u201cMessi 10 by Cirque du Soleil\u201d, el espect\u00e1culo inspirado en el astro argentino de f\u00fatbol Lionel Messi, volver\u00e1 a la escena tras una pausa obligada por la pandemia y programa su llegada a la Argentina para marzo de 2023. La puesta a cargo de PopArt Music y Cirque du Soleil que [&hellip;]<\/p>\n","protected":false},"author":1,"featured_media":25401,"comment_status":"closed","ping_status":"closed","sticky":false,"template":"","format":"standard","meta":[],"categories":[20],"tags":[],"_links":{"self":[{"href":"http:\/\/cordobadirecto.com\/index.php\/wp-json\/wp\/v2\/posts\/25400"}],"collection":[{"href":"http:\/\/cordobadirecto.com\/index.php\/wp-json\/wp\/v2\/posts"}],"about":[{"href":"http:\/\/cordobadirecto.com\/index.php\/wp-json\/wp\/v2\/types\/post"}],"author":[{"embeddable":true,"href":"http:\/\/cordobadirecto.com\/index.php\/wp-json\/wp\/v2\/users\/1"}],"replies":[{"embeddable":true,"href":"http:\/\/cordobadirecto.com\/index.php\/wp-json\/wp\/v2\/comments?post=25400"}],"version-history":[{"count":0,"href":"http:\/\/cordobadirecto.com\/index.php\/wp-json\/wp\/v2\/posts\/25400\/revisions"}],"wp:featuredmedia":[{"embeddable":true,"href":"http:\/\/cordobadirecto.com\/index.php\/wp-json\/wp\/v2\/media\/25401"}],"wp:attachment":[{"href":"http:\/\/cordobadirecto.com\/index.php\/wp-json\/wp\/v2\/media?parent=25400"}],"wp:term":[{"taxonomy":"category","embeddable":true,"href":"http:\/\/cordobadirecto.com\/index.php\/wp-json\/wp\/v2\/categories?post=25400"},{"taxonomy":"post_tag","embeddable":true,"href":"http:\/\/cordobadirecto.com\/index.php\/wp-json\/wp\/v2\/tags?post=25400"}],"curies":[{"name":"wp","href":"https:\/\/api.w.org\/{rel}","templated":true}]}}