{"id":25474,"date":"2021-10-28T16:06:29","date_gmt":"2021-10-28T16:06:29","guid":{"rendered":"https:\/\/es.digitaltrends.com\/?p=882429"},"modified":"2021-10-28T16:06:29","modified_gmt":"2021-10-28T16:06:29","slug":"ya-se-puede-desactivar-la-muesca-de-las-nuevas-macbook-pro","status":"publish","type":"post","link":"http:\/\/cordobadirecto.com\/index.php\/2021\/10\/28\/ya-se-puede-desactivar-la-muesca-de-las-nuevas-macbook-pro\/","title":{"rendered":"Ya se puede desactivar la muesca de las nuevas MacBook Pro"},"content":{"rendered":"<p>Las <a href=\"https:\/\/es.digitaltrends.com\/computadoras\/macbook-pro-apple-renovado\/\">nuevas MacBook Pro<\/a> llegaron con una in\u00e9dita muesca que hasta ahora solo se hab\u00eda visto en los iPhone; ni siquiera en el iPad se agreg\u00f3 el <em>notch<\/em> antes, pese a su parecido con los tel\u00e9fonos. Y como no a todos le gusta esta caracter\u00edstica, Apple agreg\u00f3 una opci\u00f3n en el sistema operativo para <em>desactivarla.<\/em><\/p>\n<p>El problema con&nbsp;<a href=\"https:\/\/es.digitaltrends.com\/apple\/apple-explica-por-qu-su-nueva-macbook-pro-tiene-notch\/\">la muesca de las MacBook<\/a> es que no todas las aplicaciones est\u00e1n adaptadas para omitir el espacio en la pantalla donde se ubicada la c\u00e1mara de la computadora port\u00e1til. Por tanto, opciones del men\u00fa superior pueden quedar ocultas detr\u00e1s del <em>notch<\/em> en un espacio al que el puntero del mouse no puede acceder.<\/p>\n<p>Por fortuna, existe una soluci\u00f3n que permite omitir la parte superior de la pantalla que alberga a la c\u00e1mara<em>. <\/em>Esta soluci\u00f3n es una casilla llamada <em>Scale to fit below built-in camera<\/em> (escalar para ajustar debajo de la c\u00e1mara) que se encuentra en el men\u00fa de informaci\u00f3n de una aplicaci\u00f3n.<\/p>\n<figure class=\"aligncenter\"><img src=\"http:\/\/cordobadirecto.com\/wp-content\/uploads\/2021\/10\/ya-se-puede-desactivar-la-muesca-de-las-nuevas-macbook-pro.gif\" data-dt-lazy-src=\"https:\/\/icdn.dtcn.com\/image\/digitaltrends_es\/scale-to-fit-720x720.jpg\" onerror=\"dti_load_error(this)\" class=\"size-large wp-image-882440 dt-lazy-load dt-lazy-pending\" alt><\/figure>\n<p>Al activar la opci\u00f3n, la ventana de la aplicaci\u00f3n o programa se limita a usar la pantalla solo hasta la altura de la muesca. De esta manera se evita que opciones del men\u00fa o de la barra de estado desaparezcan o queden innacesibles detr\u00e1s del <em>notch.<\/em><\/p>\n<p>Por supuesto, los biseles del MacBook Pro se hacen m\u00e1s gruesos \u2014sobre todo el de arriba\u2014 y se pierde algo de espacio en la pantalla. Precisamente para ello Apple dice haber agregado la muesca, para aprovechar al m\u00e1ximo la estructura del aparato pero sin sacrificar la siempre \u00fatil c\u00e1mara web.<\/p>\n<p>Ser\u00e1 curioso ver si este pol\u00e9mico dise\u00f1o se mantiene en el tiempo o si las siguientes encarnaciones de la MacBook Pro lo dejan de lado tal como ocurri\u00f3 con el panel t\u00e1ctil.<\/p>\n<h4 class=\"h-editors-recs-title\"> Recomendaciones del editor\t<\/h4>\n<p> <span id=\"publisher-md\" itemprop=\"publisher\" itemscope itemtype=\"https:\/\/schema.org\/Organization\"> <span itemprop=\"url\" itemtype=\"https:\/\/schema.org\/Url\" content=\"https:\/\/es.digitaltrends.com\"> <span itemprop=\"logo\" itemscope itemtype=\"https:\/\/schema.org\/ImageObject\"> <meta itemprop=\"url\" content=\"https:\/\/cdn.dtcn.com\/dt\/dt-logo-small.png\"> <meta itemprop=\"width\" content=\"0\"> <meta itemprop=\"height\" content=\"0\"> <\/span> <meta itemprop=\"name\" content=\"Digital Trends Espa\u00f1ol\"> <\/span> <span itemprop=\"image\" itemscope itemtype=\"https:\/\/schema.org\/ImageObject\"> <meta itemprop=\"url\" content=\"https:\/\/icdn.dtcn.com\/image\/digitaltrends_es\/notch-macbook-pro.jpg\"> <\/span> <\/span><\/p>\n","protected":false},"excerpt":{"rendered":"<p>Las nuevas MacBook Pro llegaron con una in\u00e9dita muesca que hasta ahora solo se hab\u00eda visto en los iPhone; ni siquiera en el iPad se agreg\u00f3 el notch antes, pese a su parecido con los tel\u00e9fonos. Y como no a todos le gusta esta caracter\u00edstica, Apple agreg\u00f3 una opci\u00f3n en el sistema operativo para desactivarla. [&hellip;]<\/p>\n","protected":false},"author":1,"featured_media":25475,"comment_status":"closed","ping_status":"closed","sticky":false,"template":"","format":"standard","meta":[],"categories":[18],"tags":[],"_links":{"self":[{"href":"http:\/\/cordobadirecto.com\/index.php\/wp-json\/wp\/v2\/posts\/25474"}],"collection":[{"href":"http:\/\/cordobadirecto.com\/index.php\/wp-json\/wp\/v2\/posts"}],"about":[{"href":"http:\/\/cordobadirecto.com\/index.php\/wp-json\/wp\/v2\/types\/post"}],"author":[{"embeddable":true,"href":"http:\/\/cordobadirecto.com\/index.php\/wp-json\/wp\/v2\/users\/1"}],"replies":[{"embeddable":true,"href":"http:\/\/cordobadirecto.com\/index.php\/wp-json\/wp\/v2\/comments?post=25474"}],"version-history":[{"count":0,"href":"http:\/\/cordobadirecto.com\/index.php\/wp-json\/wp\/v2\/posts\/25474\/revisions"}],"wp:featuredmedia":[{"embeddable":true,"href":"http:\/\/cordobadirecto.com\/index.php\/wp-json\/wp\/v2\/media\/25475"}],"wp:attachment":[{"href":"http:\/\/cordobadirecto.com\/index.php\/wp-json\/wp\/v2\/media?parent=25474"}],"wp:term":[{"taxonomy":"category","embeddable":true,"href":"http:\/\/cordobadirecto.com\/index.php\/wp-json\/wp\/v2\/categories?post=25474"},{"taxonomy":"post_tag","embeddable":true,"href":"http:\/\/cordobadirecto.com\/index.php\/wp-json\/wp\/v2\/tags?post=25474"}],"curies":[{"name":"wp","href":"https:\/\/api.w.org\/{rel}","templated":true}]}}