{"id":2554,"date":"2021-03-04T15:22:00","date_gmt":"2021-03-04T15:22:00","guid":{"rendered":"http:\/\/cordobadirecto.com\/index.php\/2021\/03\/04\/madrid-prohibe-las-manifestaciones-por-el-dia-de-la-mujer-por-el-coronavirus\/"},"modified":"2021-03-04T15:22:00","modified_gmt":"2021-03-04T15:22:00","slug":"madrid-prohibe-las-manifestaciones-por-el-dia-de-la-mujer-por-el-coronavirus","status":"publish","type":"post","link":"http:\/\/cordobadirecto.com\/index.php\/2021\/03\/04\/madrid-prohibe-las-manifestaciones-por-el-dia-de-la-mujer-por-el-coronavirus\/","title":{"rendered":"Madrid proh\u00edbe las manifestaciones por el D\u00eda de la Mujer por el coronavirus"},"content":{"rendered":"<div class=\"image\" id=\"image\" readability=\"12\"> <img src=\"http:\/\/cordobadirecto.com\/wp-content\/uploads\/2021\/03\/madrid-prohibe-las-manifestaciones-por-el-dia-de-la-mujer-por-el-coronavirus.jpg\" alt=\"La vocera del movimiento, Ana S\u00e1nchez de la Coba, dijo que la manifestaci\u00f3n, en este caso en la Plaza de Callao, estaba autorizada &quot;desde hace m\u00e1s de 20 d\u00edas&quot; para 250 mujeres.\" title=\"La vocera del movimiento, Ana S\u00e1nchez de la Coba, dijo que la manifestaci\u00f3n, en este caso en la Plaza de Callao, estaba autorizada &quot;desde hace m\u00e1s de 20 d\u00edas&quot; para 250 mujeres.\"><\/p>\n<p>La vocera del movimiento, Ana S\u00e1nchez de la Coba, dijo que la manifestaci\u00f3n, en este caso en la Plaza de Callao, estaba autorizada &#8220;desde hace m\u00e1s de 20 d\u00edas&#8221; para 250 mujeres.<\/p>\n<\/div>\n<p><strong>Madrid prohibi\u00f3 toda manifestaci\u00f3n por la conmemoraci\u00f3n del D\u00eda Internacional de la Mujer ante la alta incidencia del coronavirus<\/strong>, una decisi\u00f3n que el movimiento de mujeres ya anticip\u00f3 que apelar\u00e1 ante la Delegaci\u00f3n del Gobierno.<\/p>\n<p><strong>&#8220;He tomado la decisi\u00f3n de prohibir, por motivos de salud p\u00fablica, todas las manifestaciones y concentraciones convocadas, porque estamos en un momento en que Madrid sigue siendo de los territorios de Espa\u00f1a con mayor incidencia de contagios&#8221;<\/strong> de Covid-19, se\u00f1al\u00f3 el delegado del Gobierno en la regi\u00f3n, Jos\u00e9 Manuel Franco, en una rueda de prensa.<\/p>\n<p>Franco dijo que entre el domingo y el lunes hab\u00edan sido solicitadas autorizaciones para m\u00e1s de un centenar de actos, que habr\u00edan implicado reunir a <strong>&#8220;m\u00e1s de 60.000 personas movi\u00e9ndose por las diferentes calles de Madrid&#8221;<\/strong>.<\/p>\n<p>De esta manera, la delegaci\u00f3n del gobierno rectifica una decisi\u00f3n anterior, seg\u00fan la cual iba a permitir manifestaciones de menos de 500 personas, con respeto de la distancia de seguridad.<\/p>\n<p>Las convocantes de los actos criticaron el anuncio<\/p>\n<p>El Movimiento Feminista de Madrid anunci\u00f3 que recurrir\u00e1 la decisi\u00f3n de la Delegaci\u00f3n de Gobierno en Madrid y tiene planeado reunirse para &#8220;tomar decisiones&#8221; sobre qu\u00e9 hacer el 8M.<\/p>\n<p>La vocera del movimiento, Ana S\u00e1nchez de la Coba, dijo que la manifestaci\u00f3n, en este caso en la Plaza de Callao, estaba autorizada &#8220;desde hace m\u00e1s de 20 d\u00edas&#8221; para 250 mujeres.<\/p>\n<p>S\u00e1nchez asegur\u00f3 que estaba todo organizado para cumplir con las recomendaciones y se quej\u00f3 de la prohibici\u00f3n &#8220;<strong>argumentando motivos de salud&#8221;<\/strong>, cuando en la Comunidad de Madrid se celebran<strong> &#8220;continuamente y todas las semanas manifestaciones&#8221;<\/strong>, los transportes p\u00fablicos van &#8220;atestados&#8221;, se realizan &#8220;fiestas ilegales&#8221; o las terrazas est\u00e1n &#8220;llenas&#8221;.<\/p>\n<p><strong>&#8220;Es un ataque directo a las mujeres&#8221;<\/strong>, asever\u00f3 la vocera del Movimiento Feminista de Madrid, citada por la agencia de noticias Europa Press.<\/p>\n<p><strong>&#8220;No podemos entender que de nuevo las mujeres tengamos que ser las demonizadas&#8221;<\/strong>, denunci\u00f3 y remarc\u00f3 que las mujeres demostraron no s\u00f3lo que son &#8220;cuidadoras&#8221; de &#8220;todos los ciudadanos&#8221;, de las &#8220;familias&#8221; o de los &#8220;mayores&#8221;, sino que tambi\u00e9n son &#8220;responsables&#8221;.<\/p>\n<div class=\"js-code\" readability=\"6.7507507507508\">\n<blockquote class=\"twitter-tweet\" readability=\"7.5945945945946\">\n<p lang=\"es\" dir=\"ltr\">Han salido a manifestarse sin distancia de seguridad y sin la resistencia de la <a href=\"https:\/\/twitter.com\/DGobiernoMadrid?ref_src=twsrc%5Etfw\">@DGobiernoMadrid<\/a> los sanitarios, los fascistas, los repartidores a domicilio&#8230;<br \/>Pero las feministas tendremos que quedarnos en casa como buenas mujeres.<br \/>No quedar\u00e1 as\u00ed. <a href=\"https:\/\/t.co\/QdthcYeCmg\">https:\/\/t.co\/QdthcYeCmg<\/a><\/p>\n<p>\u2014 Movimiento Feminista de Madrid (@MovFemMad) <a href=\"https:\/\/twitter.com\/MovFemMad\/status\/1367404621912821761?ref_src=twsrc%5Etfw\">March 4, 2021<\/a><\/p><\/blockquote><\/div>\n<p>Por su parte, la Comisi\u00f3n 8M record\u00f3 que el movimiento de mujeres &#8220;lleva a\u00f1os llenando las calles de Madrid y demostrando su fuerza en cada convocatoria&#8221;.<\/p>\n<p>&#8220;El 8M estaremos presentes. Porque la crisis provocada por la pandemia ha impactado&#8221; especialmente en las mujeres, agreg\u00f3 en Twitter, sin dar detalles de c\u00f3mo conmemorar\u00e1n el d\u00eda.<\/p>\n<p>En tanto, la ministra de Igualdad, Irene Montero, de Podemos, socio minoritario de la coalici\u00f3n de Gobierno con los socialistas, destac\u00f3 en un evento sindical que algunos quieren negar &#8220;el derecho a la calle&#8221; que &#8220;tanto cost\u00f3 conseguir&#8221;.<\/p>\n<p>Sin embargo, dijo que como miembro del Gobierno cumplir\u00e1 &#8220;escrupulosamente&#8221; las indicaciones sanitarias, inform\u00f3 la agencia de noticias AFP.<\/p>\n<p>Otras ministras espa\u00f1olas, del partido socialista, hab\u00edan pedido en d\u00edas anteriores no marchar para evitar contagios.<\/p>\n<blockquote readability=\"8\">\n<p>La capital de Espa\u00f1a, pa\u00eds con un fuerte movimiento feminista, fue escenario en a\u00f1os anteriores de grandes manifestaciones por el 8M<span class=\"comilla\">\u201d<\/span><\/p>\n<\/blockquote>\n<p>En 2020, varios miembros del Ejecutivo se unieron a la concentraci\u00f3n de m\u00e1s de 100.000 personas. D\u00edas despu\u00e9s, tres ministras dieron positivo por covid-19.<\/p>\n<p>En mayo, un informe policial critic\u00f3 el haber autorizado esa marcha cuando ya se registraban contagios, lo que inflam\u00f3 el debate pol\u00edtico.<\/p>\n<p>Espa\u00f1a es uno de los pa\u00edses europeos m\u00e1s golpeados por el coronavirus, con m\u00e1s de 70.000 fallecidos y 3,1 millones de casos confirmados. <\/p>\n","protected":false},"excerpt":{"rendered":"<p>La vocera del movimiento, Ana S\u00e1nchez de la Coba, dijo que la manifestaci\u00f3n, en este caso en la Plaza de Callao, estaba autorizada &#8220;desde hace m\u00e1s de 20 d\u00edas&#8221; para 250 mujeres. Madrid prohibi\u00f3 toda manifestaci\u00f3n por la conmemoraci\u00f3n del D\u00eda Internacional de la Mujer ante la alta incidencia del coronavirus, una decisi\u00f3n que el [&hellip;]<\/p>\n","protected":false},"author":1,"featured_media":2555,"comment_status":"closed","ping_status":"closed","sticky":false,"template":"","format":"standard","meta":[],"categories":[24],"tags":[],"_links":{"self":[{"href":"http:\/\/cordobadirecto.com\/index.php\/wp-json\/wp\/v2\/posts\/2554"}],"collection":[{"href":"http:\/\/cordobadirecto.com\/index.php\/wp-json\/wp\/v2\/posts"}],"about":[{"href":"http:\/\/cordobadirecto.com\/index.php\/wp-json\/wp\/v2\/types\/post"}],"author":[{"embeddable":true,"href":"http:\/\/cordobadirecto.com\/index.php\/wp-json\/wp\/v2\/users\/1"}],"replies":[{"embeddable":true,"href":"http:\/\/cordobadirecto.com\/index.php\/wp-json\/wp\/v2\/comments?post=2554"}],"version-history":[{"count":0,"href":"http:\/\/cordobadirecto.com\/index.php\/wp-json\/wp\/v2\/posts\/2554\/revisions"}],"wp:featuredmedia":[{"embeddable":true,"href":"http:\/\/cordobadirecto.com\/index.php\/wp-json\/wp\/v2\/media\/2555"}],"wp:attachment":[{"href":"http:\/\/cordobadirecto.com\/index.php\/wp-json\/wp\/v2\/media?parent=2554"}],"wp:term":[{"taxonomy":"category","embeddable":true,"href":"http:\/\/cordobadirecto.com\/index.php\/wp-json\/wp\/v2\/categories?post=2554"},{"taxonomy":"post_tag","embeddable":true,"href":"http:\/\/cordobadirecto.com\/index.php\/wp-json\/wp\/v2\/tags?post=2554"}],"curies":[{"name":"wp","href":"https:\/\/api.w.org\/{rel}","templated":true}]}}