{"id":2556,"date":"2021-03-04T14:14:00","date_gmt":"2021-03-04T14:14:00","guid":{"rendered":"http:\/\/cordobadirecto.com\/index.php\/2021\/03\/04\/la-onu-exigio-a-militares-dejar-de-asesinar-un-dia-despues-de-la-muerte-de-38-personas\/"},"modified":"2021-03-04T14:14:00","modified_gmt":"2021-03-04T14:14:00","slug":"la-onu-exigio-a-militares-dejar-de-asesinar-un-dia-despues-de-la-muerte-de-38-personas","status":"publish","type":"post","link":"http:\/\/cordobadirecto.com\/index.php\/2021\/03\/04\/la-onu-exigio-a-militares-dejar-de-asesinar-un-dia-despues-de-la-muerte-de-38-personas\/","title":{"rendered":"La ONU exigi\u00f3 a militares dejar de &#8220;asesinar&#8221;, un d\u00eda despu\u00e9s de la muerte de 38 personas"},"content":{"rendered":"<div class=\"image\" id=\"image\" readability=\"8\"> <img src=\"http:\/\/cordobadirecto.com\/wp-content\/uploads\/2021\/03\/la-onu-exigio-a-militares-dejar-de-asesinar-un-dia-despues-de-la-muerte-de-38-personas.jpg\" alt=\"Fuerzas de seguridad dispararon munici\u00f3n real en varias ciudades para dispersar las manifestaciones prodemocracia.\" title=\"Fuerzas de seguridad dispararon munici\u00f3n real en varias ciudades para dispersar las manifestaciones prodemocracia.\"><\/p>\n<p>Fuerzas de seguridad dispararon munici\u00f3n real en varias ciudades para dispersar las manifestaciones prodemocracia.<\/p>\n<\/div>\n<p>Manifestantes que protestan contra el golpe de Estado militar del mes pasado en Myanmar volvieron a salir este jueves a las calles y la ONU exigi\u00f3 a la Junta &#8220;dejar de asesinar&#8221;, un d\u00eda despu\u00e9s de la muerte de 38 personas en la jornada de represi\u00f3n m\u00e1s sangrienta.<\/p>\n<p>Desde Ginebra, la Alta Comisionada de la ONU para los derechos humanos, Michelle Bachelet, dijo que su oficina estima que al menos 54 manifestantes fueron muertos y m\u00e1s de 1.700 detenidos desde el 1 de febrero, cuando los militares tomaron el poder.<\/p>\n<p>El Ej\u00e9rcito &#8220;debe dejar de asesinar a los manifestantes&#8221;, agreg\u00f3 Bachelet en un comunicado.<\/p>\n<p>En Myanmar, horas antes, peque\u00f1os grupos de manifestantes se congregaron en Yang\u00f3n, la capital econ\u00f3mica, protegidos detr\u00e1s de barricadas construidas con viejos neum\u00e1ticos, ladrillos, sacos de arena, bamb\u00fa y alambre de p\u00faas.<\/p>\n<p>&#8220;Estamos unidos&#8221;, corearon los manifestantes.<\/p>\n<p>Una muchedumbre se congreg\u00f3 tambi\u00e9n en Mandalay, segunda ciudad de Myanmar, la antigua Birmania, para los funerales de una joven de 19 a\u00f1os, muerta la v\u00edspera.&nbsp;<\/p>\n<p>&#8220;No habr\u00e1 perd\u00f3n&#8221;, cantaba la multitud, reunida en torno a un f\u00e9retro cubierto de flores, inform\u00f3 la agencia de noticias AFP.<\/p>\n<div class=\"js-code\" readability=\"7.5125448028674\">\n<blockquote class=\"twitter-tweet\" readability=\"8.4516129032258\">\n<p lang=\"es\" dir=\"ltr\">Todos debemos alzar la voz contra las medidas que acallan a la sociedad civil: trabajar para defender nuestros derechos, y movilizarse en apoyo de los defensores de los derechos humanos, es vital para el futuro de la humanidad.<\/p>\n<p>\u2014 Michelle Bachelet (@mbachelet) <a href=\"https:\/\/twitter.com\/mbachelet\/status\/1365371552867381248?ref_src=twsrc%5Etfw\">February 26, 2021<\/a><\/p><\/blockquote><\/div>\n<p>El Ej\u00e9rcito parece determinado a aplastar la revuelta iniciada tras el golpe de Estado, que derroc\u00f3 el Gobierno civil de la l\u00edder Aung San Suu Kyi y puso fin a una d\u00e9bil transici\u00f3n a la democracia tras medio siglo de dictadura.<\/p>\n<p><strong>El mi\u00e9rcoles, fuerzas de seguridad dispararon munici\u00f3n real en varias ciudades para dispersar las manifestaciones prodemocracia.<\/strong><\/p>\n<p>Im\u00e1genes difundidas en las redes sociales mostraron a manifestantes cubiertos de sangre y heridos de bala en la cabeza.<\/p>\n<p>Al menos 38 personas perdieron la vida, seg\u00fan la emisaria de la ONU para Myanmar, la suiza Christine Schraner Burgener.<\/p>\n<p>&#8220;Es odioso que las fuerzas de seguridad disparen munici\u00f3n real contra manifestantes pac\u00edficos en todo el pa\u00eds&#8221;, dijo hoy Bachelet.&nbsp;<\/p>\n<p>&#8220;Estoy consternada tambi\u00e9n por los ataques registrados contra el personal m\u00e9dico de los servicios de emergencia y las ambulancias que intentan socorrer a las personas heridas&#8221;, agreg\u00f3 en su comunicado.<\/p>\n<p>La ONG Save The Children dijo que, entre los m\u00e1s de 50 muertos, hubo cuatro menores, entre ellos un adolescente de 14 a\u00f1os.<\/p>\n<p>La violencia del mi\u00e9rcoles volvi\u00f3 a suscitar la condena internacional.<\/p>\n<p>El presidente franc\u00e9s, Emmanuel Macron, inst\u00f3 a la &#8220;suspensi\u00f3n inmediata de la represi\u00f3n&#8221; y el Departamento de Estado norteamericano se dijo &#8220;horrorizado e indignado&#8221; por la violencia e inst\u00f3 a China a &#8220;ejercer su influencia&#8221; con los generales.&nbsp;<\/p>\n<p>China y Rusia, aliados tradicionales del Ej\u00e9rcito birmano en Naciones Unidas, no han condenado el golpe, al considerar que la crisis es un &#8220;asunto interno&#8221; del pa\u00eds.<\/p>\n<p><strong>El Reino Unido solicit\u00f3 una nueva reuni\u00f3n del Consejo de Seguridad de la ONU para el pr\u00f3ximo viernes.<\/strong><\/p>\n<p>Schraner Burgener habl\u00f3 con la Junta para advertirla de que Naciones Unidas &#8220;podr\u00eda adoptar medidas importantes&#8221;, para tratar de poner fin a la violencia.<\/p>\n<p>Tambi\u00e9n propuso viajar a Myanmar, pero el Ej\u00e9rcito respondi\u00f3 que era bienvenida, pero &#8220;no ahora&#8221;.<\/p>\n<p>La represi\u00f3n tambi\u00e9n tiene lugar en el terreno judicial.<\/p>\n<p><strong>Suu Kyi, de 75 a\u00f1os, sigue detenida en un lugar secreto por el Ej\u00e9rcito<\/strong>, acusada de cuatro delitos, entre ellos, &#8220;incitaci\u00f3n a los disturbios p\u00fablicos&#8221;. El expresidente Win Myint est\u00e1 acusado, por su parte, de violar la Constituci\u00f3n.<\/p>\n<div class=\"image\" id=\"image\" readability=\"8\"> <img src=\"http:\/\/cordobadirecto.com\/wp-content\/uploads\/2021\/03\/la-onu-exigio-a-militares-dejar-de-asesinar-un-dia-despues-de-la-muerte-de-38-personas-1.jpg\" alt=\"El golpe de Estado derroc\u00f3 a la l\u00edder Aung San Suu Kyi y puso fin a una d\u00e9bil transici\u00f3n a la democracia tras medio siglo de dictadura.\" title=\"El golpe de Estado derroc\u00f3 a la l\u00edder Aung San Suu Kyi y puso fin a una d\u00e9bil transici\u00f3n a la democracia tras medio siglo de dictadura.\"><\/p>\n<p>El golpe de Estado derroc\u00f3 a la l\u00edder Aung San Suu Kyi y puso fin a una d\u00e9bil transici\u00f3n a la democracia tras medio siglo de dictadura.<\/p>\n<\/div>\n<p>Seis periodistas birmanos, entre ellos un fot\u00f3grafo de la agencia de noticias estadounidense The Associated Press (AP), se encuentran detenidos.<\/p>\n<p>Est\u00e1n acusados de &#8220;propagar el miedo entre la poblaci\u00f3n, difundir informaciones falsas (&#8230;) o incitar a los empleados del gobierno a la desobediencia&#8221;, y podr\u00e1n recibir una condena de hasta tres a\u00f1os de c\u00e1rcel.<\/p>\n<p>Los militares ya reprimieron con sangre las \u00faltimas revueltas populares de 1988 y 2007.<\/p>\n<p>El Ej\u00e9rcito, que rechaza los resultados de las elecciones de noviembre pasado, en las que gan\u00f3 por mayor\u00eda aplastante el partido de Suu Kyi, ha prometido una nueva elecci\u00f3n, sin ofrecer fechas. <\/p>\n","protected":false},"excerpt":{"rendered":"<p>Fuerzas de seguridad dispararon munici\u00f3n real en varias ciudades para dispersar las manifestaciones prodemocracia. Manifestantes que protestan contra el golpe de Estado militar del mes pasado en Myanmar volvieron a salir este jueves a las calles y la ONU exigi\u00f3 a la Junta &#8220;dejar de asesinar&#8221;, un d\u00eda despu\u00e9s de la muerte de 38 personas [&hellip;]<\/p>\n","protected":false},"author":1,"featured_media":2557,"comment_status":"closed","ping_status":"closed","sticky":false,"template":"","format":"standard","meta":[],"categories":[24],"tags":[],"_links":{"self":[{"href":"http:\/\/cordobadirecto.com\/index.php\/wp-json\/wp\/v2\/posts\/2556"}],"collection":[{"href":"http:\/\/cordobadirecto.com\/index.php\/wp-json\/wp\/v2\/posts"}],"about":[{"href":"http:\/\/cordobadirecto.com\/index.php\/wp-json\/wp\/v2\/types\/post"}],"author":[{"embeddable":true,"href":"http:\/\/cordobadirecto.com\/index.php\/wp-json\/wp\/v2\/users\/1"}],"replies":[{"embeddable":true,"href":"http:\/\/cordobadirecto.com\/index.php\/wp-json\/wp\/v2\/comments?post=2556"}],"version-history":[{"count":0,"href":"http:\/\/cordobadirecto.com\/index.php\/wp-json\/wp\/v2\/posts\/2556\/revisions"}],"wp:featuredmedia":[{"embeddable":true,"href":"http:\/\/cordobadirecto.com\/index.php\/wp-json\/wp\/v2\/media\/2557"}],"wp:attachment":[{"href":"http:\/\/cordobadirecto.com\/index.php\/wp-json\/wp\/v2\/media?parent=2556"}],"wp:term":[{"taxonomy":"category","embeddable":true,"href":"http:\/\/cordobadirecto.com\/index.php\/wp-json\/wp\/v2\/categories?post=2556"},{"taxonomy":"post_tag","embeddable":true,"href":"http:\/\/cordobadirecto.com\/index.php\/wp-json\/wp\/v2\/tags?post=2556"}],"curies":[{"name":"wp","href":"https:\/\/api.w.org\/{rel}","templated":true}]}}