{"id":25615,"date":"2021-10-28T20:51:39","date_gmt":"2021-10-28T20:51:39","guid":{"rendered":"https:\/\/cordoba.gob.ar\/?p=15322"},"modified":"2021-10-28T20:51:39","modified_gmt":"2021-10-28T20:51:39","slug":"se-inaugura-el-ciclo-ritmo-en-blanco-con-tres-muestras-en-diferentes-espacios-culturales-municipales","status":"publish","type":"post","link":"http:\/\/cordobadirecto.com\/index.php\/2021\/10\/28\/se-inaugura-el-ciclo-ritmo-en-blanco-con-tres-muestras-en-diferentes-espacios-culturales-municipales\/","title":{"rendered":"Se inaugura el ciclo \u201cRitmo en blanco\u201d con tres muestras en diferentes espacios culturales municipales"},"content":{"rendered":"<div><img src=\"http:\/\/cordobadirecto.com\/wp-content\/uploads\/2021\/10\/se-inaugura-el-ciclo-ritmo-en-blanco-con-tres-muestras-en-diferentes-espacios-culturales-municipales.jpg\" class=\"ff-og-image-inserted\"><\/div>\n<ul>\n<li><strong>Se exponen producciones de artistas visuales cordobeses, beneficiarios del Plan de Compromiso Cultural 2021.<\/strong><\/li>\n<\/ul>\n<hr>\n<p>A partir de hoy y hasta fines de febrero 2022 se presenta \u201cRima en blanco\u201d, un ciclo de muestras e instalaciones de artistas cordobeses que fueron beneficiados por el Plan de Compromiso Cultural (PCC) en 2020 y 2021.<\/p>\n<p>La apertura de cada muestra se inaugura en tres momentos sucesivos: en primer lugar el proyecto \u201cAtonal\u201d en el Cabildo de C\u00f3rdoba, en segundo lugar \u201cMicrocosmos\u201d en el Jard\u00edn Bot\u00e1nico y por \u00faltimo \u201cLo com\u00fan\u201d en Centro Cultural Casona Municipal.<\/p>\n<p>La entrada es gratuita y el acceso a los espacios corresponde al aforo de cada espacio.<\/p>\n<p>Organizado por la Subsecretar\u00eda de Cultura dependiente de la Secretar\u00eda de Gobierno de la Municipalidad de C\u00f3rdoba, el ciclo se desprende del programa \u201cArte hoy\u201d creado para acompa\u00f1ar a los artistas visuales locales.<\/p>\n<p>Estas muestras cuentan con la curadur\u00eda del \u00e1rea de Artes Visuales municipal, donde los proyectos exponen opciones est\u00e9ticas y materiales diversos. La \u201cRima en blanco\u201d es justamente una manera po\u00e9tica que se despliega con un ritmo regular pero disonante.<\/p>\n<p>Los proyectos art\u00edsticos del ciclo de muestras, se inauguran de la siguiente manera:<\/p>\n<p>Este 28 de octubre, a las 19 h: \u201cAtonal\u201d con obra de Ana Soteras, Azul Cooper, Iv\u00e1n Gonz\u00e1lez, Mar\u00eda Storni y Pablo Javier Mart\u00ednez. Abarca un di\u00e1logo visual y sonoro m\u00faltiple en las salas del Cabildo de C\u00f3rdoba. Se podr\u00e1 visitar de lunes a viernes, de 10 a 14 h, en el espacio de Independencia 30.<\/p>\n<p>El 18 de noviembre a las 19 h, en el Jard\u00edn Bot\u00e1nico: \u201cMicrocosmos\u201d de Emilia Di Pascuale y Nehu\u00e9n Moyano Cort\u00e9z con una instalaci\u00f3n de im\u00e1genes que dialogan con la naturaleza, como objeto de representaci\u00f3n en relaci\u00f3n al cuerpo humano. Durante la inauguraci\u00f3n habr\u00e1 una intervenci\u00f3n in situ a cargo de la artista Emilia Di Pascuale. Las visitas ser\u00e1n de lunes a viernes, de 10 a 19 h, en Francisco Yunyent 5491.<\/p>\n<p>A partir del mes de diciembre se inaugura la tercera muestra \u201cLo com\u00fan\u201d, la cual se podr\u00e1 visitar en Casona Municipal, de lunes a viernes de 10 a 19 h, en el centro cultural de Av. Gral. Paz esq. La Rioja.<\/p>\n<p>Sobre el Plan de Compromiso Cultural<\/p>\n<p>El Plan de Compromiso Cultural, impulsado por el Municipio desde el a\u00f1o 2020, resume un conjunto de acciones extraordinarias para contener y acompa\u00f1ar al sector cultural fuertemente afectado por la crisis socio-sanitaria provocada por la pandemia Covid-19. La iniciativa se concreta con 11 programas de apoyo a distintos sectores culturales y un aporte global de m\u00e1s de 17 millones de pesos.<\/p>\n","protected":false},"excerpt":{"rendered":"<p>Se exponen producciones de artistas visuales cordobeses, beneficiarios del Plan de Compromiso Cultural 2021. A partir de hoy y hasta fines de febrero 2022 se presenta \u201cRima en blanco\u201d, un ciclo de muestras e instalaciones de artistas cordobeses que fueron beneficiados por el Plan de Compromiso Cultural (PCC) en 2020 y 2021. La apertura de [&hellip;]<\/p>\n","protected":false},"author":1,"featured_media":25616,"comment_status":"closed","ping_status":"closed","sticky":false,"template":"","format":"standard","meta":[],"categories":[44],"tags":[],"_links":{"self":[{"href":"http:\/\/cordobadirecto.com\/index.php\/wp-json\/wp\/v2\/posts\/25615"}],"collection":[{"href":"http:\/\/cordobadirecto.com\/index.php\/wp-json\/wp\/v2\/posts"}],"about":[{"href":"http:\/\/cordobadirecto.com\/index.php\/wp-json\/wp\/v2\/types\/post"}],"author":[{"embeddable":true,"href":"http:\/\/cordobadirecto.com\/index.php\/wp-json\/wp\/v2\/users\/1"}],"replies":[{"embeddable":true,"href":"http:\/\/cordobadirecto.com\/index.php\/wp-json\/wp\/v2\/comments?post=25615"}],"version-history":[{"count":0,"href":"http:\/\/cordobadirecto.com\/index.php\/wp-json\/wp\/v2\/posts\/25615\/revisions"}],"wp:featuredmedia":[{"embeddable":true,"href":"http:\/\/cordobadirecto.com\/index.php\/wp-json\/wp\/v2\/media\/25616"}],"wp:attachment":[{"href":"http:\/\/cordobadirecto.com\/index.php\/wp-json\/wp\/v2\/media?parent=25615"}],"wp:term":[{"taxonomy":"category","embeddable":true,"href":"http:\/\/cordobadirecto.com\/index.php\/wp-json\/wp\/v2\/categories?post=25615"},{"taxonomy":"post_tag","embeddable":true,"href":"http:\/\/cordobadirecto.com\/index.php\/wp-json\/wp\/v2\/tags?post=25615"}],"curies":[{"name":"wp","href":"https:\/\/api.w.org\/{rel}","templated":true}]}}