{"id":25619,"date":"2021-10-29T10:07:48","date_gmt":"2021-10-29T10:07:48","guid":{"rendered":"http:\/\/cordobadirecto.com\/index.php\/2021\/10\/29\/el-fin-de-la-transicion-en-chile-la-tinta\/"},"modified":"2021-10-29T10:07:48","modified_gmt":"2021-10-29T10:07:48","slug":"el-fin-de-la-transicion-en-chile-la-tinta","status":"publish","type":"post","link":"http:\/\/cordobadirecto.com\/index.php\/2021\/10\/29\/el-fin-de-la-transicion-en-chile-la-tinta\/","title":{"rendered":"El fin de la transici\u00f3n en Chile | La tinta"},"content":{"rendered":"<p>No es de extra\u00f1ar, entonces, que el plan de gobierno que propone Boric se planteen demandas hist\u00f3ricas, como un <b>nuevo<\/b> modelo <b>econ\u00f3mico<\/b> justo y&nbsp;&#8230; <\/p>\n","protected":false},"excerpt":{"rendered":"<p>No es de extra\u00f1ar, entonces, que el plan de gobierno que propone Boric se planteen demandas hist\u00f3ricas, como un nuevo modelo econ\u00f3mico justo y&nbsp;&#8230;<\/p>\n","protected":false},"author":1,"featured_media":0,"comment_status":"closed","ping_status":"closed","sticky":false,"template":"","format":"standard","meta":[],"categories":[40],"tags":[],"_links":{"self":[{"href":"http:\/\/cordobadirecto.com\/index.php\/wp-json\/wp\/v2\/posts\/25619"}],"collection":[{"href":"http:\/\/cordobadirecto.com\/index.php\/wp-json\/wp\/v2\/posts"}],"about":[{"href":"http:\/\/cordobadirecto.com\/index.php\/wp-json\/wp\/v2\/types\/post"}],"author":[{"embeddable":true,"href":"http:\/\/cordobadirecto.com\/index.php\/wp-json\/wp\/v2\/users\/1"}],"replies":[{"embeddable":true,"href":"http:\/\/cordobadirecto.com\/index.php\/wp-json\/wp\/v2\/comments?post=25619"}],"version-history":[{"count":0,"href":"http:\/\/cordobadirecto.com\/index.php\/wp-json\/wp\/v2\/posts\/25619\/revisions"}],"wp:attachment":[{"href":"http:\/\/cordobadirecto.com\/index.php\/wp-json\/wp\/v2\/media?parent=25619"}],"wp:term":[{"taxonomy":"category","embeddable":true,"href":"http:\/\/cordobadirecto.com\/index.php\/wp-json\/wp\/v2\/categories?post=25619"},{"taxonomy":"post_tag","embeddable":true,"href":"http:\/\/cordobadirecto.com\/index.php\/wp-json\/wp\/v2\/tags?post=25619"}],"curies":[{"name":"wp","href":"https:\/\/api.w.org\/{rel}","templated":true}]}}