{"id":25620,"date":"2021-10-29T19:26:04","date_gmt":"2021-10-29T19:26:04","guid":{"rendered":"http:\/\/estaciontrip.com.ar\/?p=6309"},"modified":"2021-10-29T19:26:04","modified_gmt":"2021-10-29T19:26:04","slug":"aerolineas-argentinas-retoma-la-operacion-internacional-en-cordoba","status":"publish","type":"post","link":"http:\/\/cordobadirecto.com\/index.php\/2021\/10\/29\/aerolineas-argentinas-retoma-la-operacion-internacional-en-cordoba\/","title":{"rendered":"Aerol\u00edneas Argentinas retoma la operaci\u00f3n internacional en C\u00f3rdoba"},"content":{"rendered":"<div><img src=\"http:\/\/cordobadirecto.com\/wp-content\/uploads\/2021\/10\/aerolineas-argentinas-retoma-la-operacion-internacional-en-cordoba.jpg\" class=\"ff-og-image-inserted\"><\/div>\n<p><em>Adem\u00e1s suma rutas y frecuencias al hub a\u00e9reo dom\u00e9stico desde el 25 de octubre hasta enero y febrero de 2022, progresivamente.<\/em><\/p>\n<p><strong>Aerol\u00edneas Argentinas anunci\u00f3 en C\u00f3rdoba que desde el 2 de enero pr\u00f3ximo comenzar\u00e1 a operar el vuelo directo a R\u00edo de Janeiro desde el aeropuerto Taravella.<\/strong> Tendr\u00e1 tres frecuencias semanales: los mi\u00e9rcoles, viernes y domingos y los pasajes ya est\u00e1n a la venta tanto en la web oficial de la aerol\u00ednea como en las agencias de viajes.<\/p>\n<p>El presidente de Aerol\u00edneas, Pablo Ceriani, acompa\u00f1ado por el Director Comercial, Fabi\u00e1n Lombardo, fueron los encargados de hacer el anuncio y presentar las novedades a las agencias de viajes locales.<\/p>\n<p>Adem\u00e1s, las novedades anunciadas incluyen nuevos vuelos directos que se suman al hub C\u00f3rdoba: los destinos ser\u00b4\u00e1n El Calafate, Ushuaia, Trelew y Resistencia. En total, habr\u00e1 14 rutas operativas desde el \u201cIngeniero Taravella\u201d.<\/p>\n<p>La nueva ruta en inaugurar el mapa incrementado de Aerol\u00edneas, debutar\u00e1 este lunes 25 de octubre hacia El Calafatese, cuando comience a volar 2 frecuencias semanales y desde el 2 de noviembre se retomar\u00e1 la ruta entre C\u00f3rdoba y Ushuaia, tambi\u00e9n con 2 vuelos semanales.<br \/>Mientras tanto, en enero, comenzar\u00e1n a operarse los vuelos C\u00f3rdoba \u2013 Resistencia y C\u00f3rdoba \u2013 Trelew, ambos con 2 frecuencias por semana.<\/p>\n<p>Tambi\u00e9n, durante la temporada de verano se realizar\u00e1n 4 vuelos semanales hacia y desde Mar del Plata.<\/p>\n<p>En conferencia de prensa -luego del encuentro con los operadores tur\u00edsticos cordobeses en el Hotel Neper de la capital provincial- Pablo Ceriani, dijo que&nbsp;<em>\u201cla provincia tiene una relevancia estrat\u00e9gica muy importante porque su ubicaci\u00f3n geogr\u00e1fica nos permite desplegar una operaci\u00f3n de vuelos verdaderamente federal que sirve para conectar a los cordobeses con buena parte del pa\u00eds sin pasar por Buenos Aires\u201d<\/em>.<\/p>\n<p>Cabe recordar que Aerol\u00edneas Argentinas, adem\u00e1s de los destinos mencionados, opera desde C\u00f3rdoba a Mendoza, Salta, Bariloche, Neuqu\u00e9n, Jujuy, Tucum\u00e1n, Iguaz\u00fa y Buenos Aires. De esta manera, a partir de enero, Aerol\u00edneas Argentinas operar\u00e1 desde el Aeropuerto de C\u00f3rdoba ofreciendo conectividad Norte-Centro-Sur a trav\u00e9s del Hub.<\/p>\n<p>Tambi\u00e9n, la compa\u00f1\u00eda inform\u00f3 que 3 aviones de su flota har\u00e1n base permanente en el aeropuerto de C\u00f3rdoba, lo que permitir\u00e1 realizar la operaci\u00f3n de hub de forma eficiente.<\/p>\n<p>En tanto, de cara a la temporada de verano, Aerol\u00edneas anunci\u00f3 importantes incrementos en las frecuencias de sus 37 destinos dentro de la Argentina y un nuevo mapa de 31 rutas federales sin pasar por Buenos Aires. Asimismo, desde la empresa informaron que <strong>se prev\u00e9 operar al 80% de la capacidad pre-pandemia hacia fin de a\u00f1o y recuperar el 100% del mercado dom\u00e9stico en la primera parte de 2022.<\/strong><\/p>\n","protected":false},"excerpt":{"rendered":"<p>Adem\u00e1s suma rutas y frecuencias al hub a\u00e9reo dom\u00e9stico desde el 25 de octubre hasta enero y febrero de 2022, progresivamente. Aerol\u00edneas Argentinas anunci\u00f3 en C\u00f3rdoba que desde el 2 de enero pr\u00f3ximo comenzar\u00e1 a operar el vuelo directo a R\u00edo de Janeiro desde el aeropuerto Taravella. Tendr\u00e1 tres frecuencias semanales: los mi\u00e9rcoles, viernes y [&hellip;]<\/p>\n","protected":false},"author":1,"featured_media":25621,"comment_status":"closed","ping_status":"closed","sticky":false,"template":"","format":"standard","meta":[],"categories":[22],"tags":[],"_links":{"self":[{"href":"http:\/\/cordobadirecto.com\/index.php\/wp-json\/wp\/v2\/posts\/25620"}],"collection":[{"href":"http:\/\/cordobadirecto.com\/index.php\/wp-json\/wp\/v2\/posts"}],"about":[{"href":"http:\/\/cordobadirecto.com\/index.php\/wp-json\/wp\/v2\/types\/post"}],"author":[{"embeddable":true,"href":"http:\/\/cordobadirecto.com\/index.php\/wp-json\/wp\/v2\/users\/1"}],"replies":[{"embeddable":true,"href":"http:\/\/cordobadirecto.com\/index.php\/wp-json\/wp\/v2\/comments?post=25620"}],"version-history":[{"count":0,"href":"http:\/\/cordobadirecto.com\/index.php\/wp-json\/wp\/v2\/posts\/25620\/revisions"}],"wp:featuredmedia":[{"embeddable":true,"href":"http:\/\/cordobadirecto.com\/index.php\/wp-json\/wp\/v2\/media\/25621"}],"wp:attachment":[{"href":"http:\/\/cordobadirecto.com\/index.php\/wp-json\/wp\/v2\/media?parent=25620"}],"wp:term":[{"taxonomy":"category","embeddable":true,"href":"http:\/\/cordobadirecto.com\/index.php\/wp-json\/wp\/v2\/categories?post=25620"},{"taxonomy":"post_tag","embeddable":true,"href":"http:\/\/cordobadirecto.com\/index.php\/wp-json\/wp\/v2\/tags?post=25620"}],"curies":[{"name":"wp","href":"https:\/\/api.w.org\/{rel}","templated":true}]}}