{"id":2564,"date":"2021-03-04T15:22:30","date_gmt":"2021-03-04T15:22:30","guid":{"rendered":"http:\/\/cordobadirecto.com\/index.php\/2021\/03\/04\/inti-federal-se-reunio-en-cordoba-el-consejo-asesor-de-la-region-centro\/"},"modified":"2021-03-04T15:22:30","modified_gmt":"2021-03-04T15:22:30","slug":"inti-federal-se-reunio-en-cordoba-el-consejo-asesor-de-la-region-centro","status":"publish","type":"post","link":"http:\/\/cordobadirecto.com\/index.php\/2021\/03\/04\/inti-federal-se-reunio-en-cordoba-el-consejo-asesor-de-la-region-centro\/","title":{"rendered":"INTI Federal: se reuni\u00f3 en <b>C\u00f3rdoba<\/b> el Consejo Asesor de la regi\u00f3n Centro"},"content":{"rendered":"<p>Con el objeto de fortalecer el entramado productivo regional, el INTI convoc\u00f3 a diferentes actores p\u00fablicos y privados de <b>C\u00f3rdoba<\/b>, Santa Fe y Entre&nbsp;&#8230; <\/p>\n","protected":false},"excerpt":{"rendered":"<p>Con el objeto de fortalecer el entramado productivo regional, el INTI convoc\u00f3 a diferentes actores p\u00fablicos y privados de C\u00f3rdoba, Santa Fe y Entre&nbsp;&#8230;<\/p>\n","protected":false},"author":1,"featured_media":0,"comment_status":"closed","ping_status":"closed","sticky":false,"template":"","format":"standard","meta":[],"categories":[40],"tags":[],"_links":{"self":[{"href":"http:\/\/cordobadirecto.com\/index.php\/wp-json\/wp\/v2\/posts\/2564"}],"collection":[{"href":"http:\/\/cordobadirecto.com\/index.php\/wp-json\/wp\/v2\/posts"}],"about":[{"href":"http:\/\/cordobadirecto.com\/index.php\/wp-json\/wp\/v2\/types\/post"}],"author":[{"embeddable":true,"href":"http:\/\/cordobadirecto.com\/index.php\/wp-json\/wp\/v2\/users\/1"}],"replies":[{"embeddable":true,"href":"http:\/\/cordobadirecto.com\/index.php\/wp-json\/wp\/v2\/comments?post=2564"}],"version-history":[{"count":0,"href":"http:\/\/cordobadirecto.com\/index.php\/wp-json\/wp\/v2\/posts\/2564\/revisions"}],"wp:attachment":[{"href":"http:\/\/cordobadirecto.com\/index.php\/wp-json\/wp\/v2\/media?parent=2564"}],"wp:term":[{"taxonomy":"category","embeddable":true,"href":"http:\/\/cordobadirecto.com\/index.php\/wp-json\/wp\/v2\/categories?post=2564"},{"taxonomy":"post_tag","embeddable":true,"href":"http:\/\/cordobadirecto.com\/index.php\/wp-json\/wp\/v2\/tags?post=2564"}],"curies":[{"name":"wp","href":"https:\/\/api.w.org\/{rel}","templated":true}]}}