{"id":25653,"date":"2021-10-31T02:03:12","date_gmt":"2021-10-31T02:03:12","guid":{"rendered":"http:\/\/cordobadirecto.com\/index.php\/2021\/10\/31\/para-diferenciarse-de-macri-y-de-los-k-schiaretti-ahora-habla-de-economia-la-voz\/"},"modified":"2021-10-31T02:03:12","modified_gmt":"2021-10-31T02:03:12","slug":"para-diferenciarse-de-macri-y-de-los-k-schiaretti-ahora-habla-de-economia-la-voz","status":"publish","type":"post","link":"http:\/\/cordobadirecto.com\/index.php\/2021\/10\/31\/para-diferenciarse-de-macri-y-de-los-k-schiaretti-ahora-habla-de-economia-la-voz\/","title":{"rendered":"Para diferenciarse de Macri y de los K, Schiaretti ahora habla de <b>econom\u00eda<\/b> &#8211; La Voz"},"content":{"rendered":"<p>Critic\u00f3 las medidas del Gobierno nacional. Tambi\u00e9n acus\u00f3 al expresidente de ser el culpable del regreso de Cristina Fern\u00e1ndez al poder,&nbsp;&#8230; <\/p>\n","protected":false},"excerpt":{"rendered":"<p>Critic\u00f3 las medidas del Gobierno nacional. Tambi\u00e9n acus\u00f3 al expresidente de ser el culpable del regreso de Cristina Fern\u00e1ndez al poder,&nbsp;&#8230;<\/p>\n","protected":false},"author":1,"featured_media":0,"comment_status":"closed","ping_status":"closed","sticky":false,"template":"","format":"standard","meta":[],"categories":[40],"tags":[],"_links":{"self":[{"href":"http:\/\/cordobadirecto.com\/index.php\/wp-json\/wp\/v2\/posts\/25653"}],"collection":[{"href":"http:\/\/cordobadirecto.com\/index.php\/wp-json\/wp\/v2\/posts"}],"about":[{"href":"http:\/\/cordobadirecto.com\/index.php\/wp-json\/wp\/v2\/types\/post"}],"author":[{"embeddable":true,"href":"http:\/\/cordobadirecto.com\/index.php\/wp-json\/wp\/v2\/users\/1"}],"replies":[{"embeddable":true,"href":"http:\/\/cordobadirecto.com\/index.php\/wp-json\/wp\/v2\/comments?post=25653"}],"version-history":[{"count":0,"href":"http:\/\/cordobadirecto.com\/index.php\/wp-json\/wp\/v2\/posts\/25653\/revisions"}],"wp:attachment":[{"href":"http:\/\/cordobadirecto.com\/index.php\/wp-json\/wp\/v2\/media?parent=25653"}],"wp:term":[{"taxonomy":"category","embeddable":true,"href":"http:\/\/cordobadirecto.com\/index.php\/wp-json\/wp\/v2\/categories?post=25653"},{"taxonomy":"post_tag","embeddable":true,"href":"http:\/\/cordobadirecto.com\/index.php\/wp-json\/wp\/v2\/tags?post=25653"}],"curies":[{"name":"wp","href":"https:\/\/api.w.org\/{rel}","templated":true}]}}