{"id":25654,"date":"2021-10-29T21:53:34","date_gmt":"2021-10-29T21:53:34","guid":{"rendered":"https:\/\/cordoba.gob.ar\/?p=15411"},"modified":"2021-10-29T21:53:34","modified_gmt":"2021-10-29T21:53:34","slug":"con-diversas-actividades-la-comunidad-de-mexicanos-en-cordoba-celebra-el-dia-de-los-muertos-en-la-ciudad","status":"publish","type":"post","link":"http:\/\/cordobadirecto.com\/index.php\/2021\/10\/29\/con-diversas-actividades-la-comunidad-de-mexicanos-en-cordoba-celebra-el-dia-de-los-muertos-en-la-ciudad\/","title":{"rendered":"Con diversas actividades, la comunidad de Mexicanos en C\u00f3rdoba celebra el D\u00eda de los Muertos en la ciudad\u00a0"},"content":{"rendered":"<div><img src=\"http:\/\/cordobadirecto.com\/wp-content\/uploads\/2021\/10\/con-diversas-actividades-la-comunidad-de-mexicanos-en-cordoba-celebra-el-dia-de-los-muertos-en-la-ciudad.jpg\" class=\"ff-og-image-inserted\"><\/div>\n<p>Los d\u00edas lunes 1 y martes 2 de noviembre se realizar\u00e1 la tradicional celebraci\u00f3n del D\u00eda de los Muertos en la Plaza del Pueblo de la Toma, frente al Cementerio San Jer\u00f3nimo.<\/p>\n<p>Habr\u00e1 talleres, conversatorios, m\u00fasica en vivo y oferta gastron\u00f3mica tradicional de la cultura latinoamericana.<\/p>\n<p>Las actividades, p\u00fablicas y gratuitas, se llevar\u00e1n adelante de 19 a 00 hs, organizadas por la Comunidad Mexicana en C\u00f3rdoba, con el acompa\u00f1amiento de la Municipalidad de C\u00f3rdoba a trav\u00e9s de la Mesa de Diversidad Cultural conformada por la Secretar\u00eda de Gobierno y la Direcci\u00f3n General de Cementerios, organismos, organizaciones y colectividades, entre otros.<\/p>\n<p>El lunes 1, desde las 19 horas, se brindar\u00e1n talleres gratuitos, con explicaci\u00f3n de la ofrenda de d\u00eda de muertos y sus elementos, un conversatorio sobre las tradiciones y culturas de Latinoam\u00e9rica y el Caribe, la proyecci\u00f3n del largometraje Macario, M\u00e9xico (1960), y la venta de comida tradicional a cargo de los centros vecinales.<\/p>\n<p>El martes 2, habr\u00e1 m\u00fasica en vivo y diversas ofertas culinarias para conocer m\u00e1s sobre la cultura mexicana y otras culturas latinoamericanas, como Per\u00fa, Ecuador, Hait\u00ed, Venezuela y cocinas andinas norte\u00f1as de Argentina.<\/p>\n<p>Adem\u00e1s, los organizadores convocan a ser punto de llegada de bicicleteadas recreativas y familiares. El evento ser\u00e1 p\u00fablico y gratuito, con espacio para depositar colaboraciones voluntarias no obligatorias destinadas a la Comunidad.<\/p>\n<p>ACTIVIDADES<br \/>Lunes 1 de noviembre<\/p>\n<p>\u25cf 19:00 Inauguraci\u00f3n del evento<br \/>\u25cf 19:30 Explicaci\u00f3n de la ofrenda de d\u00eda de muertos y sus elementos.<br \/>\u25cf 20:00 Talleres simult\u00e1neos, libres y gratuitos sujetos a cupo.<br \/>\u25cb Taller de pan de muerto \u2013 consulado honorario de M\u00e9xico<br \/>\u25cb Taller de cartoner\u00eda mexicana: pintado de calacas \u2013 museo de cartoner\u00eda<br \/>\u25cb Taller de papel picado y flores de papel \u2013 comunidad mexicana<br \/>\u25cb Taller literario de calaveritas \u2013 red de bibliotecas populares<br \/>\u25cf 21:00 Conversatorio: Tradiciones y culturas de Latinoam\u00e9rica y el Caribe \u2013 colectividades<br \/>\u25cf 22:00 Largometraje a cargo del Centro Cultural La Piojera: Macario, M\u00e9xico 1960<\/p>\n<p>Martes 2 de noviembre<\/p>\n<p>\u25cf M\u00fasica en vivo:<br \/>\u25cb 19:00 Acordeonista Pedro Saad \u2013 Comunidad Ecuatoriana<br \/>\u25cb 19:45 Quinteto buscando el mango \u2013 C\u00f3rdoba<br \/>\u25cb 20:30 Mariachis Jalisco (a confirmar)<br \/>\u25cb 21:30 Ronda de pin pin: Danza tradicional \u201cJEROKY \u00d1EMBO\u2019E \u201d danzarezo<br \/>(rogativa) \u2013 ICA.<br \/>\u25cb 22:00 Banda sensacional Santa Cecilia \u2013 M\u00fasica boliviana y mexicana<br \/>\u25cb 23:00 Candombre \u201cLa Ronda Candombe\u201d \u2013 Comunidad Ecuatoriana<\/p>\n<p>SOBRE EL D\u00cdA DE LOS MUERTOS<\/p>\n<p>El D\u00eda de los Muertos es una de las fiestas m\u00e1s importantes y significativas de M\u00e9xico. La fecha es el 1\u00b0 y 2 de noviembre, cuando se rinde tributo al retorno transitorio de las \u00e1nimas de los difuntos, quienes regresan a sus casas para convivir con sus familiares y nutrirse de las ofrendas que les dejan en altares hechos en su honor.<\/p>\n<p>La celebraci\u00f3n representa un momento privilegiado de encuentro, no s\u00f3lo de las personas con sus antepasados, sino tambi\u00e9n entre las y los integrantes de la propia comunidad.<\/p>\n","protected":false},"excerpt":{"rendered":"<p>Los d\u00edas lunes 1 y martes 2 de noviembre se realizar\u00e1 la tradicional celebraci\u00f3n del D\u00eda de los Muertos en la Plaza del Pueblo de la Toma, frente al Cementerio San Jer\u00f3nimo. Habr\u00e1 talleres, conversatorios, m\u00fasica en vivo y oferta gastron\u00f3mica tradicional de la cultura latinoamericana. Las actividades, p\u00fablicas y gratuitas, se llevar\u00e1n adelante de [&hellip;]<\/p>\n","protected":false},"author":1,"featured_media":25655,"comment_status":"closed","ping_status":"closed","sticky":false,"template":"","format":"standard","meta":[],"categories":[44],"tags":[],"_links":{"self":[{"href":"http:\/\/cordobadirecto.com\/index.php\/wp-json\/wp\/v2\/posts\/25654"}],"collection":[{"href":"http:\/\/cordobadirecto.com\/index.php\/wp-json\/wp\/v2\/posts"}],"about":[{"href":"http:\/\/cordobadirecto.com\/index.php\/wp-json\/wp\/v2\/types\/post"}],"author":[{"embeddable":true,"href":"http:\/\/cordobadirecto.com\/index.php\/wp-json\/wp\/v2\/users\/1"}],"replies":[{"embeddable":true,"href":"http:\/\/cordobadirecto.com\/index.php\/wp-json\/wp\/v2\/comments?post=25654"}],"version-history":[{"count":0,"href":"http:\/\/cordobadirecto.com\/index.php\/wp-json\/wp\/v2\/posts\/25654\/revisions"}],"wp:featuredmedia":[{"embeddable":true,"href":"http:\/\/cordobadirecto.com\/index.php\/wp-json\/wp\/v2\/media\/25655"}],"wp:attachment":[{"href":"http:\/\/cordobadirecto.com\/index.php\/wp-json\/wp\/v2\/media?parent=25654"}],"wp:term":[{"taxonomy":"category","embeddable":true,"href":"http:\/\/cordobadirecto.com\/index.php\/wp-json\/wp\/v2\/categories?post=25654"},{"taxonomy":"post_tag","embeddable":true,"href":"http:\/\/cordobadirecto.com\/index.php\/wp-json\/wp\/v2\/tags?post=25654"}],"curies":[{"name":"wp","href":"https:\/\/api.w.org\/{rel}","templated":true}]}}