{"id":25656,"date":"2021-10-29T20:09:20","date_gmt":"2021-10-29T20:09:20","guid":{"rendered":"https:\/\/www.cordoba.gob.ar\/?p=15390"},"modified":"2021-10-29T20:09:20","modified_gmt":"2021-10-29T20:09:20","slug":"capacitacion-municipal-sobre-migracion-y-refugio-en-argentina","status":"publish","type":"post","link":"http:\/\/cordobadirecto.com\/index.php\/2021\/10\/29\/capacitacion-municipal-sobre-migracion-y-refugio-en-argentina\/","title":{"rendered":"Capacitaci\u00f3n municipal sobre Migraci\u00f3n y Refugio en Argentina"},"content":{"rendered":"<div><img src=\"http:\/\/cordobadirecto.com\/wp-content\/uploads\/2021\/10\/capacitacion-municipal-sobre-migracion-y-refugio-en-argentina.jpg\" class=\"ff-og-image-inserted\"><\/div>\n<ul>\n<li><strong>Destinada a&nbsp;agentes estatales y p\u00fablico interesado<\/strong><\/li>\n<li><strong>La capacitaci\u00f3n consta de 5 m\u00f3dulos que se dictan a trav\u00e9s de la plataforma de Infossep<\/strong><\/li>\n<\/ul>\n<hr>\n<p>A trav\u00e9s de la Direcci\u00f3n de Acompa\u00f1amiento y Apoyo al Inmigrante de la Secretar\u00eda de Planeamiento, Modernizaci\u00f3n y Relaciones Internacionales de la Municipalidad de C\u00f3rdoba, comenz\u00f3 a dictarse el Curso de Capacitaci\u00f3n \u201cCruzando Fronteras: las migraciones y el refugio en Argentina\u201d. &nbsp;Un grupo de expertos del CONICET compartir\u00e1 a lo largo de 5 clases nociones b\u00e1sicas sobre migraci\u00f3n y buenas pr\u00e1cticas con personas migrantes y refugiadas.<\/p>\n<p>El director de Acompa\u00f1amiento y Apoyo al Inmigrante, Rodrigo Ceballos Bisso, resalt\u00f3 que \u201cLa gesti\u00f3n actual de Martin Llaryora ha entendido que las Migraciones y el Refugio deben incorporarse a la agenda p\u00fablica de la ciudad. C\u00f3rdoba ha sido hist\u00f3ricamente el destino de diferentes personas que llegan en estas condiciones, y los agentes del Estado deben tener la capacitaci\u00f3n necesaria para promover derechos y acercar el Estado a sus realidades\u201d.<\/p>\n<p>Esta iniciativa se enmarca dentro de un plan integral de acciones desarrolladas para la atenci\u00f3n y asistencia de las personas migrantes y refugiadas que residen en la ciudad de C\u00f3rdoba.<\/p>\n<p>Las capacitaciones se llevar\u00e1n a cabo desde el 29 de octubre al 5 de noviembre a trav\u00e9s de la plataforma de <a href=\"https:\/\/infossep.cordoba.gob.ar\/\">Infossep<\/a>&nbsp;, y est\u00e1n destinadas a agentes estatales y a todo el p\u00fablico interesado.<\/p>\n<p>A trav\u00e9s del curso, se busca promover el desarrollo de actividades de capacitaci\u00f3n y sensibilizaci\u00f3n que propicien a la reflexi\u00f3n y discusi\u00f3n colectiva sobre migraci\u00f3n y refugio con agentes estatales del \u00e1mbito municipal.<\/p>\n<p>Ante un total de 91 asistentes, el equipo liderado por Eduardo Domenech, investigador del CONICET, se desarroll\u00f3 el primer m\u00f3dulo titulado \u201cLas migraciones y el refugio en las sociedades contempor\u00e1neas\u201d donde se dialog\u00f3 sobre las formas de movilidad territorial y el concepto de persona migrante y refugiada. Tambi\u00e9n se habl\u00f3 sobre el panorama de las din\u00e1micas migratorias contempor\u00e1neas en Am\u00e9rica Latina y de las migraciones hist\u00f3ricas y contempor\u00e1neas en Argentina., como tambi\u00e9n de las principales caracter\u00edsticas demogr\u00e1ficas de la poblaci\u00f3n migrante en C\u00f3rdoba.<\/p>\n<p>Al finalizar el curso, los asistentes recibir\u00e1n los respectivos certificados de participaci\u00f3n.<\/p>\n","protected":false},"excerpt":{"rendered":"<p>Destinada a&nbsp;agentes estatales y p\u00fablico interesado La capacitaci\u00f3n consta de 5 m\u00f3dulos que se dictan a trav\u00e9s de la plataforma de Infossep A trav\u00e9s de la Direcci\u00f3n de Acompa\u00f1amiento y Apoyo al Inmigrante de la Secretar\u00eda de Planeamiento, Modernizaci\u00f3n y Relaciones Internacionales de la Municipalidad de C\u00f3rdoba, comenz\u00f3 a dictarse el Curso de Capacitaci\u00f3n \u201cCruzando [&hellip;]<\/p>\n","protected":false},"author":1,"featured_media":25657,"comment_status":"closed","ping_status":"closed","sticky":false,"template":"","format":"standard","meta":[],"categories":[44],"tags":[],"_links":{"self":[{"href":"http:\/\/cordobadirecto.com\/index.php\/wp-json\/wp\/v2\/posts\/25656"}],"collection":[{"href":"http:\/\/cordobadirecto.com\/index.php\/wp-json\/wp\/v2\/posts"}],"about":[{"href":"http:\/\/cordobadirecto.com\/index.php\/wp-json\/wp\/v2\/types\/post"}],"author":[{"embeddable":true,"href":"http:\/\/cordobadirecto.com\/index.php\/wp-json\/wp\/v2\/users\/1"}],"replies":[{"embeddable":true,"href":"http:\/\/cordobadirecto.com\/index.php\/wp-json\/wp\/v2\/comments?post=25656"}],"version-history":[{"count":0,"href":"http:\/\/cordobadirecto.com\/index.php\/wp-json\/wp\/v2\/posts\/25656\/revisions"}],"wp:featuredmedia":[{"embeddable":true,"href":"http:\/\/cordobadirecto.com\/index.php\/wp-json\/wp\/v2\/media\/25657"}],"wp:attachment":[{"href":"http:\/\/cordobadirecto.com\/index.php\/wp-json\/wp\/v2\/media?parent=25656"}],"wp:term":[{"taxonomy":"category","embeddable":true,"href":"http:\/\/cordobadirecto.com\/index.php\/wp-json\/wp\/v2\/categories?post=25656"},{"taxonomy":"post_tag","embeddable":true,"href":"http:\/\/cordobadirecto.com\/index.php\/wp-json\/wp\/v2\/tags?post=25656"}],"curies":[{"name":"wp","href":"https:\/\/api.w.org\/{rel}","templated":true}]}}