{"id":25683,"date":"2021-10-31T01:44:27","date_gmt":"2021-10-31T01:44:27","guid":{"rendered":"https:\/\/www.bbc.com\/mundo\/noticias-america-latina-59107504"},"modified":"2021-10-31T01:44:27","modified_gmt":"2021-10-31T01:44:27","slug":"octavio-ocana-que-se-sabe-de-la-violenta-muerte-del-actor-mexicano-de-22-anos-fallecido-en-circunstancias-inciertas","status":"publish","type":"post","link":"http:\/\/cordobadirecto.com\/index.php\/2021\/10\/31\/octavio-ocana-que-se-sabe-de-la-violenta-muerte-del-actor-mexicano-de-22-anos-fallecido-en-circunstancias-inciertas\/","title":{"rendered":"Octavio Oca\u00f1a: qu\u00e9 se sabe de la violenta muerte del actor mexicano de 22 a\u00f1os fallecido en circunstancias inciertas"},"content":{"rendered":"<div dir=\"ltr\" class=\"e1j2237y5 bbc-q4ibpr e57qer20\">\n<div class=\"bbc-1atl7vu e1c9i7u14\">\n<ul role=\"list\" class=\"bbc-k0l9bd e1c9i7u12\">\n<li role=\"listitem\" class=\"bbc-1a3w4ok e1c9i7u11\">Redacci\u00f3n <\/li>\n<li role=\"listitem\" class=\"bbc-1p92jtu e1c9i7u10\">BBC News Mundo<\/li>\n<\/ul>\n<\/div>\n<\/div>\n<p><time datetime=\"2021-10-31\" class=\"bbc-14xtggo e4zesg50\">3 horas<\/time><\/p>\n<div dir=\"ltr\" class=\"bbc-1ka88fa e57qer20\">\n<figure class=\"bbc-1qdcvv9 e6bmn90\">\n<div dir=\"ltr\" class=\"bbc-172p16q e57qer20\">\n<div dir=\"ltr\" class=\"bbc-189y18v e57qer20\" readability=\"6.5\">\n<div data-e2e=\"image-placeholder\" class=\"bbc-997y1y e1whu0\" readability=\"8\"><img loading=\"lazy\" srcset=\"http:\/\/cordobadirecto.com\/wp-content\/uploads\/2021\/10\/octavio-ocana-que-se-sabe-de-la-violenta-muerte-del-actor-mexicano-de-22-anos-fallecido-en-circunstancias-inciertas-3.jpg 240w, http:\/\/cordobadirecto.com\/wp-content\/uploads\/2021\/10\/octavio-ocana-que-se-sabe-de-la-violenta-muerte-del-actor-mexicano-de-22-anos-fallecido-en-circunstancias-inciertas-4.jpg 320w, http:\/\/cordobadirecto.com\/wp-content\/uploads\/2021\/10\/octavio-ocana-que-se-sabe-de-la-violenta-muerte-del-actor-mexicano-de-22-anos-fallecido-en-circunstancias-inciertas-5.jpg 480w, http:\/\/cordobadirecto.com\/wp-content\/uploads\/2021\/10\/octavio-ocana-que-se-sabe-de-la-violenta-muerte-del-actor-mexicano-de-22-anos-fallecido-en-circunstancias-inciertas-6.jpg 624w, http:\/\/cordobadirecto.com\/wp-content\/uploads\/2021\/10\/octavio-ocana-que-se-sabe-de-la-violenta-muerte-del-actor-mexicano-de-22-anos-fallecido-en-circunstancias-inciertas-7.jpg 800w\" alt=\"Octavio Oca\u00f1a\" src=\"http:\/\/cordobadirecto.com\/wp-content\/uploads\/2021\/10\/octavio-ocana-que-se-sabe-de-la-violenta-muerte-del-actor-mexicano-de-22-anos-fallecido-en-circunstancias-inciertas.jpg\" sizes=\"(min-width: 1008px) 645px, 100vw\" width=\"976\" height=\"549\" class=\"eehpdyc0 bbc-100dhyn e1enwo3v0\"><\/p>\n<p role=\"text\" class=\"bbc-1s1cxbv etq3yw90\"><span class=\"bbc-1gnhmg2 e1yt7oin0\">Fuente de la imagen, <\/span><span lang=\"en-GB\">Getty Images<\/span><\/p>\n<\/div>\n<\/div>\n<div dir=\"ltr\" class=\"bbc-3edg7g e57qer20\" readability=\"6\"><figcaption dir=\"ltr\" class=\"bbc-1t9zlwf eede9f50\" readability=\"2\"><span class=\"bbc-1gnhmg2 e1yt7oin0\">Pie de foto, <\/span><\/p>\n<p>Oca\u00f1a era famoso por su interpretaci\u00f3n del persoja de Benito Rivers en la serie Vecinos.<\/p>\n<\/figcaption><\/div>\n<\/div>\n<\/figure>\n<\/div>\n<div dir=\"ltr\" class=\"bbc-19j92fr e57qer20\" readability=\"8\">\n<p dir=\"ltr\" class=\"bbc-bm53ic e1cc2ql70\"><b>Las circunstancias en las que muri\u00f3 el actor Octavio P\u00e9rez Oca\u00f1a han generado dudas y demandas de justicia en M\u00e9xico.<\/b><\/p>\n<\/div>\n<div dir=\"ltr\" class=\"bbc-19j92fr e57qer20\" readability=\"9\">\n<p dir=\"ltr\" class=\"bbc-bm53ic e1cc2ql70\">El joven de 22 a\u00f1os falleci\u00f3 la tarde del viernes a bordo de una camioneta que conduc\u00eda en una carretera del municipio de Atizap\u00e1n de Zaragoza, al oeste de la capital mexicana. <\/p>\n<\/div>\n<div dir=\"ltr\" class=\"bbc-19j92fr e57qer20\" readability=\"9\">\n<p dir=\"ltr\" class=\"bbc-bm53ic e1cc2ql70\">La Fiscal\u00eda General de Justicia (FGJ) del Estado de M\u00e9xico inform\u00f3 -sin nombrar directamente a P\u00e9rez Oca\u00f1a- que el joven <b>&#8220;perdi\u00f3 la vida por un disparo de arma de fuego en la cabeza&#8221;<\/b> luego de una persecuci\u00f3n policial.<\/p>\n<\/div>\n<div dir=\"ltr\" class=\"bbc-19j92fr e57qer20\" readability=\"9\">\n<p dir=\"ltr\" class=\"bbc-bm53ic e1cc2ql70\">Su cuerpo &#8220;fue encontrado dentro de la camioneta que conduc\u00eda&#8221;, indic\u00f3 la FGJ en un comunicado en el que se reporta tambi\u00e9n el hallazgo de un arma de fuego en el veh\u00edculo.<\/p>\n<\/div>\n<div dir=\"ltr\" class=\"bbc-19j92fr e57qer20\" readability=\"10\">\n<p dir=\"ltr\" class=\"bbc-bm53ic e1cc2ql70\">Pero im\u00e1genes difundidas en redes sociales, incluido un video, han llevado a muchos en M\u00e9xico a cuestionar qu\u00e9 es lo que realmente pas\u00f3.<\/p>\n<\/div>\n<div dir=\"ltr\" class=\"bbc-19j92fr e57qer20\" readability=\"12\">\n<p dir=\"ltr\" class=\"bbc-bm53ic e1cc2ql70\">El video, en el que aparecen polic\u00edas municipales investigando en la escena, <b>muestra a P\u00e9rez Oca\u00f1a presuntamente haciendo movimientos con su brazo derecho<\/b>, lo que hace suponer que a\u00fan estaba vivo mientras las autoridades rodeaban el veh\u00edculo.<\/p>\n<\/div>\n<div dir=\"ltr\" class=\"bbc-19j92fr e57qer20\" readability=\"8\">\n<p dir=\"ltr\" class=\"bbc-bm53ic e1cc2ql70\">La FGJ dijo a BBC Mundo que analiza esas im\u00e1genes y que habr\u00e1 m\u00e1s pronunciamientos cuando se completen las investigaciones.<\/p>\n<\/div>\n<div dir=\"ltr\" class=\"bbc-1ka88fa e57qer20\">\n<figure class=\"bbc-1qdcvv9 e6bmn90\">\n<div dir=\"ltr\" class=\"bbc-172p16q e57qer20\">\n<div dir=\"ltr\" class=\"bbc-189y18v e57qer20\" readability=\"6.5\">\n<div data-e2e=\"image-placeholder\" class=\"bbc-997y1y e1whu0\" readability=\"8\"><noscript><img loading=\"lazy\" srcset=\"http:\/\/cordobadirecto.com\/wp-content\/uploads\/2021\/10\/octavio-ocana-que-se-sabe-de-la-violenta-muerte-del-actor-mexicano-de-22-anos-fallecido-en-circunstancias-inciertas-8.jpg 240w, http:\/\/cordobadirecto.com\/wp-content\/uploads\/2021\/10\/octavio-ocana-que-se-sabe-de-la-violenta-muerte-del-actor-mexicano-de-22-anos-fallecido-en-circunstancias-inciertas-9.jpg 320w, http:\/\/cordobadirecto.com\/wp-content\/uploads\/2021\/10\/octavio-ocana-que-se-sabe-de-la-violenta-muerte-del-actor-mexicano-de-22-anos-fallecido-en-circunstancias-inciertas-10.jpg 480w, http:\/\/cordobadirecto.com\/wp-content\/uploads\/2021\/10\/octavio-ocana-que-se-sabe-de-la-violenta-muerte-del-actor-mexicano-de-22-anos-fallecido-en-circunstancias-inciertas-11.jpg 624w, http:\/\/cordobadirecto.com\/wp-content\/uploads\/2021\/10\/octavio-ocana-que-se-sabe-de-la-violenta-muerte-del-actor-mexicano-de-22-anos-fallecido-en-circunstancias-inciertas-12.jpg 800w\" alt=\"Octavio Oca\u00f1a cuando era ni\u00f1o.\" src=\"http:\/\/cordobadirecto.com\/wp-content\/uploads\/2021\/10\/octavio-ocana-que-se-sabe-de-la-violenta-muerte-del-actor-mexicano-de-22-anos-fallecido-en-circunstancias-inciertas-1.jpg\" sizes=\"(min-width: 1008px) 645px, 100vw\" width=\"976\" height=\"549\" class=\"eehpdyc0 bbc-100dhyn e1enwo3v0\"><\/noscript><\/p>\n<p role=\"text\" class=\"bbc-1s1cxbv etq3yw90\"><span class=\"bbc-1gnhmg2 e1yt7oin0\">Fuente de la imagen, <\/span><span lang=\"en-GB\">Getty Images<\/span><\/p>\n<\/div>\n<\/div>\n<div dir=\"ltr\" class=\"bbc-3edg7g e57qer20\" readability=\"6\"><figcaption dir=\"ltr\" class=\"bbc-1t9zlwf eede9f50\" readability=\"2\"><span class=\"bbc-1gnhmg2 e1yt7oin0\">Pie de foto, <\/span><\/p>\n<p>Octavio Oca\u00f1a se hizo famoso siendo un actor infantil.<\/p>\n<\/figcaption><\/div>\n<\/div>\n<\/figure>\n<\/div>\n<div dir=\"ltr\" class=\"bbc-19j92fr e57qer20\" readability=\"10\">\n<p dir=\"ltr\" class=\"bbc-bm53ic e1cc2ql70\">P\u00e9rez Oca\u00f1a se hizo querido entre el p\u00fablico mexicano porque durante siete temporadas, desde los 7 a\u00f1os, interpret\u00f3 el papel del ni\u00f1o Benito Rivers en la serie televisiva &#8220;Vecinos&#8221;.<\/p>\n<\/div>\n<div dir=\"ltr\" class=\"bbc-19j92fr e57qer20\" readability=\"11\">\n<p dir=\"ltr\" class=\"bbc-bm53ic e1cc2ql70\">&#8220;<b>Estoy quebrado porque me quitaron parte del alma y de mi vida<\/b>&#8220;, dijo su padre, Octavio P\u00e9rez, en una breve declaraci\u00f3n ante los periodistas este s\u00e1bado.<\/p>\n<\/div>\n<p><h2 id=\"Qu\u00e9-informa-la-Fiscal\u00eda\" tabindex=\"-1\" class=\"bbc-l3e97o e14hemmw0\">\u00bfQu\u00e9 informa la Fiscal\u00eda?<\/h2>\n<\/p>\n<div dir=\"ltr\" class=\"bbc-19j92fr e57qer20\" readability=\"9\">\n<p dir=\"ltr\" class=\"bbc-bm53ic e1cc2ql70\">Sin nombrar a P\u00e9rez Oca\u00f1a, la FGJ inform\u00f3 la tarde de este s\u00e1bado que investigaba las causas por las que el joven de 22 a\u00f1os &#8220;perdi\u00f3 la vida por un disparo de arma de fuego en la cabeza&#8221;.<\/p>\n<\/div>\n<div dir=\"ltr\" class=\"bbc-19j92fr e57qer20\" readability=\"13\">\n<p dir=\"ltr\" class=\"bbc-bm53ic e1cc2ql70\">La tarde del viernes, el actor conduc\u00eda una camioneta, en la que viajaba con otras dos personas, por calles del municipio de Cuautitl\u00e1n Izcalli cuando polic\u00edas pidieron que se detuviera, seg\u00fan la FGJ.<\/p>\n<\/div>\n<div dir=\"ltr\" class=\"bbc-19j92fr e57qer20\" readability=\"13\">\n<p dir=\"ltr\" class=\"bbc-bm53ic e1cc2ql70\">&#8220;Sin embargo, <b>el conductor no detuvo la marcha y aceler\u00f3 para evitar ser detenido<\/b>, lo que inici\u00f3 una persecuci\u00f3n&#8221;, explica la Fiscal\u00eda citando el testimonio de los dos acompa\u00f1antes del actor, quienes fueron detenidos.<\/p>\n<\/div>\n<div dir=\"ltr\" class=\"bbc-19j92fr e57qer20\" readability=\"11\">\n<p dir=\"ltr\" class=\"bbc-bm53ic e1cc2ql70\">&#8220;Durante la persecuci\u00f3n el conductor perdi\u00f3 el control de la unidad y \u00e9sta se estrell\u00f3 a un costado de la v\u00eda, lugar en donde el conductor fue encontrado con una lesi\u00f3n por arma de fuego en la cabeza&#8221;, explica el comunicado. <\/p>\n<\/div>\n<div dir=\"ltr\" class=\"bbc-19j92fr e57qer20\" readability=\"14\">\n<p dir=\"ltr\" class=\"bbc-bm53ic e1cc2ql70\">&#8220;<b>Uno de los acompa\u00f1antes ha declarado que el conductor portaba un arma de fuego<\/b>, misma que hab\u00eda sacado de la guantera del veh\u00edculo. Tanto los testigos que viajaban con la persona fallecida, como los polic\u00edas municipales que intentaron detener la unidad, han referido que no hubo intercambio de disparos&#8221;, inform\u00f3 la FGJ. <\/p>\n<\/div>\n<div dir=\"ltr\" class=\"bbc-19j92fr e57qer20\" readability=\"11\">\n<p dir=\"ltr\" class=\"bbc-bm53ic e1cc2ql70\">Al inspeccionar la camioneta, las autoridades encontraron &#8220;un arma de fuego, un casquillo percutido e indicios bal\u00edsticos en el techo de la unidad, justo a altura del conductor&#8221;. <\/p>\n<\/div>\n<div dir=\"ltr\" class=\"bbc-19j92fr e57qer20\" readability=\"10\">\n<p dir=\"ltr\" class=\"bbc-bm53ic e1cc2ql70\">&#8220;Los testimonios recabados con las dos personas que viajaban en la camioneta se\u00f1alan que conoc\u00edan al conductor desde hace varios a\u00f1os y <b>en d\u00edas recientes hab\u00edan estado con \u00e9l consumiendo alcohol<\/b>&#8220;, dice la FGJ.<\/p>\n<\/div>\n<div dir=\"ltr\" class=\"bbc-19j92fr e57qer20\" readability=\"8\">\n<p dir=\"ltr\" class=\"bbc-bm53ic e1cc2ql70\">El padre del joven rechaz\u00f3 la versi\u00f3n seg\u00fan la cual su hijo conduc\u00eda ebrio y asegur\u00f3 que los dos acompa\u00f1antes detenidos son &#8220;gente de toda su confianza&#8221;.<\/p>\n<\/div>\n<p><h2 id=\"Las-dudas-y-demandas-de-justicia\" tabindex=\"-1\" class=\"bbc-l3e97o e14hemmw0\">Las dudas y demandas de justicia<\/h2>\n<\/p>\n<div dir=\"ltr\" class=\"bbc-19j92fr e57qer20\" readability=\"8\">\n<p dir=\"ltr\" class=\"bbc-bm53ic e1cc2ql70\">Las autoridades a\u00fan est\u00e1n analizando las im\u00e1genes que se difundieron en redes sociales que muestran al actor supuestamente con vida mientras la polic\u00eda rodea el veh\u00edculo.<\/p>\n<\/div>\n<div dir=\"ltr\" class=\"bbc-19j92fr e57qer20\" readability=\"7\">\n<p dir=\"ltr\" class=\"bbc-bm53ic e1cc2ql70\">Un portavoz de la FGJ dijo a BBC Mundo que est\u00e1n investigando todos los elementos.<\/p>\n<\/div>\n<div dir=\"ltr\" class=\"bbc-19j92fr e57qer20\" readability=\"9\">\n<p dir=\"ltr\" class=\"bbc-bm53ic e1cc2ql70\">&#8220;Una vez que se concluya la prueba de mec\u00e1nica de hechos podemos saber la trayectoria de la bala y eso no dejar\u00e1 lugar a especulaciones&#8221;, se\u00f1al\u00f3.<\/p>\n<\/div>\n<div dir=\"ltr\" class=\"bbc-19j92fr e57qer20\" readability=\"8\">\n<p dir=\"ltr\" class=\"bbc-bm53ic e1cc2ql70\">Algunos de los cuestionamientos publicados en redes sociales giran en torno a si las autoridades no actuaron r\u00e1pidamente para salvarle la vida.<\/p>\n<\/div>\n<div dir=\"ltr\" class=\"bbc-19j92fr e57qer20\" readability=\"11\">\n<p dir=\"ltr\" class=\"bbc-bm53ic e1cc2ql70\">&#8220;<b>Octavio Oca\u00f1a, Benito Rivers de Vecinos, estaba vivo y no hicieron nada<\/b>&#8220;, dijo un usuario de Twitter.<\/p>\n<\/div>\n<div dir=\"ltr\" class=\"bbc-19j92fr e57qer20\" readability=\"10\">\n<p dir=\"ltr\" class=\"bbc-bm53ic e1cc2ql70\">Otros se preguntaron si hubo una manipulaci\u00f3n de la escena, pues fotograf\u00edas difundidas por periodistas de la fuente policiaca muestran que el joven en un momento tiene un arma en la mano y en otro ya no la tiene.<\/p>\n<\/div>\n<div dir=\"ltr\" class=\"bbc-19j92fr e57qer20\" readability=\"10\">\n<p dir=\"ltr\" class=\"bbc-bm53ic e1cc2ql70\">La etiqueta<b> #JusticiaParaBenito<\/b>, por el personaje que interpretaba P\u00e9rez Oca\u00f1a, se convirti\u00f3 en la principal tendencia en Twitter este s\u00e1bado.<\/p>\n<\/div>\n<div dir=\"ltr\" class=\"bbc-19j92fr e57qer20\" readability=\"10\">\n<p dir=\"ltr\" class=\"bbc-bm53ic e1cc2ql70\">El conocido actor Eugenio Derbez, creador y director de la serie &#8220;Vecinos&#8221;, estuvo entre quienes pidieron que se esclarezca el caso.<\/p>\n<\/div>\n<div dir=\"ltr\" class=\"bbc-1ka88fa e57qer20\">\n<figure class=\"bbc-1qdcvv9 e6bmn90\">\n<div dir=\"ltr\" class=\"bbc-172p16q e57qer20\">\n<div dir=\"ltr\" class=\"bbc-189y18v e57qer20\">\n<div data-e2e=\"image-placeholder\" class=\"bbc-997y1y e1whu0\"><noscript><img loading=\"lazy\" srcset=\"http:\/\/cordobadirecto.com\/wp-content\/uploads\/2021\/10\/octavio-ocana-que-se-sabe-de-la-violenta-muerte-del-actor-mexicano-de-22-anos-fallecido-en-circunstancias-inciertas-13.jpg 240w, http:\/\/cordobadirecto.com\/wp-content\/uploads\/2021\/10\/octavio-ocana-que-se-sabe-de-la-violenta-muerte-del-actor-mexicano-de-22-anos-fallecido-en-circunstancias-inciertas-14.jpg 320w, http:\/\/cordobadirecto.com\/wp-content\/uploads\/2021\/10\/octavio-ocana-que-se-sabe-de-la-violenta-muerte-del-actor-mexicano-de-22-anos-fallecido-en-circunstancias-inciertas-15.jpg 464w\" alt=\"L\u00ednea\" src=\"http:\/\/cordobadirecto.com\/wp-content\/uploads\/2021\/10\/octavio-ocana-que-se-sabe-de-la-violenta-muerte-del-actor-mexicano-de-22-anos-fallecido-en-circunstancias-inciertas-2.jpg\" sizes=\"(min-width: 1008px) 645px, 100vw\" width=\"464\" height=\"2\" class=\"eehpdyc0 bbc-100dhyn e1enwo3v0\"><\/noscript><\/div>\n<\/div>\n<\/div>\n<\/figure>\n<\/div>\n<div dir=\"ltr\" class=\"bbc-19j92fr e57qer20\" readability=\"8\">\n<p dir=\"ltr\" class=\"bbc-bm53ic e1cc2ql70\"><i class=\"bbc-h1y5j7 ewc4zcb0\">Ahora puedes recibir notificaciones de BBC News Mundo. Descarga nuestra app y act\u00edvalas para no perderte nuestro mejor contenido.<\/i><\/p>\n<\/div>\n","protected":false},"excerpt":{"rendered":"<p>Redacci\u00f3n BBC News Mundo 3 horas Fuente de la imagen, Getty Images Pie de foto, Oca\u00f1a era famoso por su interpretaci\u00f3n del persoja de Benito Rivers en la serie Vecinos. Las circunstancias en las que muri\u00f3 el actor Octavio P\u00e9rez Oca\u00f1a han generado dudas y demandas de justicia en M\u00e9xico. El joven de 22 a\u00f1os [&hellip;]<\/p>\n","protected":false},"author":1,"featured_media":25684,"comment_status":"closed","ping_status":"closed","sticky":false,"template":"","format":"standard","meta":[],"categories":[24],"tags":[],"_links":{"self":[{"href":"http:\/\/cordobadirecto.com\/index.php\/wp-json\/wp\/v2\/posts\/25683"}],"collection":[{"href":"http:\/\/cordobadirecto.com\/index.php\/wp-json\/wp\/v2\/posts"}],"about":[{"href":"http:\/\/cordobadirecto.com\/index.php\/wp-json\/wp\/v2\/types\/post"}],"author":[{"embeddable":true,"href":"http:\/\/cordobadirecto.com\/index.php\/wp-json\/wp\/v2\/users\/1"}],"replies":[{"embeddable":true,"href":"http:\/\/cordobadirecto.com\/index.php\/wp-json\/wp\/v2\/comments?post=25683"}],"version-history":[{"count":0,"href":"http:\/\/cordobadirecto.com\/index.php\/wp-json\/wp\/v2\/posts\/25683\/revisions"}],"wp:featuredmedia":[{"embeddable":true,"href":"http:\/\/cordobadirecto.com\/index.php\/wp-json\/wp\/v2\/media\/25684"}],"wp:attachment":[{"href":"http:\/\/cordobadirecto.com\/index.php\/wp-json\/wp\/v2\/media?parent=25683"}],"wp:term":[{"taxonomy":"category","embeddable":true,"href":"http:\/\/cordobadirecto.com\/index.php\/wp-json\/wp\/v2\/categories?post=25683"},{"taxonomy":"post_tag","embeddable":true,"href":"http:\/\/cordobadirecto.com\/index.php\/wp-json\/wp\/v2\/tags?post=25683"}],"curies":[{"name":"wp","href":"https:\/\/api.w.org\/{rel}","templated":true}]}}