{"id":2577,"date":"2021-03-04T20:54:48","date_gmt":"2021-03-04T20:54:48","guid":{"rendered":"https:\/\/www.cordoba.gob.ar\/?p=6761"},"modified":"2021-03-04T20:54:48","modified_gmt":"2021-03-04T20:54:48","slug":"avanzan-los-trabajos-de-recuperacion-del-centro-cultural-manuel-de-falla","status":"publish","type":"post","link":"http:\/\/cordobadirecto.com\/index.php\/2021\/03\/04\/avanzan-los-trabajos-de-recuperacion-del-centro-cultural-manuel-de-falla\/","title":{"rendered":"Avanzan los trabajos de recuperaci\u00f3n del Centro Cultural Manuel de Falla"},"content":{"rendered":"<div><img src=\"http:\/\/cordobadirecto.com\/wp-content\/uploads\/2021\/03\/avanzan-los-trabajos-de-recuperacion-del-centro-cultural-manuel-de-falla.jpg\" class=\"ff-og-image-inserted\"><\/div>\n<p><strong>\u2022 El espacio f\u00edsico que alberga a los elencos art\u00edsticos municipales padec\u00eda graves problemas edilicios por falta de mantenimiento.<\/strong><\/p>\n<p><strong>\u2022 Hab\u00eda paredes electrificadas, humedades, grietas y revoques ca\u00eddos.<\/strong><\/p>\n<p><strong>\u2022 La Municipalidad de C\u00f3rdoba ya finaliz\u00f3 la primera etapa, que consisti\u00f3 en la refacci\u00f3n de tres de los siete edificios que lo integran.<\/strong><\/p>\n<hr>\n<p>Como parte de la recuperaci\u00f3n de los espacios culturales de la ciudad, la Subsecretar\u00eda de Cultura, dependiente de la Secretar\u00eda de Gobierno, concluy\u00f3 la primera etapa de los trabajos de recuperaci\u00f3n del Centro Cultural Manuel de Falla, ubicado en calle Carlos Thays 1075, en el Parque Sarmiento.<\/p>\n<p>Las tareas, que continuar\u00e1n en el resto de las instalaciones, consistieron en revertir el grave estado de abandono que evidenciaban tres de los siete edificios que componen el espacio cultural donde se desarrollan los elencos art\u00edsticos municipales.<\/p>\n<p><em>\u201cEste lugar estaba abandonado, roto, despintado, estaba triste. Es un orgullo ver como el equipo de Cultura, con los trabajadores del municipio, se han puesto esta obra al hombro para que las orquestas puedan ensayar, para que los chicos puedan por practicar\u201d<\/em>, expres\u00f3 el secretario de Gobierno, Miguel Siciliano.<\/p>\n<p>Los trabajos permitieron solucionar problemas de humedades, se repararon desag\u00fces en mal estado y se cambiaron revestimientos. Tambi\u00e9n se ejecutaron nuevas instalaciones el\u00e9ctricas y se pintaron paredes interiores y exteriores.<\/p>\n<p><em>\u201cGracias a estas obras, cuando los protocolos lo permitan y nuestros elencos vuelvan, tendr\u00e1n un buen lugar de trabajo para salir a la ciudad y darle m\u00fasica a todos los cordobeses\u201d<\/em>, se\u00f1al\u00f3 por su parte el subsecretario de Cultura, Federico Racca.<\/p>\n<p>La puesta en valor incluy\u00f3 la recuperaci\u00f3n del espacio verdes que rodea al Centro Cultural Manuel de Falla.<\/p>\n<p>Adem\u00e1s, desde la Subsecretar\u00eda de Cultura anticiparon que est\u00e1 prevista la renovaci\u00f3n de equipamiento e instrumentos, para el mejor y m\u00e1s profesional ejercicio de la tarea art\u00edstica y la actividad pedag\u00f3gica.<\/p>\n<p>El Centro Cultural Manuel de Falla es un importante centro formativo al que asisten m\u00e1s de 200 alumnos, y al mismo tiempo alberga a 180 integrantes de los elencos art\u00edsticos municipales: Coro Municipal, Orquesta de Cuerdas, Ensamble Municipal de M\u00fasica Ciudadana, Banda Sinf\u00f3nica, Ballet Municipal y Elenco Municipal de Danza Teatro, tambi\u00e9n aloja a los elencos formativos: Coro de Ni\u00f1os, Coro de J\u00f3venes, Banda Juvenil e inicial y a la Academia Municipal de M\u00fasica \u201cProf. Alfredo Luis Nihoul\u201d.<\/p>\n<p>Marcela Reartes, directora de Elencos Estables de la Municipalidad de C\u00f3rdoba resalt\u00f3 el valor de este espacio cultural y record\u00f3 que all\u00ed funciona la \u00fanica academia gratuita de m\u00fasica que tiene la ciudad.<\/p>\n<p><em>\u201cEste es un espacio hermoso para el desarrollo de las actividades art\u00edsticas y musicales que lamentablemente estaba muy deteriorado. Todav\u00eda queda mucho por hacer pero es un gran orgullo poder decir que estamos recuperando el Centro Cultural Manuel de Falla\u201d<\/em>, agreg\u00f3 la funcionaria.<\/p>\n","protected":false},"excerpt":{"rendered":"<p>\u2022 El espacio f\u00edsico que alberga a los elencos art\u00edsticos municipales padec\u00eda graves problemas edilicios por falta de mantenimiento. \u2022 Hab\u00eda paredes electrificadas, humedades, grietas y revoques ca\u00eddos. \u2022 La Municipalidad de C\u00f3rdoba ya finaliz\u00f3 la primera etapa, que consisti\u00f3 en la refacci\u00f3n de tres de los siete edificios que lo integran. Como parte de [&hellip;]<\/p>\n","protected":false},"author":1,"featured_media":2578,"comment_status":"closed","ping_status":"closed","sticky":false,"template":"","format":"standard","meta":[],"categories":[44],"tags":[],"_links":{"self":[{"href":"http:\/\/cordobadirecto.com\/index.php\/wp-json\/wp\/v2\/posts\/2577"}],"collection":[{"href":"http:\/\/cordobadirecto.com\/index.php\/wp-json\/wp\/v2\/posts"}],"about":[{"href":"http:\/\/cordobadirecto.com\/index.php\/wp-json\/wp\/v2\/types\/post"}],"author":[{"embeddable":true,"href":"http:\/\/cordobadirecto.com\/index.php\/wp-json\/wp\/v2\/users\/1"}],"replies":[{"embeddable":true,"href":"http:\/\/cordobadirecto.com\/index.php\/wp-json\/wp\/v2\/comments?post=2577"}],"version-history":[{"count":0,"href":"http:\/\/cordobadirecto.com\/index.php\/wp-json\/wp\/v2\/posts\/2577\/revisions"}],"wp:featuredmedia":[{"embeddable":true,"href":"http:\/\/cordobadirecto.com\/index.php\/wp-json\/wp\/v2\/media\/2578"}],"wp:attachment":[{"href":"http:\/\/cordobadirecto.com\/index.php\/wp-json\/wp\/v2\/media?parent=2577"}],"wp:term":[{"taxonomy":"category","embeddable":true,"href":"http:\/\/cordobadirecto.com\/index.php\/wp-json\/wp\/v2\/categories?post=2577"},{"taxonomy":"post_tag","embeddable":true,"href":"http:\/\/cordobadirecto.com\/index.php\/wp-json\/wp\/v2\/tags?post=2577"}],"curies":[{"name":"wp","href":"https:\/\/api.w.org\/{rel}","templated":true}]}}