{"id":25788,"date":"2021-10-31T15:46:45","date_gmt":"2021-10-31T15:46:45","guid":{"rendered":"https:\/\/puntoapunto.com.ar\/?p=318084"},"modified":"2021-10-31T15:46:45","modified_gmt":"2021-10-31T15:46:45","slug":"air-europa-reanuda-sus-vuelos-a-madrid-desde-cordoba","status":"publish","type":"post","link":"http:\/\/cordobadirecto.com\/index.php\/2021\/10\/31\/air-europa-reanuda-sus-vuelos-a-madrid-desde-cordoba\/","title":{"rendered":"Air Europa reanuda sus vuelos a Madrid desde C\u00f3rdoba"},"content":{"rendered":"<div><img src=\"http:\/\/cordobadirecto.com\/wp-content\/uploads\/2021\/10\/air-europa-reanuda-sus-vuelos-a-madrid-desde-cordoba.jpg\" class=\"ff-og-image-inserted\"><\/div>\n<div class=\"tdb-block-inner td-fix-index\" readability=\"32.795947901592\">\n<p>A los anuncios oficializados por Copa Airlines y LATAM de la reanudaci\u00f3n de sus vuelos<br \/>internacionales desde el aeropuerto Ingeniero Taravella, se suma otra buena noticia para<br \/>los viajeros cordobeses y del centro del pa\u00eds: <strong>en febrero 2022, Air Europa retomara su ruta <\/strong><strong>a Madrid, con escala en Asunci\u00f3n.<\/strong><\/p>\n<p><strong>La noticia fue confirmada a Punto a Punto por fuentes de la compa\u00f1\u00eda espa\u00f1ola<\/strong> que, en <strong>noviembre pr\u00f3ximo,<\/strong> har\u00e1 el anuncio oficial en esta ciudad.<\/p>\n<p>Diez d\u00edas atr\u00e1s la aerol\u00edneas confirm\u00f3: \u201c<strong>Vamos a volver<\/strong>. En realidad, nunca nos fuimos de C\u00f3rdoba, pero no podemos programar un vuelo de 300 pasajeros en un Dreamliner (Boeing 787) de un d\u00eda para el otro. En febrero volveremos a volar con las cuatro frecuencias que ten\u00edamos \u201d. Esa fue la respuesta de la empresa que cubr\u00eda la ruta C\u00f3rdoba \u2013 Asunci\u00f3n \u2013 Madrid.<\/p>\n<p>\u201cHubo tantas \u2018aperturas\u2019 y \u2018cierres\u2019 que<strong> no podemos seguir dici\u00e9ndoles a nuestros pasajeros que s\u00ed o que no, de una semana a la otra.<\/strong> Tenemos pasajeros en C\u00f3rdoba con boletos remitidos hasta cuatro o cinco veces\u201d, se\u00f1alaron.<\/p>\n<p><strong>La empresa cerr\u00f3 la sucursal que ten\u00eda en el centro de esta ciudad<\/strong> pero mantuvo su personal, con el sistema de turnos, en la oficina con que cuentan en el aeropuerto.<\/p>\n<\/p><\/div>\n","protected":false},"excerpt":{"rendered":"<p>A los anuncios oficializados por Copa Airlines y LATAM de la reanudaci\u00f3n de sus vuelosinternacionales desde el aeropuerto Ingeniero Taravella, se suma otra buena noticia paralos viajeros cordobeses y del centro del pa\u00eds: en febrero 2022, Air Europa retomara su ruta a Madrid, con escala en Asunci\u00f3n. La noticia fue confirmada a Punto a Punto [&hellip;]<\/p>\n","protected":false},"author":1,"featured_media":25789,"comment_status":"closed","ping_status":"closed","sticky":false,"template":"","format":"standard","meta":[],"categories":[25],"tags":[],"_links":{"self":[{"href":"http:\/\/cordobadirecto.com\/index.php\/wp-json\/wp\/v2\/posts\/25788"}],"collection":[{"href":"http:\/\/cordobadirecto.com\/index.php\/wp-json\/wp\/v2\/posts"}],"about":[{"href":"http:\/\/cordobadirecto.com\/index.php\/wp-json\/wp\/v2\/types\/post"}],"author":[{"embeddable":true,"href":"http:\/\/cordobadirecto.com\/index.php\/wp-json\/wp\/v2\/users\/1"}],"replies":[{"embeddable":true,"href":"http:\/\/cordobadirecto.com\/index.php\/wp-json\/wp\/v2\/comments?post=25788"}],"version-history":[{"count":0,"href":"http:\/\/cordobadirecto.com\/index.php\/wp-json\/wp\/v2\/posts\/25788\/revisions"}],"wp:featuredmedia":[{"embeddable":true,"href":"http:\/\/cordobadirecto.com\/index.php\/wp-json\/wp\/v2\/media\/25789"}],"wp:attachment":[{"href":"http:\/\/cordobadirecto.com\/index.php\/wp-json\/wp\/v2\/media?parent=25788"}],"wp:term":[{"taxonomy":"category","embeddable":true,"href":"http:\/\/cordobadirecto.com\/index.php\/wp-json\/wp\/v2\/categories?post=25788"},{"taxonomy":"post_tag","embeddable":true,"href":"http:\/\/cordobadirecto.com\/index.php\/wp-json\/wp\/v2\/tags?post=25788"}],"curies":[{"name":"wp","href":"https:\/\/api.w.org\/{rel}","templated":true}]}}