{"id":25792,"date":"2021-10-29T19:12:42","date_gmt":"2021-10-29T19:12:42","guid":{"rendered":"https:\/\/cordoba.gob.ar\/?p=15371"},"modified":"2021-10-29T19:12:42","modified_gmt":"2021-10-29T19:12:42","slug":"una-nueva-obra-de-luis-wells-se-suma-a-las-intervenciones-de-arte-urbano-en-la-ciudad","status":"publish","type":"post","link":"http:\/\/cordobadirecto.com\/index.php\/2021\/10\/29\/una-nueva-obra-de-luis-wells-se-suma-a-las-intervenciones-de-arte-urbano-en-la-ciudad\/","title":{"rendered":"Una nueva obra de Luis Wells se suma a las intervenciones de arte urbano en la ciudad"},"content":{"rendered":"<ul>\n<li><strong>Se trata de una acci\u00f3n coordinada entre la Subsecretar\u00eda de Cultura y la Secretar\u00eda de Participaci\u00f3n Ciudadana a trav\u00e9s del CPC Ruta 20.<\/strong><\/li>\n<li><strong>El intendente Llaryora visit\u00f3 el mural de 400 m2 que se extiende sobre el puente de Avenida Fuerza A\u00e9rea al 4300.<\/strong><\/li>\n<li><strong>El dise\u00f1o exclusivo fue plasmado por artistas locales sobre la pasarela cercana al CPC Ruta 20, en el marco del programa \u201cArte de Nuestra Gente\u201d.<\/strong><\/li>\n<li><strong>Adem\u00e1s, en el lugar se realizaron tareas de recuperaci\u00f3n y puesta en valor del espacio p\u00fablico que rodea al CPC Ruta 20.<\/strong><\/li>\n<\/ul>\n<hr>\n<p>El intendente Mart\u00edn Llaryora, acompa\u00f1ado por autoridades municipales, junto al artista Luis Wells recorrieron la pasarela cuyo mural lleva el dise\u00f1o de su obra.<\/p>\n<p>Con diversas l\u00edneas de acci\u00f3n, distintas \u00e1reas operativas del municipio trabajaron para la recuperaci\u00f3n y puesta en valor del espacio p\u00fablico del CPC Ruta 20. En ese sentido, el programa \u201cArte de Nuestra Gente\u201d promueve el encuentro con el arte por parte de la ciudadan\u00eda.<\/p>\n<p>En ese marco, una impactante obra del g\u00e9nero muralista renueva la fisonom\u00eda de uno de los puntos neur\u00e1lgicos m\u00e1s importantes de la capital cordobesa, la populosa avenida Fuerza A\u00e9rea.<\/p>\n<p>Se trata de un mural de 400 m2, que fue realizado a partir de un dise\u00f1o exclusivo del reconocido artista Luis Wells, por un equipo integrado por Fede Camm, Lucas Luces, Camila Campos y Rodo Graff.<\/p>\n<p><em>\u201cEsto forma parte de la transformaci\u00f3n que estamos haciendo en toda nuestra ciudad, llenando de arte, color y vida los espacios p\u00fablicos para que los vecinos vuelvan a disfrutar y apropiarse de ellos. Ya son m\u00e1s de 50 mil metros cuadrados de arte urbano que, de la mano de artistas locales, cambiaron las paredes grises y oscuras que ten\u00eda C\u00f3rdoba\u201d<\/em>, destac\u00f3 el secretario de Gobierno, Miguel Siciliano.<\/p>\n<p>Wells, desarrolla desde 1965 una l\u00ednea de trabajo que se basa en la participaci\u00f3n de las personas que interact\u00faan con su obra, las denomina \u201cToys\u201d que es la definici\u00f3n en ingl\u00e9s de la palabra juguete. Por lo general, son piezas intercambiables entre s\u00ed, lo que da sentido al nombre y concepto y a la acci\u00f3n l\u00fadica del espectador.<\/p>\n<p>En este sentido, Daniel Russo, director de CPC Ruta 20, expresaba <em>\u201cEs una obra de arte muy importante para el ingreso a C\u00f3rdoba. Los vecinos y comerciantes est\u00e1n muy contentos porque esta intervenci\u00f3n le cambia la cara a este sector de la ciudad\u201d.<\/em><\/p>\n<p>El dise\u00f1o de la intervenci\u00f3n es del reconocido artista Luis Wells, creado especialmente para esta ocasi\u00f3n. Fue pensado para que al recorrer la obra se aprecien los colores seg\u00fan las diferentes perspectivas desde donde se mire. Es una creaci\u00f3n de est\u00e9tica geom\u00e9trica, con colores netos y brillantes siguiendo la estructura funcional de la pasarela.<\/p>\n<p>Al respecto, Wells comentaba sobre su mural <em>\u201cla obra es abstracta, est\u00e1 compuesta por piezas l\u00fadicas y de colores vibrantes. No tiene ning\u00fan significado especial, es nada m\u00e1s que una obra de color alegre cuya \u00fanica pretensi\u00f3n es agradar y divertir\u201d<\/em>. Adem\u00e1s, el artista opin\u00f3 sobre la propuesta <em>\u201cMe parece una buena iniciativa la del Municipio, ya que todo esto es lo que la hace distinguir a C\u00f3rdoba de otras ciudades.\u201d<\/em><\/p>\n<p>A su vez, Federico Camaratta, uno de los artistas urbanos cordobeses que ejecutaron la obra de Luis Wells, expresaba <em>\u201ctuvimos que armar un equipo para resolver esta obra de tal magnitud, utilizando gr\u00faas la totalidad de los d\u00edas por el tama\u00f1o\u201d<\/em>. Tambi\u00e9n destac\u00f3 que <em>\u201ces importante lo que hace el Municipio de rescatar lugares a trav\u00e9s del color y la intervenci\u00f3n de un artista. Ahora la gente va a poder apreciar una obra de esta caracter\u00edstica en un lugar que se ha puesto en valor, mejorando el aspecto que ten\u00eda\u201d.<\/em><\/p>\n<p>La intervenci\u00f3n fue realizada por la Subsecretar\u00eda de Cultura, dependiente de la Secretar\u00eda de Gobierno de la Municipalidad de C\u00f3rdoba, en el marco del programa \u201cArte de Nuestra Gente\u201d, que a la fecha lleva completados m\u00e1s de 50.000 m2 de arte urbano en nuestra ciudad.<\/p>\n<p>Federico Racca, subsecretario de Cultura de la Ciudad de C\u00f3rdoba expres\u00f3: <em>\u201cTenemos una enorme alegr\u00eda de inaugurar la obra del gran maestro argentino, Luis Wells, que es un orgullo que prestigia a C\u00f3rdoba con su obra. De este modo, seguimos mejorando los lugares desde la ciudad, volvi\u00e9ndola m\u00e1s linda con m\u00e1s iluminaci\u00f3n y mejor visi\u00f3n para todos, a trav\u00e9s del programa El Arte de Nuestra Gente\u201d.<\/em><\/p>\n<p>Adem\u00e1s, desde el CPC Ruta 20 se llevaron a cabo otras tareas para la puesta en valor del lugar, como es la limpieza integral del espacio, se repararon las barandas de las escaleras y se reemplazaron las luminarias por nuevos equipos de luces led, permitiendo resaltar con mayor intensidad la pasarela.<\/p>\n<p>En el cantero central, la Direcci\u00f3n de Espacios Verdes realiz\u00f3 la plantaci\u00f3n de diversidad de follajes y plantines, entre las que se pueden encontrar bonitas, clavelinas, lavandas, hemerocallis y gramineas.<\/p>\n<p>LUIS WELLS<\/p>\n<p>Con larga trayectoria, en las \u00faltimas d\u00e9cadas Luis Wells, se destac\u00f3 por una serie de esculturas monumentales en v\u00eda p\u00fablica, en nuestra ciudad y sus alrededores. Entre estos trabajos pueden encontrarse el homenaje a Herbert Diehl \u2014de 8 metros de altura\u2014; la Serpiente en barrio Cerro de las Rosas \u20145,5 metros de alto\u2014; o la Yarar\u00e1 realizada en Unquillo, con motivo del X Simposio Internacional de Escultura.<\/p>\n<p>SOBRE ARTE DE NUESTRA GENTE<\/p>\n<p>El programa lleva realizados m\u00e1s de 100 murales en la ciudad. Con diferentes formatos, se plasman multiplicidad de estilos, t\u00e9cnicas, g\u00e9neros y tem\u00e1ticas.<\/p>\n<p>Algunos de ellos se pueden apreciar en el corredor de Arte Urbano sobre la Costanera, en el Puente Z\u00edpoli, en Viaducto Polonia, en la Plaza Urquiza y espacios recreativos y verdes de la ciudad. Desde un enfoque participativo y diverso, que promueve identidades locales a trav\u00e9s de la participaci\u00f3n de los vecinos donde se incluyen l\u00edneas de trabajo comunitario.<\/p>\n<p class=\"wpex-roembed wpex-clr\"><a data-flickr-embed=\"true\" href=\"https:\/\/www.flickr.com\/photos\/158498840@N03\/albums\/72157720137528805\" title=\"Arte Urbano: una nueva obra de Luis Wells by Municipalidad de C\u00f3rdoba, on Flickr\"><img loading=\"lazy\" src=\"http:\/\/cordobadirecto.com\/wp-content\/uploads\/2021\/10\/una-nueva-obra-de-luis-wells-se-suma-a-las-intervenciones-de-arte-urbano-en-la-ciudad.jpg\" width=\"800\" height=\"600\" alt=\"Una nueva obra de Luis Wells se suma a las intervenciones de arte urbano en la ciudad\"><\/a><\/p>\n<hr>\n","protected":false},"excerpt":{"rendered":"<p>Se trata de una acci\u00f3n coordinada entre la Subsecretar\u00eda de Cultura y la Secretar\u00eda de Participaci\u00f3n Ciudadana a trav\u00e9s del CPC Ruta 20. El intendente Llaryora visit\u00f3 el mural de 400 m2 que se extiende sobre el puente de Avenida Fuerza A\u00e9rea al 4300. El dise\u00f1o exclusivo fue plasmado por artistas locales sobre la pasarela [&hellip;]<\/p>\n","protected":false},"author":1,"featured_media":25793,"comment_status":"closed","ping_status":"closed","sticky":false,"template":"","format":"standard","meta":[],"categories":[44],"tags":[],"_links":{"self":[{"href":"http:\/\/cordobadirecto.com\/index.php\/wp-json\/wp\/v2\/posts\/25792"}],"collection":[{"href":"http:\/\/cordobadirecto.com\/index.php\/wp-json\/wp\/v2\/posts"}],"about":[{"href":"http:\/\/cordobadirecto.com\/index.php\/wp-json\/wp\/v2\/types\/post"}],"author":[{"embeddable":true,"href":"http:\/\/cordobadirecto.com\/index.php\/wp-json\/wp\/v2\/users\/1"}],"replies":[{"embeddable":true,"href":"http:\/\/cordobadirecto.com\/index.php\/wp-json\/wp\/v2\/comments?post=25792"}],"version-history":[{"count":0,"href":"http:\/\/cordobadirecto.com\/index.php\/wp-json\/wp\/v2\/posts\/25792\/revisions"}],"wp:featuredmedia":[{"embeddable":true,"href":"http:\/\/cordobadirecto.com\/index.php\/wp-json\/wp\/v2\/media\/25793"}],"wp:attachment":[{"href":"http:\/\/cordobadirecto.com\/index.php\/wp-json\/wp\/v2\/media?parent=25792"}],"wp:term":[{"taxonomy":"category","embeddable":true,"href":"http:\/\/cordobadirecto.com\/index.php\/wp-json\/wp\/v2\/categories?post=25792"},{"taxonomy":"post_tag","embeddable":true,"href":"http:\/\/cordobadirecto.com\/index.php\/wp-json\/wp\/v2\/tags?post=25792"}],"curies":[{"name":"wp","href":"https:\/\/api.w.org\/{rel}","templated":true}]}}