{"id":25849,"date":"2021-11-01T05:32:24","date_gmt":"2021-11-01T05:32:24","guid":{"rendered":"https:\/\/www.bbc.com\/mundo\/noticias-internacional-59039384"},"modified":"2021-11-01T05:32:24","modified_gmt":"2021-11-01T05:32:24","slug":"cop26-por-que-15-es-el-numero-mas-importante-y-otras-3-claves-de-la-cumbre-de-cambio-climatico-en-glasgow","status":"publish","type":"post","link":"http:\/\/cordobadirecto.com\/index.php\/2021\/11\/01\/cop26-por-que-15-es-el-numero-mas-importante-y-otras-3-claves-de-la-cumbre-de-cambio-climatico-en-glasgow\/","title":{"rendered":"COP26: por qu\u00e9 1,5 es el n\u00famero m\u00e1s importante (y otras 3 claves) de la cumbre de cambio clim\u00e1tico en Glasgow"},"content":{"rendered":"<div dir=\"ltr\" class=\"e1j2237y5 bbc-q4ibpr e57qer20\">\n<div class=\"bbc-1atl7vu e1c9i7u14\">\n<ul role=\"list\" class=\"bbc-k0l9bd e1c9i7u12\">\n<li role=\"listitem\" class=\"bbc-1a3w4ok e1c9i7u11\">Alejandra Martins<\/li>\n<li role=\"listitem\" class=\"bbc-1p92jtu e1c9i7u10\">BBC News Mundo<\/li>\n<\/ul>\n<\/div>\n<\/div>\n<p><time datetime=\"2021-11-01\" class=\"bbc-14xtggo e4zesg50\">11 minutos<\/time><\/p>\n<div dir=\"ltr\" class=\"bbc-1ka88fa e57qer20\">\n<figure class=\"bbc-1qdcvv9 e6bmn90\">\n<div dir=\"ltr\" class=\"bbc-172p16q e57qer20\">\n<div dir=\"ltr\" class=\"bbc-189y18v e57qer20\" readability=\"6.5\">\n<div data-e2e=\"image-placeholder\" class=\"bbc-997y1y e1whu0\" readability=\"8\"><img loading=\"lazy\" srcset=\"http:\/\/cordobadirecto.com\/wp-content\/uploads\/2021\/11\/cop26-por-que-15-es-el-numero-mas-importante-y-otras-3-claves-de-la-cumbre-de-cambio-climatico-en-glasgow-11.jpg 240w, http:\/\/cordobadirecto.com\/wp-content\/uploads\/2021\/11\/cop26-por-que-15-es-el-numero-mas-importante-y-otras-3-claves-de-la-cumbre-de-cambio-climatico-en-glasgow-12.jpg 320w, http:\/\/cordobadirecto.com\/wp-content\/uploads\/2021\/11\/cop26-por-que-15-es-el-numero-mas-importante-y-otras-3-claves-de-la-cumbre-de-cambio-climatico-en-glasgow-13.jpg 480w, http:\/\/cordobadirecto.com\/wp-content\/uploads\/2021\/11\/cop26-por-que-15-es-el-numero-mas-importante-y-otras-3-claves-de-la-cumbre-de-cambio-climatico-en-glasgow-14.jpg 624w, http:\/\/cordobadirecto.com\/wp-content\/uploads\/2021\/11\/cop26-por-que-15-es-el-numero-mas-importante-y-otras-3-claves-de-la-cumbre-de-cambio-climatico-en-glasgow-15.jpg 800w\" alt=\"Un hombre en Honduras rescata un ni\u00f1o de una zona inundada tras el paso de un hurac\u00e1n en 2020\" src=\"http:\/\/cordobadirecto.com\/wp-content\/uploads\/2021\/11\/cop26-por-que-15-es-el-numero-mas-importante-y-otras-3-claves-de-la-cumbre-de-cambio-climatico-en-glasgow.jpg\" sizes=\"(min-width: 1008px) 645px, 100vw\" width=\"976\" height=\"549\" class=\"eehpdyc0 bbc-100dhyn e1enwo3v0\"><\/p>\n<p role=\"text\" class=\"bbc-1s1cxbv etq3yw90\"><span class=\"bbc-1gnhmg2 e1yt7oin0\">Fuente de la imagen, <\/span><span lang=\"en-GB\">Getty Images<\/span><\/p>\n<\/div>\n<\/div>\n<div dir=\"ltr\" class=\"bbc-3edg7g e57qer20\" readability=\"7\"><figcaption dir=\"ltr\" class=\"bbc-1t9zlwf eede9f50\" readability=\"4\"><span class=\"bbc-1gnhmg2 e1yt7oin0\">Pie de foto, <\/span><\/p>\n<p>Eventos como inundaciones, huracanes y sequ\u00edas se est\u00e1n volviendo m\u00e1s frecuentes e intensos con el cambio clim\u00e1tico.<\/p>\n<\/figcaption><\/div>\n<\/div>\n<\/figure>\n<\/div>\n<div dir=\"ltr\" class=\"bbc-19j92fr e57qer20\" readability=\"8\">\n<p dir=\"ltr\" class=\"bbc-bm53ic e1cc2ql70\"><b>Dado lo que est\u00e1 en juego, es uno de los encuentros m\u00e1s importantes de la historia. <\/b><\/p>\n<\/div>\n<div dir=\"ltr\" class=\"bbc-19j92fr e57qer20\" readability=\"8\">\n<p dir=\"ltr\" class=\"bbc-bm53ic e1cc2ql70\">\u00bfSu tema central?: qu\u00e9 har\u00e1n los gobiernos del mundo para impedir que el cambio clim\u00e1tico produzca sus efectos m\u00e1s catastr\u00f3ficos.<\/p>\n<\/div>\n<div dir=\"ltr\" class=\"bbc-19j92fr e57qer20\" readability=\"10\">\n<p dir=\"ltr\" class=\"bbc-bm53ic e1cc2ql70\">Se espera que <b>cerca de 25<\/b><b>.000 <\/b><b>personas <\/b>asistan en Glasgow, en Escocia, a la cumbre de cambio clim\u00e1tico que se celebra entre el 31 de octubre y el 12 de noviembre.<\/p>\n<\/div>\n<div dir=\"ltr\" class=\"bbc-19j92fr e57qer20\" readability=\"9\">\n<p dir=\"ltr\" class=\"bbc-bm53ic e1cc2ql70\">El encuentro anual re\u00fane a las partes de la Convenci\u00f3n Marco de la ONU sobre Cambio Clim\u00e1tico (UNFCC por sus siglas en ingl\u00e9s), y la de Glasgow es la Conferencia de las Partes o COP n\u00famero 26.<\/p>\n<\/div>\n<div dir=\"ltr\" class=\"bbc-19j92fr e57qer20\" readability=\"10\">\n<p dir=\"ltr\" class=\"bbc-bm53ic e1cc2ql70\">No solo est\u00e1n convocados los gobiernos de m\u00e1s de 190 pa\u00edses. Adem\u00e1s de las negociaciones oficiales, tambi\u00e9n hay exhibiciones y debates en los que participan miles de representantes de empresas y ONGs.<\/p>\n<\/div>\n<div dir=\"ltr\" class=\"bbc-19j92fr e57qer20\" readability=\"8\">\n<p dir=\"ltr\" class=\"bbc-bm53ic e1cc2ql70\">La cumbre de este a\u00f1o ocurre cuando la humanidad enfrenta una encrucijada que no podr\u00eda ser m\u00e1s clara. <\/p>\n<\/div>\n<div dir=\"ltr\" class=\"bbc-19j92fr e57qer20\" readability=\"10\">\n<p dir=\"ltr\" class=\"bbc-bm53ic e1cc2ql70\">El cambio clim\u00e1tico <b>se est\u00e1 intensificando y afecta ya a todas las regiones del planeta<\/b>, seg\u00fan el informe de agosto del Panel Intergubernamental de Cambio Clim\u00e1tico de la ONU, IPCC.<\/p>\n<\/div>\n<div dir=\"ltr\" class=\"bbc-19j92fr e57qer20\" readability=\"12\">\n<p dir=\"ltr\" class=\"bbc-bm53ic e1cc2ql70\">2021 ha dejado cientos de muertes por inundaciones, olas de calor, huracanes e incendios forestales, eventos que seg\u00fan los cient\u00edficos son m\u00e1s frecuentes y m\u00e1s intensos debido al cambio clim\u00e1tico.<\/p>\n<\/div>\n<div dir=\"ltr\" class=\"bbc-19j92fr e57qer20\" readability=\"13\">\n<p dir=\"ltr\" class=\"bbc-bm53ic e1cc2ql70\">&#8220;<b>Hoy nuestro futuro y presente est\u00e1n en riesgo<\/b>. Esta crisis nos ha alcanzado y est\u00e1 en juego la vida, sobre todo de las comunidades m\u00e1s vulnerables&#8221;, dijo a BBC Mundo la estudiante de ingenier\u00eda ambiental mexicana Alejandra G\u00e1lvez, quien asistir\u00e1 a la COP26 como miembro del movimiento &#8220;Viernes por el Futuro M\u00e9xico&#8221;.<\/p>\n<\/div>\n<div dir=\"ltr\" class=\"bbc-19j92fr e57qer20\" readability=\"7\">\n<p dir=\"ltr\" class=\"bbc-bm53ic e1cc2ql70\">En BBC Mundo te explicamos los temas clave que est\u00e1n sobre la mesa en la crucial COP26.<\/p>\n<\/div>\n<div dir=\"ltr\" class=\"bbc-1ka88fa e57qer20\">\n<figure class=\"bbc-1qdcvv9 e6bmn90\">\n<div dir=\"ltr\" class=\"bbc-172p16q e57qer20\">\n<div dir=\"ltr\" class=\"bbc-189y18v e57qer20\" readability=\"6.5\">\n<div data-e2e=\"image-placeholder\" class=\"bbc-997y1y e1whu0\" readability=\"8\"><noscript><img loading=\"lazy\" srcset=\"http:\/\/cordobadirecto.com\/wp-content\/uploads\/2021\/11\/cop26-por-que-15-es-el-numero-mas-importante-y-otras-3-claves-de-la-cumbre-de-cambio-climatico-en-glasgow-16.jpg 240w, http:\/\/cordobadirecto.com\/wp-content\/uploads\/2021\/11\/cop26-por-que-15-es-el-numero-mas-importante-y-otras-3-claves-de-la-cumbre-de-cambio-climatico-en-glasgow-17.jpg 320w, http:\/\/cordobadirecto.com\/wp-content\/uploads\/2021\/11\/cop26-por-que-15-es-el-numero-mas-importante-y-otras-3-claves-de-la-cumbre-de-cambio-climatico-en-glasgow-18.jpg 480w, http:\/\/cordobadirecto.com\/wp-content\/uploads\/2021\/11\/cop26-por-que-15-es-el-numero-mas-importante-y-otras-3-claves-de-la-cumbre-de-cambio-climatico-en-glasgow-19.jpg 624w, http:\/\/cordobadirecto.com\/wp-content\/uploads\/2021\/11\/cop26-por-que-15-es-el-numero-mas-importante-y-otras-3-claves-de-la-cumbre-de-cambio-climatico-en-glasgow-20.jpg 800w\" alt=\"J\u00f3venes en un autob\u00fas con un cartel que dice &quot;salvar el clima, ir a Glasgow&quot;\" src=\"http:\/\/cordobadirecto.com\/wp-content\/uploads\/2021\/11\/cop26-por-que-15-es-el-numero-mas-importante-y-otras-3-claves-de-la-cumbre-de-cambio-climatico-en-glasgow-1.jpg\" sizes=\"(min-width: 1008px) 645px, 100vw\" width=\"976\" height=\"549\" class=\"eehpdyc0 bbc-100dhyn e1enwo3v0\"><\/noscript><\/p>\n<p role=\"text\" class=\"bbc-1s1cxbv etq3yw90\"><span class=\"bbc-1gnhmg2 e1yt7oin0\">Fuente de la imagen, <\/span><span lang=\"en-GB\">Reuters<\/span><\/p>\n<\/div>\n<\/div>\n<div dir=\"ltr\" class=\"bbc-3edg7g e57qer20\" readability=\"7\"><figcaption dir=\"ltr\" class=\"bbc-1t9zlwf eede9f50\" readability=\"4\"><span class=\"bbc-1gnhmg2 e1yt7oin0\">Pie de foto, <\/span><\/p>\n<p>&#8220;Salvar el clima, ir a Glasgow&#8221;. Se espera que cerca de 25 mil personas asistan a la cumbre en la ciudad escocesa.<\/p>\n<\/figcaption><\/div>\n<\/div>\n<\/figure>\n<\/div>\n<p><h2 id=\"1-POR-QU\u00c9-15-ES-EL-N\u00daMERO-M\u00c1S-IMPORTANTE\" tabindex=\"-1\" class=\"bbc-l3e97o e14hemmw0\">1- POR QU\u00c9 1,5 ES EL N\u00daMERO M\u00c1S IMPORTANTE<\/h2>\n<\/p>\n<div dir=\"ltr\" class=\"bbc-19j92fr e57qer20\" readability=\"12\">\n<p dir=\"ltr\" class=\"bbc-bm53ic e1cc2ql70\">La meta principal es impedir que el calentamiento del planeta sobrepase un aumento de 1,5 \u00b0C (grados cent\u00edgrados) respecto al siglo XIX. Y para ello se requieren recortes dr\u00e1sticos y urgentes en las emisiones de CO2 o di\u00f3xido de carbono, el principal gas de invernadero liberado por la quema de combustibles f\u00f3siles.<\/p>\n<\/div>\n<div dir=\"ltr\" class=\"bbc-19j92fr e57qer20\" readability=\"10\">\n<p dir=\"ltr\" class=\"bbc-bm53ic e1cc2ql70\">La temperatura del planeta <b>ya aument\u00f3 1,1 grados en promedio<\/b>, seg\u00fan el informe de agosto del IPCC.<\/p>\n<\/div>\n<div dir=\"ltr\" class=\"bbc-19j92fr e57qer20\" readability=\"14\">\n<p dir=\"ltr\" class=\"bbc-bm53ic e1cc2ql70\">Fue en los Acuerdos de Par\u00eds, adoptados en la COP21 en 2015, que la mayor\u00eda de los pa\u00edses del planeta se comprometieron a &#8220;mantener el aumento de la temperatura media mundial muy por debajo de 2 \u00b0C con respecto a los niveles preindustriales, y proseguir los esfuerzos para limitar ese aumento de la temperatura a 1,5 \u00b0C&#8221;.<\/p>\n<\/div>\n<div dir=\"ltr\" class=\"bbc-1ka88fa e57qer20\">\n<figure class=\"bbc-1qdcvv9 e6bmn90\">\n<div dir=\"ltr\" class=\"bbc-172p16q e57qer20\">\n<div dir=\"ltr\" class=\"bbc-189y18v e57qer20\" readability=\"6.5\">\n<div data-e2e=\"image-placeholder\" class=\"bbc-997y1y e1whu0\" readability=\"8\"><noscript><img loading=\"lazy\" srcset=\"http:\/\/cordobadirecto.com\/wp-content\/uploads\/2021\/11\/cop26-por-que-15-es-el-numero-mas-importante-y-otras-3-claves-de-la-cumbre-de-cambio-climatico-en-glasgow-21.jpg 240w, http:\/\/cordobadirecto.com\/wp-content\/uploads\/2021\/11\/cop26-por-que-15-es-el-numero-mas-importante-y-otras-3-claves-de-la-cumbre-de-cambio-climatico-en-glasgow-22.jpg 320w, http:\/\/cordobadirecto.com\/wp-content\/uploads\/2021\/11\/cop26-por-que-15-es-el-numero-mas-importante-y-otras-3-claves-de-la-cumbre-de-cambio-climatico-en-glasgow-23.jpg 480w, http:\/\/cordobadirecto.com\/wp-content\/uploads\/2021\/11\/cop26-por-que-15-es-el-numero-mas-importante-y-otras-3-claves-de-la-cumbre-de-cambio-climatico-en-glasgow-24.jpg 624w, http:\/\/cordobadirecto.com\/wp-content\/uploads\/2021\/11\/cop26-por-que-15-es-el-numero-mas-importante-y-otras-3-claves-de-la-cumbre-de-cambio-climatico-en-glasgow-25.jpg 800w\" alt=\"Incendios forestales en California\" src=\"http:\/\/cordobadirecto.com\/wp-content\/uploads\/2021\/11\/cop26-por-que-15-es-el-numero-mas-importante-y-otras-3-claves-de-la-cumbre-de-cambio-climatico-en-glasgow-2.jpg\" sizes=\"(min-width: 1008px) 645px, 100vw\" width=\"976\" height=\"549\" class=\"eehpdyc0 bbc-100dhyn e1enwo3v0\"><\/noscript><\/p>\n<p role=\"text\" class=\"bbc-1s1cxbv etq3yw90\"><span class=\"bbc-1gnhmg2 e1yt7oin0\">Fuente de la imagen, <\/span><span lang=\"en-GB\">Getty Images<\/span><\/p>\n<\/div>\n<\/div>\n<div dir=\"ltr\" class=\"bbc-3edg7g e57qer20\" readability=\"8\"><figcaption dir=\"ltr\" class=\"bbc-1t9zlwf eede9f50\" readability=\"6\"><span class=\"bbc-1gnhmg2 e1yt7oin0\">Pie de foto, <\/span><\/p>\n<p>2021 ha dejado cientos de muertes por inundaciones, olas de calor, incendios forestales y huracanes, eventos que son m\u00e1s frecuentes y m\u00e1s intensos debido al cambio clim\u00e1tico.<\/p>\n<\/figcaption><\/div>\n<\/div>\n<\/figure>\n<\/div>\n<div dir=\"ltr\" class=\"bbc-19j92fr e57qer20\" readability=\"12\">\n<p dir=\"ltr\" class=\"bbc-bm53ic e1cc2ql70\">&#8220;<b>Hay una diferencia notable entre los riesgos con un aumento de 1,5 \u00b0C versus un incremento de 2 \u00b0C<\/b>&#8220;, explic\u00f3 a BBC Mundo Michael Oppenheimer, experto en cambio clim\u00e1tico de la Universidad de Princeton y autor o revisor de varios informes del IPCC.<\/p>\n<\/div>\n<div dir=\"ltr\" class=\"bbc-19j92fr e57qer20\" readability=\"11\">\n<p dir=\"ltr\" class=\"bbc-bm53ic e1cc2ql70\">El cient\u00edfico se\u00f1al\u00f3 que si bien cada incremento de calentamiento adicional causa m\u00e1s da\u00f1os y m\u00e1s p\u00e9rdidas de vida, &#8220;cuando superamos un aumento de 1,5 \u00b0C estos efectos comienzan a darse en forma no linear&#8221;.<\/p>\n<\/div>\n<div dir=\"ltr\" class=\"bbc-19j92fr e57qer20\" readability=\"13\">\n<p dir=\"ltr\" class=\"bbc-bm53ic e1cc2ql70\">&#8220;Eventos como el calor extremo, da\u00f1os por ciclones tropicales, inundaciones por precipitaciones m\u00e1s intensas, todo ese tipo de impactos da\u00f1inos y letales se vuelven <b>m\u00e1s y m\u00e1s comunes y m\u00e1s y m\u00e1s intensos a medida que el calentamiento supera los 1,5 \u00b0C<\/b>&#8220;.<\/p>\n<\/div>\n<div dir=\"ltr\" class=\"bbc-19j92fr e57qer20\" readability=\"9.2529411764706\">\n<p dir=\"ltr\" class=\"bbc-bm53ic e1cc2ql70\">Oppenheimer es uno de los autores del informe &#8220;<a href=\"https:\/\/www.ipcc.ch\/site\/assets\/uploads\/sites\/2\/2019\/09\/IPCC-Special-Report-1.5-SPM_es.pdf\" aria-label=\"Calentamiento de 1,5 grados, externo\" class=\"bbc-n8oauk e1cs6q200\">Calentamiento de 1,5 grados<\/a>&#8221; del IPCC, que deja en claro la gran diferencia de riesgos entre un aumento de 1,5 \u00b0C y 2 \u00b0C.<\/p>\n<\/div>\n<div dir=\"ltr\" class=\"bbc-19j92fr e57qer20\" readability=\"12\">\n<p dir=\"ltr\" class=\"bbc-bm53ic e1cc2ql70\">Con un aumento de 2 \u00b0C, por ejemplo, los arrecifes de coral, uno de los ecosistemas m\u00e1s importantes del planeta, pr\u00e1cticamente desaparecen.<\/p>\n<\/div>\n<div dir=\"ltr\" class=\"ek1plzs1 bbc-9m7iam e57qer20\">\n<figure class=\"bbc-1qdcvv9 e6bmn90\">\n<div dir=\"ltr\" class=\"bbc-vx18wi e57qer20\">\n<div dir=\"ltr\" class=\"bbc-rprdln e57qer20\">\n<div data-e2e=\"image-placeholder\" class=\"bbc-997y1y e1whu0\"><noscript><img loading=\"lazy\" srcset=\"http:\/\/cordobadirecto.com\/wp-content\/uploads\/2021\/11\/cop26-por-que-15-es-el-numero-mas-importante-y-otras-3-claves-de-la-cumbre-de-cambio-climatico-en-glasgow.png 240w, http:\/\/cordobadirecto.com\/wp-content\/uploads\/2021\/11\/cop26-por-que-15-es-el-numero-mas-importante-y-otras-3-claves-de-la-cumbre-de-cambio-climatico-en-glasgow.png 320w, http:\/\/cordobadirecto.com\/wp-content\/uploads\/2021\/11\/cop26-por-que-15-es-el-numero-mas-importante-y-otras-3-claves-de-la-cumbre-de-cambio-climatico-en-glasgow.png 480w, http:\/\/cordobadirecto.com\/wp-content\/uploads\/2021\/11\/cop26-por-que-15-es-el-numero-mas-importante-y-otras-3-claves-de-la-cumbre-de-cambio-climatico-en-glasgow.png 624w, http:\/\/cordobadirecto.com\/wp-content\/uploads\/2021\/11\/cop26-por-que-15-es-el-numero-mas-importante-y-otras-3-claves-de-la-cumbre-de-cambio-climatico-en-glasgow.png 640w\" alt=\"Gr\u00e1fico que compara los efectos de un calentamiento de 1,5 y de 2 grados\" src=\"http:\/\/cordobadirecto.com\/wp-content\/uploads\/2021\/11\/cop26-por-que-15-es-el-numero-mas-importante-y-otras-3-claves-de-la-cumbre-de-cambio-climatico-en-glasgow.png\" sizes=\"(min-width: 1008px) 645px, 100vw\" width=\"640\" height=\"2025\" class=\"eehpdyc0 bbc-100dhyn e1enwo3v0\"><\/noscript><\/div>\n<\/div>\n<\/div>\n<\/figure>\n<\/div>\n<p><h2 id=\"Qu\u00e9-hay-que-hacer-para-no-superar-15-\u00b0C\" tabindex=\"-1\" class=\"bbc-l3e97o e14hemmw0\">\u00bfQu\u00e9 hay que hacer para no superar 1,5 \u00b0C?<\/h2>\n<\/p>\n<div dir=\"ltr\" class=\"bbc-19j92fr e57qer20\" readability=\"14\">\n<p dir=\"ltr\" class=\"bbc-bm53ic e1cc2ql70\">Si se quiere cumplir la meta de 1,5 \u00b0C <b>habr\u00e1 que disminuir las emisiones CO2 en un 45% para el a\u00f1o 2030<\/b>. Y para 2050 las emisiones deben alcanzar el cero neto (es decir, el CO2 emitido debe compensarse por mecanismos que absorban el gas, como la plantaci\u00f3n de \u00e1rboles, o tecnolog\u00edas que capturen el gas y lo almacenen en forma subterr\u00e1nea).<\/p>\n<\/div>\n<div dir=\"ltr\" class=\"bbc-19j92fr e57qer20\" readability=\"9.7848837209302\">\n<p dir=\"ltr\" class=\"bbc-bm53ic e1cc2ql70\">Sin embargo, contrariamente a lo requerido, las emisiones de gases de invernadero van camino a un incremento para fin de esta d\u00e9cada de <a href=\"https:\/\/unfccc.int\/es\/news\/informe-de-sintesis-completo-de-las-ndc-algunos-avances-pero-todavia-una-gran-preocupacion\" aria-label=\"16% respecto a 2010, externo\" class=\"bbc-n8oauk e1cs6q200\">16% respecto a 2010<\/a>, seg\u00fan la ONU.<\/p>\n<\/div>\n<div dir=\"ltr\" class=\"bbc-19j92fr e57qer20\" readability=\"9.0604026845638\">\n<p dir=\"ltr\" class=\"bbc-bm53ic e1cc2ql70\">Y los planes actuales de producci\u00f3n de petr\u00f3leo, gas y carb\u00f3n a nivel global exceden en <a href=\"https:\/\/wedocs.unep.org\/bitstream\/handle\/20.500.11822\/34438\/EGR20ESS.pdf?sequence=35.\" aria-label=\"m\u00e1s del doble, externo\" class=\"bbc-n8oauk e1cs6q200\">m\u00e1s del doble<\/a> el nivel necesario para no superar 1,5 \u00b0C. <\/p>\n<\/div>\n<div dir=\"ltr\" class=\"bbc-19j92fr e57qer20\" readability=\"10.590425531915\">\n<p dir=\"ltr\" class=\"bbc-bm53ic e1cc2ql70\">Esto se da a pesar de la gran disminuci\u00f3n en los precios de energ\u00edas renovables. El costo de los paneles solares, por ejemplo, cay\u00f3 un 82% entre 2010 y 2019, seg\u00fan un <a href=\"https:\/\/www.irena.org\/-\/media\/Files\/IRENA\/Agency\/Publication\/2020\/Jun\/IRENA_Costs_2019_ES.PDF?la=en&amp;hash=A74F5A6BA01D86C175702B4F27C7086AF5D23F99\" aria-label=\"informe , externo\" class=\"bbc-n8oauk e1cs6q200\">informe <\/a>reciente. <\/p>\n<\/div>\n<div dir=\"ltr\" class=\"bbc-19j92fr e57qer20\" readability=\"10.38125\">\n<p dir=\"ltr\" class=\"bbc-bm53ic e1cc2ql70\">Sin cambios dr\u00e1sticos en las emisiones, el mundo se dirige a un aumento de temperatura de al menos 2,7 \u00b0C para fin de siglo, seg\u00fan <a href=\"https:\/\/news.un.org\/es\/story\/2021\/10\/1498972\" aria-label=\"advirti\u00f3, externo\" class=\"bbc-n8oauk e1cs6q200\">advirti\u00f3<\/a> la ONU este mes.<\/p>\n<\/div>\n<div dir=\"ltr\" class=\"bbc-1ka88fa e57qer20\">\n<figure class=\"bbc-1qdcvv9 e6bmn90\">\n<div dir=\"ltr\" class=\"bbc-172p16q e57qer20\">\n<div dir=\"ltr\" class=\"bbc-189y18v e57qer20\" readability=\"6.5\">\n<div data-e2e=\"image-placeholder\" class=\"bbc-997y1y e1whu0\" readability=\"8\"><noscript><img loading=\"lazy\" srcset=\"http:\/\/cordobadirecto.com\/wp-content\/uploads\/2021\/11\/cop26-por-que-15-es-el-numero-mas-importante-y-otras-3-claves-de-la-cumbre-de-cambio-climatico-en-glasgow-26.jpg 240w, http:\/\/cordobadirecto.com\/wp-content\/uploads\/2021\/11\/cop26-por-que-15-es-el-numero-mas-importante-y-otras-3-claves-de-la-cumbre-de-cambio-climatico-en-glasgow-27.jpg 320w, http:\/\/cordobadirecto.com\/wp-content\/uploads\/2021\/11\/cop26-por-que-15-es-el-numero-mas-importante-y-otras-3-claves-de-la-cumbre-de-cambio-climatico-en-glasgow-28.jpg 480w, http:\/\/cordobadirecto.com\/wp-content\/uploads\/2021\/11\/cop26-por-que-15-es-el-numero-mas-importante-y-otras-3-claves-de-la-cumbre-de-cambio-climatico-en-glasgow-29.jpg 624w, http:\/\/cordobadirecto.com\/wp-content\/uploads\/2021\/11\/cop26-por-que-15-es-el-numero-mas-importante-y-otras-3-claves-de-la-cumbre-de-cambio-climatico-en-glasgow-30.jpg 800w\" alt=\"Adolescentes con carteles que dice &quot;no existe planeta B&quot; y &quot;para qu\u00e9 estudiar si no hay futuro&quot;\" src=\"http:\/\/cordobadirecto.com\/wp-content\/uploads\/2021\/11\/cop26-por-que-15-es-el-numero-mas-importante-y-otras-3-claves-de-la-cumbre-de-cambio-climatico-en-glasgow-3.jpg\" sizes=\"(min-width: 1008px) 645px, 100vw\" width=\"976\" height=\"549\" class=\"eehpdyc0 bbc-100dhyn e1enwo3v0\"><\/noscript><\/p>\n<p role=\"text\" class=\"bbc-1s1cxbv etq3yw90\"><span class=\"bbc-1gnhmg2 e1yt7oin0\">Fuente de la imagen, <\/span><span lang=\"en-GB\">Getty Images<\/span><\/p>\n<\/div>\n<\/div>\n<div dir=\"ltr\" class=\"bbc-3edg7g e57qer20\" readability=\"7.5\"><figcaption dir=\"ltr\" class=\"bbc-1t9zlwf eede9f50\" readability=\"5\"><span class=\"bbc-1gnhmg2 e1yt7oin0\">Pie de foto, <\/span><\/p>\n<p>El cambio clim\u00e1tico se est\u00e1 intensificando y afecta ya a todas las regiones del planeta, seg\u00fan el informe de agosto del Panel Intergubernamental de Cambio Clim\u00e1tico de la ONU, IPCC.<\/p>\n<\/figcaption><\/div>\n<\/div>\n<\/figure>\n<\/div>\n<p><h2 id=\"2-A-QU\u00c9-SE-COMPROMETER\u00c1-CADA-PA\u00cdS\" tabindex=\"-1\" class=\"bbc-l3e97o e14hemmw0\">2- \u00bfA QU\u00c9 SE COMPROMETER\u00c1 CADA PA\u00cdS?<\/h2>\n<\/p>\n<div dir=\"ltr\" class=\"bbc-19j92fr e57qer20\" readability=\"11\">\n<p dir=\"ltr\" class=\"bbc-bm53ic e1cc2ql70\">Seg\u00fan el Acuerdo de Par\u00eds de 2015, los pa\u00edses deben anunciar cada cinco a\u00f1os <b>nuevas y m\u00e1s ambiciosas metas<\/b> de reducci\u00f3n de emisiones. La primera vez que esto ocurrir\u00e1 es en la COP26, que estaba prevista para 2020 y fue postergada por la pandemia. <\/p>\n<\/div>\n<div dir=\"ltr\" class=\"bbc-19j92fr e57qer20\" readability=\"8\">\n<p dir=\"ltr\" class=\"bbc-bm53ic e1cc2ql70\">Esas metas se conocen en la jerga clim\u00e1tica como &#8220;contribuciones determinadas a nivel nacional&#8221; o NDC por sus siglas en ingl\u00e9s.<\/p>\n<\/div>\n<div dir=\"ltr\" class=\"bbc-19j92fr e57qer20\" readability=\"10\">\n<p dir=\"ltr\" class=\"bbc-bm53ic e1cc2ql70\">Muchos pa\u00edses han anunciado en a\u00f1os recientes planes de llegar al &#8220;cero neto&#8221; de emisiones en 2050 (EE.UU., Reino Unido), o 2060 (China). <\/p>\n<\/div>\n<div dir=\"ltr\" class=\"bbc-19j92fr e57qer20\" readability=\"11\">\n<p dir=\"ltr\" class=\"bbc-bm53ic e1cc2ql70\">&#8220;La COP 26 debe llegar a acuerdos de una reducci\u00f3n enorme de las emisiones globales hasta 2030&#8221;, dijo a BBC Mundo Carlos Nobre, investigador del Instituto de Estudios Avanzados de la Universidad de Sao Paulo y experto en la Amazon\u00eda.<\/p>\n<\/div>\n<div dir=\"ltr\" class=\"bbc-19j92fr e57qer20\" readability=\"15\">\n<p dir=\"ltr\" class=\"bbc-bm53ic e1cc2ql70\">La cumbre debe obtener &#8220;<b>no solo promesas para 2050, sino compromisos de reducciones r\u00e1pidas <\/b>de emisiones con planes concretos de transici\u00f3n para econom\u00edas de bajo carbono, algo que ya es tecnol\u00f3gicamente factible, pero se est\u00e1 implementando muy lentamente a nivel global en los sectores de energ\u00eda, agricultura e infraestructura, entre otros&#8221;.<\/p>\n<\/div>\n<div dir=\"ltr\" class=\"bbc-19j92fr e57qer20\" readability=\"13\">\n<p dir=\"ltr\" class=\"bbc-bm53ic e1cc2ql70\">El cient\u00edfico brasile\u00f1o tambi\u00e9n se\u00f1al\u00f3 que &#8220;una de las acciones urgentemente necesarias es <b>eliminar los enormes subsidios<\/b> que la econom\u00eda actual da a sectores altamente contaminantes, como por ejemplo, el m\u00e1s de un trill\u00f3n de d\u00f3lares anuales de subsidios para los combustibles f\u00f3siles, que son la mayor fuente de emisiones&#8221;.<\/p>\n<\/div>\n<div dir=\"ltr\" class=\"bbc-19j92fr e57qer20\" readability=\"9\">\n<p dir=\"ltr\" class=\"bbc-bm53ic e1cc2ql70\">Para el cient\u00edfico brit\u00e1nico James Dyke, &#8220;<b>las pol\u00edticas de cero neto pueden ser una trampa peligrosa<\/b>&#8220;.<\/p>\n<\/div>\n<div dir=\"ltr\" class=\"bbc-19j92fr e57qer20\" readability=\"13\">\n<p dir=\"ltr\" class=\"bbc-bm53ic e1cc2ql70\">&#8220;Esas pol\u00edticas pueden dar licencia a una mentalidad temeraria de &#8220;quemar ahora y pagar luego&#8221;, se\u00f1al\u00f3 Dyke, director del Instituto de Sistemas Globales de la Universidad de Exeter en Inglaterra y autor del libro &#8220;Incendio, Tormenta, Inundaci\u00f3n: la violencia del cambio clim\u00e1tico&#8221;. <\/p>\n<\/div>\n<div dir=\"ltr\" class=\"bbc-19j92fr e57qer20\" readability=\"9\">\n<p dir=\"ltr\" class=\"bbc-bm53ic e1cc2ql70\">La tecnolog\u00eda para extraer di\u00f3xido de carbono de la atm\u00f3sfera es a\u00fan muy limitada, advirti\u00f3 el cient\u00edfico. <\/p>\n<\/div>\n<div dir=\"ltr\" class=\"bbc-19j92fr e57qer20\" readability=\"10\">\n<p dir=\"ltr\" class=\"bbc-bm53ic e1cc2ql70\">Por ello, las promesas de cero neto &#8220;pueden dar a los pol\u00edticos y empresas una forma de &#8216;lavado verde&#8217;. En lugar de introducir cortes r\u00e1pidos en el uso de combustibles f\u00f3siles invocan un futuro optimista en el que sea posible retirar en forma segura las emisiones de carbono&#8221;.<\/p>\n<\/div>\n<div dir=\"ltr\" class=\"bbc-1ka88fa e57qer20\">\n<figure class=\"bbc-1qdcvv9 e6bmn90\">\n<div dir=\"ltr\" class=\"bbc-172p16q e57qer20\">\n<div dir=\"ltr\" class=\"bbc-189y18v e57qer20\" readability=\"6.5\">\n<div data-e2e=\"image-placeholder\" class=\"bbc-997y1y e1whu0\" readability=\"8\"><noscript><img loading=\"lazy\" srcset=\"http:\/\/cordobadirecto.com\/wp-content\/uploads\/2021\/11\/cop26-por-que-15-es-el-numero-mas-importante-y-otras-3-claves-de-la-cumbre-de-cambio-climatico-en-glasgow-31.jpg 240w, http:\/\/cordobadirecto.com\/wp-content\/uploads\/2021\/11\/cop26-por-que-15-es-el-numero-mas-importante-y-otras-3-claves-de-la-cumbre-de-cambio-climatico-en-glasgow-32.jpg 320w, http:\/\/cordobadirecto.com\/wp-content\/uploads\/2021\/11\/cop26-por-que-15-es-el-numero-mas-importante-y-otras-3-claves-de-la-cumbre-de-cambio-climatico-en-glasgow-33.jpg 480w, http:\/\/cordobadirecto.com\/wp-content\/uploads\/2021\/11\/cop26-por-que-15-es-el-numero-mas-importante-y-otras-3-claves-de-la-cumbre-de-cambio-climatico-en-glasgow-34.jpg 624w, http:\/\/cordobadirecto.com\/wp-content\/uploads\/2021\/11\/cop26-por-que-15-es-el-numero-mas-importante-y-otras-3-claves-de-la-cumbre-de-cambio-climatico-en-glasgow-35.jpg 800w\" alt=\"Un trabajador instalando paneles solares\" src=\"http:\/\/cordobadirecto.com\/wp-content\/uploads\/2021\/11\/cop26-por-que-15-es-el-numero-mas-importante-y-otras-3-claves-de-la-cumbre-de-cambio-climatico-en-glasgow-4.jpg\" sizes=\"(min-width: 1008px) 645px, 100vw\" width=\"976\" height=\"549\" class=\"eehpdyc0 bbc-100dhyn e1enwo3v0\"><\/noscript><\/p>\n<p role=\"text\" class=\"bbc-1s1cxbv etq3yw90\"><span class=\"bbc-1gnhmg2 e1yt7oin0\">Fuente de la imagen, <\/span><span lang=\"en-GB\">Getty Images<\/span><\/p>\n<\/div>\n<\/div>\n<div dir=\"ltr\" class=\"bbc-3edg7g e57qer20\" readability=\"6.5\"><figcaption dir=\"ltr\" class=\"bbc-1t9zlwf eede9f50\" readability=\"3\"><span class=\"bbc-1gnhmg2 e1yt7oin0\">Pie de foto, <\/span><\/p>\n<p>El costo de los paneles solares cay\u00f3 un 82% entre 2010 y 2019, seg\u00fan un estudio reciente.<\/p>\n<\/figcaption><\/div>\n<\/div>\n<\/figure>\n<\/div>\n<p><h2 id=\"3-EL-RECLAMO-DE-JUSTICIA-CLIM\u00c1TICA-Y-LA-PROMESA-DE-US100000-MILLONES\" tabindex=\"-1\" class=\"bbc-l3e97o e14hemmw0\">3- EL RECLAMO DE JUSTICIA CLIM\u00c1TICA Y LA PROMESA DE US$100.000 MILLONES<\/h2>\n<\/p>\n<div dir=\"ltr\" class=\"bbc-19j92fr e57qer20\" readability=\"10\">\n<p dir=\"ltr\" class=\"bbc-bm53ic e1cc2ql70\">Los pa\u00edses desarrollados se comprometieron en 2009 a aportar US$100 mil millones cada a\u00f1o a partir de 2020, con el fin de ayudar a otras naciones a hacer la transici\u00f3n a econom\u00edas de bajo carbono y adaptarse al cambio clim\u00e1tico. El compromiso fue luego extendido hasta 2025.<\/p>\n<\/div>\n<div dir=\"ltr\" class=\"bbc-19j92fr e57qer20\" readability=\"10\">\n<p dir=\"ltr\" class=\"bbc-bm53ic e1cc2ql70\">Pero los fondos aportados en 2020 no llegaron a esa meta. Y el gobierno brit\u00e1nico anunci\u00f3 d\u00edas antes de la cumbre de Glasgow que es<b> &#8220;poco probable&#8221; que se cumpla <\/b><b>esa<\/b><b> meta en 2021<\/b>, aunque &#8220;conf\u00eda&#8221; en que se alcanzar\u00e1 en 2023.<\/p>\n<\/div>\n<div dir=\"ltr\" class=\"bbc-19j92fr e57qer20\" readability=\"7\">\n<p dir=\"ltr\" class=\"bbc-bm53ic e1cc2ql70\">Los pa\u00edses en desarrollo exigen que se cumpla la promesa.<\/p>\n<\/div>\n<div dir=\"ltr\" class=\"bbc-19j92fr e57qer20\" readability=\"10\">\n<p dir=\"ltr\" class=\"bbc-bm53ic e1cc2ql70\">&#8220;No todos contribuyeron a las emisiones en forma igual&#8221;, se\u00f1al\u00f3 Saleemal Huq, director del Centro Internacional de Cambio Clim\u00e1tico y Desarrollo en Bangladesh. <\/p>\n<\/div>\n<div dir=\"ltr\" class=\"bbc-19j92fr e57qer20\" readability=\"12\">\n<p dir=\"ltr\" class=\"bbc-bm53ic e1cc2ql70\">&#8220;Los pa\u00edses ricos se beneficiaron de la Revoluci\u00f3n Industrial. Pero las principales v\u00edctimas son los pobres en pa\u00edses como el m\u00edo, Bangladesh, cuyas emisiones son min\u00fasculas en comparaci\u00f3n. Es realmente una cuesti\u00f3n moral&#8221;, agreg\u00f3 Huq.<\/p>\n<\/div>\n<div dir=\"ltr\" class=\"bbc-1ka88fa e57qer20\">\n<figure class=\"bbc-1qdcvv9 e6bmn90\">\n<div dir=\"ltr\" class=\"bbc-172p16q e57qer20\">\n<div dir=\"ltr\" class=\"bbc-189y18v e57qer20\" readability=\"6.5\">\n<div data-e2e=\"image-placeholder\" class=\"bbc-997y1y e1whu0\" readability=\"8\"><noscript><img loading=\"lazy\" srcset=\"http:\/\/cordobadirecto.com\/wp-content\/uploads\/2021\/11\/cop26-por-que-15-es-el-numero-mas-importante-y-otras-3-claves-de-la-cumbre-de-cambio-climatico-en-glasgow-36.jpg 240w, http:\/\/cordobadirecto.com\/wp-content\/uploads\/2021\/11\/cop26-por-que-15-es-el-numero-mas-importante-y-otras-3-claves-de-la-cumbre-de-cambio-climatico-en-glasgow-37.jpg 320w, http:\/\/cordobadirecto.com\/wp-content\/uploads\/2021\/11\/cop26-por-que-15-es-el-numero-mas-importante-y-otras-3-claves-de-la-cumbre-de-cambio-climatico-en-glasgow-38.jpg 480w, http:\/\/cordobadirecto.com\/wp-content\/uploads\/2021\/11\/cop26-por-que-15-es-el-numero-mas-importante-y-otras-3-claves-de-la-cumbre-de-cambio-climatico-en-glasgow-39.jpg 624w, http:\/\/cordobadirecto.com\/wp-content\/uploads\/2021\/11\/cop26-por-que-15-es-el-numero-mas-importante-y-otras-3-claves-de-la-cumbre-de-cambio-climatico-en-glasgow-40.jpg 800w\" alt=\"J\u00f3venes con un cartel que dice &quot;justicia ambiental es justicia social&quot;.\" src=\"http:\/\/cordobadirecto.com\/wp-content\/uploads\/2021\/11\/cop26-por-que-15-es-el-numero-mas-importante-y-otras-3-claves-de-la-cumbre-de-cambio-climatico-en-glasgow-5.jpg\" sizes=\"(min-width: 1008px) 645px, 100vw\" width=\"976\" height=\"549\" class=\"eehpdyc0 bbc-100dhyn e1enwo3v0\"><\/noscript><\/p>\n<p role=\"text\" class=\"bbc-1s1cxbv etq3yw90\"><span class=\"bbc-1gnhmg2 e1yt7oin0\">Fuente de la imagen, <\/span><span lang=\"en-GB\">Getty Images<\/span><\/p>\n<\/div>\n<\/div>\n<div dir=\"ltr\" class=\"bbc-3edg7g e57qer20\" readability=\"6.5\"><figcaption dir=\"ltr\" class=\"bbc-1t9zlwf eede9f50\" readability=\"3\"><span class=\"bbc-1gnhmg2 e1yt7oin0\">Pie de foto, <\/span><\/p>\n<p>Los pa\u00edses en desarrollo exigen a los pa\u00edses ricos que cumplan su promesa de aportar US$100 mil millones anuales para ayudar a otras naciones a adaptarse al cambio clim\u00e1tico.<\/p>\n<\/figcaption><\/div>\n<\/div>\n<\/figure>\n<\/div>\n<div dir=\"ltr\" class=\"bbc-19j92fr e57qer20\" readability=\"9\">\n<p dir=\"ltr\" class=\"bbc-bm53ic e1cc2ql70\">Anaid Velasco es gerenta de investigaci\u00f3n del Centro Mexicano de Derecho Ambiental A.C. (CEMDA), una de las ONGs que estar\u00e1 presente en la COP26.<\/p>\n<\/div>\n<div dir=\"ltr\" class=\"bbc-19j92fr e57qer20\" readability=\"12\">\n<p dir=\"ltr\" class=\"bbc-bm53ic e1cc2ql70\">&#8220;Para Am\u00e9rica Latina, el cumplimiento de esta promesa de US$100 mil millones es de gran relevancia, considerando que somos una regi\u00f3n altamente vulnerable a los efectos del cambio clim\u00e1tico, con cuantiosas p\u00e9rdidas y da\u00f1os&#8221;.<\/p>\n<\/div>\n<div dir=\"ltr\" class=\"bbc-19j92fr e57qer20\" readability=\"12\">\n<p dir=\"ltr\" class=\"bbc-bm53ic e1cc2ql70\">&#8220;Basta recordar que el reciente informe del IPCC ha identificado un incremento considerable de temperatura en esta regi\u00f3n, mayor incluso que en otras regiones del planeta, lo cual contribuye a m\u00e1s sequ\u00edas, mayor probabilidad de inundaciones y aumento del nivel del mar&#8221;. <\/p>\n<\/div>\n<div dir=\"ltr\" class=\"bbc-19j92fr e57qer20\" readability=\"11\">\n<p dir=\"ltr\" class=\"bbc-bm53ic e1cc2ql70\">Para Velasco, contar con los fondos prometidos es &#8220;una acci\u00f3n alineada con la responsabilidad que tienen los pa\u00edses que generan mayores emisiones frente a naciones que tienen menor responsabilidad (salvo M\u00e9xico y Brasil) pero m\u00e1s afectaciones derivadas del cambio clim\u00e1tico. Se trata lisa y llanamente de una acci\u00f3n de justicia clim\u00e1tica&#8221;.<\/p>\n<\/div>\n<div dir=\"ltr\" class=\"bbc-1ka88fa e57qer20\">\n<figure class=\"bbc-1qdcvv9 e6bmn90\">\n<div dir=\"ltr\" class=\"bbc-172p16q e57qer20\">\n<div dir=\"ltr\" class=\"bbc-189y18v e57qer20\" readability=\"6.5\">\n<div data-e2e=\"image-placeholder\" class=\"bbc-997y1y e1whu0\" readability=\"8\"><noscript><img loading=\"lazy\" srcset=\"http:\/\/cordobadirecto.com\/wp-content\/uploads\/2021\/11\/cop26-por-que-15-es-el-numero-mas-importante-y-otras-3-claves-de-la-cumbre-de-cambio-climatico-en-glasgow-41.jpg 240w, http:\/\/cordobadirecto.com\/wp-content\/uploads\/2021\/11\/cop26-por-que-15-es-el-numero-mas-importante-y-otras-3-claves-de-la-cumbre-de-cambio-climatico-en-glasgow-42.jpg 320w, http:\/\/cordobadirecto.com\/wp-content\/uploads\/2021\/11\/cop26-por-que-15-es-el-numero-mas-importante-y-otras-3-claves-de-la-cumbre-de-cambio-climatico-en-glasgow-43.jpg 480w, http:\/\/cordobadirecto.com\/wp-content\/uploads\/2021\/11\/cop26-por-que-15-es-el-numero-mas-importante-y-otras-3-claves-de-la-cumbre-de-cambio-climatico-en-glasgow-44.jpg 624w, http:\/\/cordobadirecto.com\/wp-content\/uploads\/2021\/11\/cop26-por-que-15-es-el-numero-mas-importante-y-otras-3-claves-de-la-cumbre-de-cambio-climatico-en-glasgow-45.jpg 800w\" alt=\"Sede de la COP26 en Glasgow\" src=\"http:\/\/cordobadirecto.com\/wp-content\/uploads\/2021\/11\/cop26-por-que-15-es-el-numero-mas-importante-y-otras-3-claves-de-la-cumbre-de-cambio-climatico-en-glasgow-6.jpg\" sizes=\"(min-width: 1008px) 645px, 100vw\" width=\"976\" height=\"549\" class=\"eehpdyc0 bbc-100dhyn e1enwo3v0\"><\/noscript><\/p>\n<p role=\"text\" class=\"bbc-1s1cxbv etq3yw90\"><span class=\"bbc-1gnhmg2 e1yt7oin0\">Fuente de la imagen, <\/span><span lang=\"en-GB\">Getty Images<\/span><\/p>\n<\/div>\n<\/div>\n<div dir=\"ltr\" class=\"bbc-3edg7g e57qer20\" readability=\"7\"><figcaption dir=\"ltr\" class=\"bbc-1t9zlwf eede9f50\" readability=\"4\"><span class=\"bbc-1gnhmg2 e1yt7oin0\">Pie de foto, <\/span><\/p>\n<p>En la COP hay dos zonas. En la &#8220;zona azul&#8221; est\u00e1n las delegaciones nacionales y es donde se realizan las negociaciones. La &#8220;zona verde&#8221; es para el p\u00fablico en general y all\u00ed hay eventos en los que participan cientos de ONGs y empresas.<\/p>\n<\/figcaption><\/div>\n<\/div>\n<\/figure>\n<\/div>\n<p><h2 id=\"Otros-puntos-pol\u00e9micos\" tabindex=\"-1\" class=\"bbc-l3e97o e14hemmw0\">Otros puntos pol\u00e9micos<\/h2>\n<\/p>\n<div dir=\"ltr\" class=\"bbc-19j92fr e57qer20\" readability=\"9\">\n<p dir=\"ltr\" class=\"bbc-bm53ic e1cc2ql70\">Otro asunto financiero sin resolver es el de los <b>mercados de carbono<\/b>, que permitir\u00edan a pa\u00edses con emisiones inferiores a sus metas vender cr\u00e9ditos a otras naciones.<\/p>\n<\/div>\n<div dir=\"ltr\" class=\"bbc-19j92fr e57qer20\" readability=\"9\">\n<p dir=\"ltr\" class=\"bbc-bm53ic e1cc2ql70\">La implementaci\u00f3n de este mercado es pol\u00e9mica. Muchos temen que los pa\u00edses ricos eviten reducciones en sus propios pa\u00edses comprando cr\u00e9ditos que no contribuyen lo suficiente a la ca\u00edda global de emisiones.<\/p>\n<\/div>\n<div dir=\"ltr\" class=\"bbc-19j92fr e57qer20\" readability=\"10\">\n<p dir=\"ltr\" class=\"bbc-bm53ic e1cc2ql70\">Y otra disputa clave es la relacionada con &#8220;<b>p\u00e9rdidas y da\u00f1os<\/b>&#8220;. Adem\u00e1s de la ayuda para adaptaci\u00f3n, el Acuerdo de Par\u00eds reconoci\u00f3 en su art\u00edculo 8 en t\u00e9rminos generales &#8220;la importancia de afrontar p\u00e9rdidas y da\u00f1os&#8221; causados por el cambio clim\u00e1tico. <\/p>\n<\/div>\n<div dir=\"ltr\" class=\"bbc-19j92fr e57qer20\" readability=\"10\">\n<p dir=\"ltr\" class=\"bbc-bm53ic e1cc2ql70\">Los pa\u00edses ricos <b>se niegan a cualquier sugerencia de compensaci\u00f3n<\/b>. Pero eso es lo que plantean desde hace a\u00f1os grupos como la Asociaci\u00f3n de Pa\u00edses Insulares (AOSIS por sus siglas en ingl\u00e9s), que incluyen islas para las que el aumento del nivel del mar es una amenaza existencial.<\/p>\n<\/div>\n<div dir=\"ltr\" class=\"bbc-1ka88fa e57qer20\">\n<figure class=\"bbc-1qdcvv9 e6bmn90\">\n<div dir=\"ltr\" class=\"bbc-172p16q e57qer20\">\n<div dir=\"ltr\" class=\"bbc-189y18v e57qer20\" readability=\"6.5\">\n<div data-e2e=\"image-placeholder\" class=\"bbc-997y1y e1whu0\" readability=\"8\"><noscript><img loading=\"lazy\" srcset=\"http:\/\/cordobadirecto.com\/wp-content\/uploads\/2021\/11\/cop26-por-que-15-es-el-numero-mas-importante-y-otras-3-claves-de-la-cumbre-de-cambio-climatico-en-glasgow-46.jpg 240w, http:\/\/cordobadirecto.com\/wp-content\/uploads\/2021\/11\/cop26-por-que-15-es-el-numero-mas-importante-y-otras-3-claves-de-la-cumbre-de-cambio-climatico-en-glasgow-47.jpg 320w, http:\/\/cordobadirecto.com\/wp-content\/uploads\/2021\/11\/cop26-por-que-15-es-el-numero-mas-importante-y-otras-3-claves-de-la-cumbre-de-cambio-climatico-en-glasgow-48.jpg 480w, http:\/\/cordobadirecto.com\/wp-content\/uploads\/2021\/11\/cop26-por-que-15-es-el-numero-mas-importante-y-otras-3-claves-de-la-cumbre-de-cambio-climatico-en-glasgow-49.jpg 624w, http:\/\/cordobadirecto.com\/wp-content\/uploads\/2021\/11\/cop26-por-que-15-es-el-numero-mas-importante-y-otras-3-claves-de-la-cumbre-de-cambio-climatico-en-glasgow-50.jpg 800w\" alt=\"Un joven lleva bananas mientras cruza una calle inundada en El Progreso, Yoro, Honduras en noviembre de 2020, tras el pasaje del hurac\u00e1n Iota.\" src=\"http:\/\/cordobadirecto.com\/wp-content\/uploads\/2021\/11\/cop26-por-que-15-es-el-numero-mas-importante-y-otras-3-claves-de-la-cumbre-de-cambio-climatico-en-glasgow-7.jpg\" sizes=\"(min-width: 1008px) 645px, 100vw\" width=\"976\" height=\"549\" class=\"eehpdyc0 bbc-100dhyn e1enwo3v0\"><\/noscript><\/p>\n<p role=\"text\" class=\"bbc-1s1cxbv etq3yw90\"><span class=\"bbc-1gnhmg2 e1yt7oin0\">Fuente de la imagen, <\/span><span lang=\"en-GB\">Getty Images<\/span><\/p>\n<\/div>\n<\/div>\n<div dir=\"ltr\" class=\"bbc-3edg7g e57qer20\" readability=\"7\"><figcaption dir=\"ltr\" class=\"bbc-1t9zlwf eede9f50\" readability=\"4\"><span class=\"bbc-1gnhmg2 e1yt7oin0\">Pie de foto, <\/span><\/p>\n<p>Sin recortes dr\u00e1sticos de emisiones, el mundo se dirige a un aumento de m\u00e1s de 3 \u00b0C para fin de siglo.<\/p>\n<\/figcaption><\/div>\n<\/div>\n<\/figure>\n<\/div>\n<div dir=\"ltr\" class=\"bbc-19j92fr e57qer20\" readability=\"10\">\n<p dir=\"ltr\" class=\"bbc-bm53ic e1cc2ql70\">Jos\u00e9 Villalobos, estudiante de psicolog\u00eda y activista clim\u00e1tico y LGBTQ+, tambi\u00e9n asistir\u00e1 a la cumbre en representaci\u00f3n de Viernes por el Futuro M\u00e9xico.<\/p>\n<\/div>\n<div dir=\"ltr\" class=\"bbc-19j92fr e57qer20\" readability=\"11\">\n<p dir=\"ltr\" class=\"bbc-bm53ic e1cc2ql70\">&#8220;Yo soy del sur de M\u00e9xico y he visto y vivido la tragedia migratoria entre la frontera de M\u00e9xico y Guatemala&#8230; Tenemos que alzar la voz a\u00fan m\u00e1s fuerte de lo que ya hacemos todos los d\u00edas durante la COP26 para exigir acciones, y que los pa\u00edses del norte global se comprometan por los da\u00f1os y reparaciones. Yo creo que nuestra existencia y seguridad misma est\u00e1 en juego&#8221;. <\/p>\n<\/div>\n<p><h2 id=\"4-BARRERAS-Y-EL-PAPEL-DE-CHINA\" tabindex=\"-1\" class=\"bbc-l3e97o e14hemmw0\">4- BARRERAS Y EL PAPEL DE CHINA<\/h2>\n<\/p>\n<div dir=\"ltr\" class=\"bbc-19j92fr e57qer20\" readability=\"8\">\n<p dir=\"ltr\" class=\"bbc-bm53ic e1cc2ql70\">El alto costo de los viajes y la falta de vacunas en muchos pa\u00edses pueden hacer que la cumbre de Glasgow carezca de la necesaria representaci\u00f3n de los pa\u00edses m\u00e1s pobres.<\/p>\n<\/div>\n<div dir=\"ltr\" class=\"bbc-19j92fr e57qer20\" readability=\"11\">\n<p dir=\"ltr\" class=\"bbc-bm53ic e1cc2ql70\">Pero el mayor obst\u00e1culo a un acuerdo efectivo son las relaciones entre los principales actores internacionales, especialmente China y Estados Unidos, que representan <b>casi el 40% de las emisiones globales actuales de CO2<\/b>.<\/p>\n<\/div>\n<div dir=\"ltr\" class=\"bbc-19j92fr e57qer20\" readability=\"9\">\n<p dir=\"ltr\" class=\"bbc-bm53ic e1cc2ql70\">El presidente estadounidense Joe Biden no logr\u00f3 aprobaci\u00f3n en el congreso para su ambiciosa iniciativa de electricidad a partir de energ\u00edas renovables. Esto debilita seg\u00fan analistas su capacidad de presionar a otros pa\u00edses hacia reducciones de emisiones.<\/p>\n<\/div>\n<div dir=\"ltr\" class=\"bbc-19j92fr e57qer20\">\n<div id=\"include-3\" tabindex=\"-1\" class=\"bbc-1npwuzj estnm9r0\">\n<div class=\"flourish-container\" id=\"flourish-container-vjeastasia-800-flourish_on_slack-vjamericas-31385\">\n<div class=\"flourish-fallback\" id=\"flourish-fallback-vjeastasia-800-flourish_on_slack-vjamericas-31385\">\n<p>Error de visualizaci\u00f3n<\/p>\n<\/p><\/div><\/div><\/div>\n<\/div>\n<div dir=\"ltr\" class=\"bbc-19j92fr e57qer20\" readability=\"13\">\n<p dir=\"ltr\" class=\"bbc-bm53ic e1cc2ql70\">Por otra parte, la relaci\u00f3n entre Estados Unidos y China se resinti\u00f3 a\u00fan m\u00e1s tras la creaci\u00f3n de AUKUS, un pacto militar anunciado en septiembre por EE.UU., Reino Unido y Australia, que es interpretado por analistas como un intento de contrarrestar los avances de China. <\/p>\n<\/div>\n<div dir=\"ltr\" class=\"bbc-19j92fr e57qer20\" readability=\"10\">\n<p dir=\"ltr\" class=\"bbc-bm53ic e1cc2ql70\">No est\u00e1 claro si el presidente chino, Xi Jinping, asistir\u00e1 a la COP26. Pero la cooperaci\u00f3n de China es vital. <\/p>\n<\/div>\n<div dir=\"ltr\" class=\"bbc-19j92fr e57qer20\" readability=\"13\">\n<p dir=\"ltr\" class=\"bbc-bm53ic e1cc2ql70\">&#8220;<b>A menos que China de<\/b><b>s<\/b><b>carbonice su econom\u00eda no vamos a vencer el cambio clim\u00e1tico<\/b>&#8220;, se\u00f1al\u00f3 a BBC Mundo David Tyfield, profesor del Centro Ambiental de la Universidad de Lancaster en Inglaterra y autor del libro &#8220;Liberalismo 2.0 y el ascenso de China: Crisis Global, Innovaci\u00f3n y Movilidad Urbana&#8221;.<\/p>\n<\/div>\n<div dir=\"ltr\" class=\"bbc-19j92fr e57qer20\" readability=\"12\">\n<p dir=\"ltr\" class=\"bbc-bm53ic e1cc2ql70\">&#8220;Las emisiones de China <b>dominan las cifras globales, con el 27% de las emisiones mundiales en 2019, y Estados Unidos en segundo lugar con un 11%<\/b>. Por primera vez las emisiones chinas pasaron a todas las emisiones combinadas de los pa\u00edses de la OCDE&#8221;, agreg\u00f3 Tyfield.<\/p>\n<\/div>\n<div dir=\"ltr\" class=\"bbc-19j92fr e57qer20\" readability=\"8\">\n<p dir=\"ltr\" class=\"bbc-bm53ic e1cc2ql70\">Pek\u00edn puede tener otro gran impacto en la lucha contra el cambio clim\u00e1tico, seg\u00fan el experto. <\/p>\n<\/div>\n<div dir=\"ltr\" class=\"bbc-19j92fr e57qer20\" readability=\"10\">\n<p dir=\"ltr\" class=\"bbc-bm53ic e1cc2ql70\">&#8220;China es desde hace tiempo la &#8216;f\u00e1brica del mundo&#8217; y tiene un papel central en los circuitos de producci\u00f3n de econom\u00edas alrededor del planeta. Esto significa que los esfuerzos de descarbonizaci\u00f3n de China tendr\u00e1n un impacto desproporcionado en industrias enteras y en todas las econom\u00edas nacionales asociadas con esas industrias&#8221;.<\/p>\n<\/div>\n<div dir=\"ltr\" class=\"bbc-1ka88fa e57qer20\">\n<figure class=\"bbc-1qdcvv9 e6bmn90\">\n<div dir=\"ltr\" class=\"bbc-172p16q e57qer20\">\n<div dir=\"ltr\" class=\"bbc-189y18v e57qer20\" readability=\"6.5\">\n<div data-e2e=\"image-placeholder\" class=\"bbc-997y1y e1whu0\" readability=\"8\"><noscript><img loading=\"lazy\" srcset=\"http:\/\/cordobadirecto.com\/wp-content\/uploads\/2021\/11\/cop26-por-que-15-es-el-numero-mas-importante-y-otras-3-claves-de-la-cumbre-de-cambio-climatico-en-glasgow-51.jpg 240w, http:\/\/cordobadirecto.com\/wp-content\/uploads\/2021\/11\/cop26-por-que-15-es-el-numero-mas-importante-y-otras-3-claves-de-la-cumbre-de-cambio-climatico-en-glasgow-52.jpg 320w, http:\/\/cordobadirecto.com\/wp-content\/uploads\/2021\/11\/cop26-por-que-15-es-el-numero-mas-importante-y-otras-3-claves-de-la-cumbre-de-cambio-climatico-en-glasgow-53.jpg 480w, http:\/\/cordobadirecto.com\/wp-content\/uploads\/2021\/11\/cop26-por-que-15-es-el-numero-mas-importante-y-otras-3-claves-de-la-cumbre-de-cambio-climatico-en-glasgow-54.jpg 624w, http:\/\/cordobadirecto.com\/wp-content\/uploads\/2021\/11\/cop26-por-que-15-es-el-numero-mas-importante-y-otras-3-claves-de-la-cumbre-de-cambio-climatico-en-glasgow-55.jpg 800w\" alt=\"Banderas de Estados Unidos y China\" src=\"http:\/\/cordobadirecto.com\/wp-content\/uploads\/2021\/11\/cop26-por-que-15-es-el-numero-mas-importante-y-otras-3-claves-de-la-cumbre-de-cambio-climatico-en-glasgow-8.jpg\" sizes=\"(min-width: 1008px) 645px, 100vw\" width=\"976\" height=\"549\" class=\"eehpdyc0 bbc-100dhyn e1enwo3v0\"><\/noscript><\/p>\n<p role=\"text\" class=\"bbc-1s1cxbv etq3yw90\"><span class=\"bbc-1gnhmg2 e1yt7oin0\">Fuente de la imagen, <\/span><span lang=\"en-GB\">Getty Images<\/span><\/p>\n<\/div>\n<\/div>\n<div dir=\"ltr\" class=\"bbc-3edg7g e57qer20\" readability=\"6.5\"><figcaption dir=\"ltr\" class=\"bbc-1t9zlwf eede9f50\" readability=\"3\"><span class=\"bbc-1gnhmg2 e1yt7oin0\">Pie de foto, <\/span><\/p>\n<p>Las emisiones de CO2 de China son m\u00e1s del doble que las de Estados Unidos. Pero EE.UU. supera ampliamente a China en emisiones hist\u00f3ricas acumuladas.<\/p>\n<\/figcaption><\/div>\n<\/div>\n<\/figure>\n<\/div>\n<div dir=\"ltr\" class=\"bbc-19j92fr e57qer20\" readability=\"8\">\n<p dir=\"ltr\" class=\"bbc-bm53ic e1cc2ql70\">Pero Tyfield advierte que las emisiones chinas no deben servir para que otros pa\u00edses abdiquen de su responsabilidad y demonicen al gigante asi\u00e1tico.<\/p>\n<\/div>\n<div dir=\"ltr\" class=\"bbc-19j92fr e57qer20\" readability=\"8\">\n<p dir=\"ltr\" class=\"bbc-bm53ic e1cc2ql70\">&#8220;Los pa\u00edses de la OECD combinados tienen un porcentaje similar al de China. Y <b>los pa\u00edses ricos no tienen como China el problema de desarrollarse y de<\/b><b>s<\/b><b>carbonizar en forma simult\u00e1nea<\/b>&#8220;.<\/p>\n<\/div>\n<div dir=\"ltr\" class=\"bbc-19j92fr e57qer20\" readability=\"13.583126550868\">\n<p dir=\"ltr\" class=\"bbc-bm53ic e1cc2ql70\">Si bien China es el mayor emisor de CO2 actual, el panorama es diferente cuando se habla de emisiones acumuladas hist\u00f3ricamente, un punto importante para los reclamos de justicia clim\u00e1tica. El CO2 emitido hace siglos sigue calentando hoy en d\u00eda el planeta. <b>Al considerar emisiones hist\u00f3ricas, EE.UU. con un 20% supera ampliamente a China con un 11%<\/b>, seg\u00fan una investigaci\u00f3n del sitio <a href=\"https:\/\/www.carbonbrief.org\/analysis-which-countries-are-historically-responsible-for-climate-change\" aria-label=\"Carbon Brief, externo\" class=\"bbc-n8oauk e1cs6q200\">Carbon Brief<\/a>.<\/p>\n<\/div>\n<p><h2 id=\"Qu\u00e9-se-espera-de-la-cumbre\" tabindex=\"-1\" class=\"bbc-l3e97o e14hemmw0\">\u00bfQu\u00e9 se espera de la cumbre?<\/h2>\n<\/p>\n<div dir=\"ltr\" class=\"bbc-19j92fr e57qer20\" readability=\"9\">\n<p dir=\"ltr\" class=\"bbc-bm53ic e1cc2ql70\">&#8220;Me gustar\u00eda ver planes para &#8216;p\u00e9rdidas y da\u00f1os&#8217; que tengan una perspectiva de derechos humanos y de justicia&#8221;, afirma Alejandra G\u00e1lvez.<\/p>\n<\/div>\n<div dir=\"ltr\" class=\"bbc-19j92fr e57qer20\" readability=\"13\">\n<p dir=\"ltr\" class=\"bbc-bm53ic e1cc2ql70\"> &#8220;Yo quiero ver planes y estrategias concretas de financiamiento clim\u00e1tico para da\u00f1os y reparaciones, quiero saber que existe un plan de descarbonizaci\u00f3n, y quiero ver planes de c\u00f3mo se mantendr\u00e1n a los combustibles f\u00f3siles en el suelo. Todo eso de manera en la que nadie se quede atr\u00e1s&#8221;, se\u00f1ala Jos\u00e9 Villalobos.<\/p>\n<\/div>\n<div dir=\"ltr\" class=\"bbc-1ka88fa e57qer20\">\n<figure class=\"bbc-1qdcvv9 e6bmn90\">\n<div dir=\"ltr\" class=\"bbc-172p16q e57qer20\">\n<div dir=\"ltr\" class=\"bbc-189y18v e57qer20\" readability=\"6.5\">\n<div data-e2e=\"image-placeholder\" class=\"bbc-997y1y e1whu0\" readability=\"8\"><noscript><img loading=\"lazy\" srcset=\"http:\/\/cordobadirecto.com\/wp-content\/uploads\/2021\/11\/cop26-por-que-15-es-el-numero-mas-importante-y-otras-3-claves-de-la-cumbre-de-cambio-climatico-en-glasgow-56.jpg 240w, http:\/\/cordobadirecto.com\/wp-content\/uploads\/2021\/11\/cop26-por-que-15-es-el-numero-mas-importante-y-otras-3-claves-de-la-cumbre-de-cambio-climatico-en-glasgow-57.jpg 320w, http:\/\/cordobadirecto.com\/wp-content\/uploads\/2021\/11\/cop26-por-que-15-es-el-numero-mas-importante-y-otras-3-claves-de-la-cumbre-de-cambio-climatico-en-glasgow-58.jpg 480w, http:\/\/cordobadirecto.com\/wp-content\/uploads\/2021\/11\/cop26-por-que-15-es-el-numero-mas-importante-y-otras-3-claves-de-la-cumbre-de-cambio-climatico-en-glasgow-59.jpg 624w, http:\/\/cordobadirecto.com\/wp-content\/uploads\/2021\/11\/cop26-por-que-15-es-el-numero-mas-importante-y-otras-3-claves-de-la-cumbre-de-cambio-climatico-en-glasgow-60.jpg 800w\" alt=\"Alejandra G\u00e1lvez y Jos\u00e9 Villalobos\" src=\"http:\/\/cordobadirecto.com\/wp-content\/uploads\/2021\/11\/cop26-por-que-15-es-el-numero-mas-importante-y-otras-3-claves-de-la-cumbre-de-cambio-climatico-en-glasgow-9.jpg\" sizes=\"(min-width: 1008px) 645px, 100vw\" width=\"976\" height=\"549\" class=\"eehpdyc0 bbc-100dhyn e1enwo3v0\"><\/noscript><\/p>\n<p role=\"text\" class=\"bbc-1s1cxbv etq3yw90\"><span class=\"bbc-1gnhmg2 e1yt7oin0\">Fuente de la imagen, <\/span><span lang=\"en-GB\">Gentileza A. G\u00e1lvez y J. Villalobos<\/span><\/p>\n<\/div>\n<\/div>\n<div dir=\"ltr\" class=\"bbc-3edg7g e57qer20\" readability=\"6.5\"><figcaption dir=\"ltr\" class=\"bbc-1t9zlwf eede9f50\" readability=\"3\"><span class=\"bbc-1gnhmg2 e1yt7oin0\">Pie de foto, <\/span><\/p>\n<p>Alejandra G\u00e1lvez y Jos\u00e9 Villalobos integran la delegaci\u00f3n a la COP26 de Viernes por el Futuro M\u00e9xico.<\/p>\n<\/figcaption><\/div>\n<\/div>\n<\/figure>\n<\/div>\n<div dir=\"ltr\" class=\"bbc-19j92fr e57qer20\" readability=\"11\">\n<p dir=\"ltr\" class=\"bbc-bm53ic e1cc2ql70\">Anaid Velasco afirma que ante el &#8220;<b>estado de emergencia que vive la humanidad y el planeta<\/b>&#8220;, los pa\u00edses &#8220;deber\u00edan presentar compromisos de reducci\u00f3n de emisiones mucho m\u00e1s ambiciosos (lo cual implica &#8216;apagar el interruptor&#8217; a los proyectos basados en fuentes f\u00f3siles) y una mayor asunci\u00f3n de responsabilidad frente a las p\u00e9rdidas y los da\u00f1os que est\u00e1n viviendo las naciones m\u00e1s vulnerables&#8221;.<\/p>\n<\/div>\n<div dir=\"ltr\" class=\"bbc-19j92fr e57qer20\" readability=\"9\">\n<p dir=\"ltr\" class=\"bbc-bm53ic e1cc2ql70\">Para Carlos Nobre, &#8220;se deben crear las condiciones para una r\u00e1pida transici\u00f3n del sistema econ\u00f3mico global actual a una <b>innovadora econom\u00eda de bajo carbono<\/b>&#8220;.<\/p>\n<\/div>\n<div dir=\"ltr\" class=\"bbc-19j92fr e57qer20\" readability=\"7\">\n<p dir=\"ltr\" class=\"bbc-bm53ic e1cc2ql70\">Y es hora de ir m\u00e1s all\u00e1 de las promesas. <\/p>\n<\/div>\n<div dir=\"ltr\" class=\"bbc-19j92fr e57qer20\" readability=\"12\">\n<p dir=\"ltr\" class=\"bbc-bm53ic e1cc2ql70\">&#8220;Por ejemplo, Brasil tiene hoy emisiones per c\u00e1pita de 9,5 toneladas de CO2 y metas de reducci\u00f3n para cerca de 5 toneladas para 2030. Pero las emisiones de Brasil vienen creciendo hace muchos a\u00f1os <b>y fue uno de los pocos pa\u00edses cuyas emisiones aumentaron durante la pandemia<\/b> en 2020 por la desforestaci\u00f3n en la Amazonia y las emisiones de la agricultura&#8221;.<\/p>\n<\/div>\n<div dir=\"ltr\" class=\"bbc-19j92fr e57qer20\" readability=\"8\">\n<p dir=\"ltr\" class=\"bbc-bm53ic e1cc2ql70\">&#8220;Los j\u00f3venes tienen raz\u00f3n en no aceptar compromisos urgentemente necesarios que la mayor\u00eda de los pa\u00edses prometen en las COP pero ignoran casi en su totalidad a la hora de implementarlos&#8221;.<\/p>\n<\/div>\n<div dir=\"ltr\" class=\"bbc-1ka88fa e57qer20\">\n<figure class=\"bbc-1qdcvv9 e6bmn90\">\n<div dir=\"ltr\" class=\"bbc-172p16q e57qer20\">\n<div dir=\"ltr\" class=\"bbc-189y18v e57qer20\">\n<div data-e2e=\"image-placeholder\" class=\"bbc-997y1y e1whu0\"><noscript><img loading=\"lazy\" srcset=\"http:\/\/cordobadirecto.com\/wp-content\/uploads\/2021\/11\/cop26-por-que-15-es-el-numero-mas-importante-y-otras-3-claves-de-la-cumbre-de-cambio-climatico-en-glasgow-61.jpg 240w, http:\/\/cordobadirecto.com\/wp-content\/uploads\/2021\/11\/cop26-por-que-15-es-el-numero-mas-importante-y-otras-3-claves-de-la-cumbre-de-cambio-climatico-en-glasgow-62.jpg 320w, http:\/\/cordobadirecto.com\/wp-content\/uploads\/2021\/11\/cop26-por-que-15-es-el-numero-mas-importante-y-otras-3-claves-de-la-cumbre-de-cambio-climatico-en-glasgow-63.jpg 464w\" alt=\"L\u00ednea\" src=\"http:\/\/cordobadirecto.com\/wp-content\/uploads\/2021\/11\/cop26-por-que-15-es-el-numero-mas-importante-y-otras-3-claves-de-la-cumbre-de-cambio-climatico-en-glasgow-10.jpg\" sizes=\"(min-width: 1008px) 645px, 100vw\" width=\"464\" height=\"2\" class=\"eehpdyc0 bbc-100dhyn e1enwo3v0\"><\/noscript><\/div>\n<\/div>\n<\/div>\n<\/figure>\n<\/div>\n<div dir=\"ltr\" class=\"bbc-19j92fr e57qer20\" readability=\"8\">\n<p dir=\"ltr\" class=\"bbc-bm53ic e1cc2ql70\"><i class=\"bbc-h1y5j7 ewc4zcb0\">Ahora puedes recibir notificaciones de BBC Mundo. Descarga la nueva versi\u00f3n de nuestra app y act\u00edvalas para no perderte nuestro mejor contenido.<\/i><\/p>\n<\/div>\n","protected":false},"excerpt":{"rendered":"<p>Alejandra Martins BBC News Mundo 11 minutos Fuente de la imagen, Getty Images Pie de foto, Eventos como inundaciones, huracanes y sequ\u00edas se est\u00e1n volviendo m\u00e1s frecuentes e intensos con el cambio clim\u00e1tico. Dado lo que est\u00e1 en juego, es uno de los encuentros m\u00e1s importantes de la historia. \u00bfSu tema central?: qu\u00e9 har\u00e1n los [&hellip;]<\/p>\n","protected":false},"author":1,"featured_media":25850,"comment_status":"closed","ping_status":"closed","sticky":false,"template":"","format":"standard","meta":[],"categories":[24],"tags":[],"_links":{"self":[{"href":"http:\/\/cordobadirecto.com\/index.php\/wp-json\/wp\/v2\/posts\/25849"}],"collection":[{"href":"http:\/\/cordobadirecto.com\/index.php\/wp-json\/wp\/v2\/posts"}],"about":[{"href":"http:\/\/cordobadirecto.com\/index.php\/wp-json\/wp\/v2\/types\/post"}],"author":[{"embeddable":true,"href":"http:\/\/cordobadirecto.com\/index.php\/wp-json\/wp\/v2\/users\/1"}],"replies":[{"embeddable":true,"href":"http:\/\/cordobadirecto.com\/index.php\/wp-json\/wp\/v2\/comments?post=25849"}],"version-history":[{"count":0,"href":"http:\/\/cordobadirecto.com\/index.php\/wp-json\/wp\/v2\/posts\/25849\/revisions"}],"wp:featuredmedia":[{"embeddable":true,"href":"http:\/\/cordobadirecto.com\/index.php\/wp-json\/wp\/v2\/media\/25850"}],"wp:attachment":[{"href":"http:\/\/cordobadirecto.com\/index.php\/wp-json\/wp\/v2\/media?parent=25849"}],"wp:term":[{"taxonomy":"category","embeddable":true,"href":"http:\/\/cordobadirecto.com\/index.php\/wp-json\/wp\/v2\/categories?post=25849"},{"taxonomy":"post_tag","embeddable":true,"href":"http:\/\/cordobadirecto.com\/index.php\/wp-json\/wp\/v2\/tags?post=25849"}],"curies":[{"name":"wp","href":"https:\/\/api.w.org\/{rel}","templated":true}]}}