{"id":2593,"date":"2021-03-05T07:30:27","date_gmt":"2021-03-05T07:30:27","guid":{"rendered":"https:\/\/www.ole.com.ar\/futbol-ascenso\/belgrano-general-paz-juniors_0_feh4YJGSH.html"},"modified":"2021-03-05T07:30:27","modified_gmt":"2021-03-05T07:30:27","slug":"a-puro-baile","status":"publish","type":"post","link":"http:\/\/cordobadirecto.com\/index.php\/2021\/03\/05\/a-puro-baile\/","title":{"rendered":"\u00a1A puro baile!"},"content":{"rendered":"<div><img src=\"http:\/\/cordobadirecto.com\/wp-content\/uploads\/2021\/03\/a-puro-baile.jpg\" class=\"ff-og-image-inserted\"><\/div>\n<p>En el predio Armando Perez, Belgrano demostr\u00f3 un excelente nivel ante General Paz Juniors de C\u00f3rdoba en dos cruces de 60 minutos cada uno. En el primer partido golearon 3-0 con&nbsp;dos goles de Pablo Vegetti y el restante de Ulises S\u00e1nchez, y en el segundo duelo fue 5-0 con goles de Rodrigo G\u00f3mez, Agust\u00edn Colazo, Bruno Zapelli -en dos ocasiones- y Ger\u00f3nimo Tomasetti. Orfila respira muy aliviado antes del debut oficial del Pirata.&nbsp;<\/p>\n<p><strong>Belgrano<\/strong>: Nahuel Losada, Juan Barinaga, Ezequiel Gonz\u00e1lez, Nahuel Tecilla y Axel Ochoa, Hern\u00e1n Bernardello, Valent\u00edn Barbero y Tom\u00e1s Asprea, Juan Pablo Ruiz G\u00f3mez ,Pablo Vegetti y Ulises S\u00e1nchez. DT: Alejandro Orfila.<\/p>\n<p> <strong>General Paz Juniors<\/strong>: Dino Oliva; Marco Fermanelli, Emiliano Castro, Lautaro Berrina, Luca Frenguelli; Valent\u00edn Mira, Mat\u00edas Ju\u00e1rez, Agust\u00edn Fazzio; Luciano Copetti; Julian Garbinoy Gabriel Su\u00e1rez. DT: C\u00e9sar Zabala.<\/p>\n<div class=\"entry-tags\">\n<h2>TEMAS QUE APARECEN EN ESTA NOTA<\/h2>\n<\/p><\/div>\n","protected":false},"excerpt":{"rendered":"<p>En el predio Armando Perez, Belgrano demostr\u00f3 un excelente nivel ante General Paz Juniors de C\u00f3rdoba en dos cruces de 60 minutos cada uno. En el primer partido golearon 3-0 con&nbsp;dos goles de Pablo Vegetti y el restante de Ulises S\u00e1nchez, y en el segundo duelo fue 5-0 con goles de Rodrigo G\u00f3mez, Agust\u00edn Colazo, [&hellip;]<\/p>\n","protected":false},"author":1,"featured_media":2594,"comment_status":"closed","ping_status":"closed","sticky":false,"template":"","format":"standard","meta":[],"categories":[21],"tags":[],"_links":{"self":[{"href":"http:\/\/cordobadirecto.com\/index.php\/wp-json\/wp\/v2\/posts\/2593"}],"collection":[{"href":"http:\/\/cordobadirecto.com\/index.php\/wp-json\/wp\/v2\/posts"}],"about":[{"href":"http:\/\/cordobadirecto.com\/index.php\/wp-json\/wp\/v2\/types\/post"}],"author":[{"embeddable":true,"href":"http:\/\/cordobadirecto.com\/index.php\/wp-json\/wp\/v2\/users\/1"}],"replies":[{"embeddable":true,"href":"http:\/\/cordobadirecto.com\/index.php\/wp-json\/wp\/v2\/comments?post=2593"}],"version-history":[{"count":0,"href":"http:\/\/cordobadirecto.com\/index.php\/wp-json\/wp\/v2\/posts\/2593\/revisions"}],"wp:featuredmedia":[{"embeddable":true,"href":"http:\/\/cordobadirecto.com\/index.php\/wp-json\/wp\/v2\/media\/2594"}],"wp:attachment":[{"href":"http:\/\/cordobadirecto.com\/index.php\/wp-json\/wp\/v2\/media?parent=2593"}],"wp:term":[{"taxonomy":"category","embeddable":true,"href":"http:\/\/cordobadirecto.com\/index.php\/wp-json\/wp\/v2\/categories?post=2593"},{"taxonomy":"post_tag","embeddable":true,"href":"http:\/\/cordobadirecto.com\/index.php\/wp-json\/wp\/v2\/tags?post=2593"}],"curies":[{"name":"wp","href":"https:\/\/api.w.org\/{rel}","templated":true}]}}