{"id":25975,"date":"2021-11-01T10:07:23","date_gmt":"2021-11-01T10:07:23","guid":{"rendered":"https:\/\/puntoapunto.com.ar\/?p=318117"},"modified":"2021-11-01T10:07:23","modified_gmt":"2021-11-01T10:07:23","slug":"el-premio-de-la-comunidad-de-negocios-que-marca-tendencia","status":"publish","type":"post","link":"http:\/\/cordobadirecto.com\/index.php\/2021\/11\/01\/el-premio-de-la-comunidad-de-negocios-que-marca-tendencia\/","title":{"rendered":"El premio de la comunidad de negocios que marca tendencia"},"content":{"rendered":"<p>Un cl\u00e1sico que no pierde vigencia. El Empresario del A\u00f1o se destac\u00f3 desde su primera<br \/>edici\u00f3n, en 1998 y es el preferido de la comunidad de negocios de C\u00f3rdoba. Cuatro<br \/>claves para tomar dimensi\u00f3n del certamen.<\/p>\n<h5><strong>1-La elecci\u00f3n de los pares (desde 1998).<\/strong><\/h5>\n<p>Los suscriptores primero y los lectores registrados en la actualidad conforman la<br \/>comunidad de negocios m\u00e1s s\u00f3lida de C\u00f3rdoba. La editorial del primer Empresario del<br \/>A\u00f1o se enfoc\u00f3 en el \u201cvoto de los pares\u201d. Y desde ese n\u00famero, se pens\u00f3 como un cl\u00e1sico<br \/>de los fines de a\u00f1o.<\/p>\n<p><img loading=\"lazy\" class=\"alignnone size-medium wp-image-318118\" src=\"http:\/\/cordobadirecto.com\/wp-content\/uploads\/2021\/11\/el-premio-de-la-comunidad-de-negocios-que-marca-tendencia.jpg\" alt width=\"209\" height=\"300\" srcset=\"http:\/\/cordobadirecto.com\/wp-content\/uploads\/2021\/11\/el-premio-de-la-comunidad-de-negocios-que-marca-tendencia.jpg 209w, http:\/\/cordobadirecto.com\/wp-content\/uploads\/2021\/11\/el-premio-de-la-comunidad-de-negocios-que-marca-tendencia-9.jpg 712w, http:\/\/cordobadirecto.com\/wp-content\/uploads\/2021\/11\/el-premio-de-la-comunidad-de-negocios-que-marca-tendencia-10.jpg 768w, http:\/\/cordobadirecto.com\/wp-content\/uploads\/2021\/11\/el-premio-de-la-comunidad-de-negocios-que-marca-tendencia-11.jpg 1069w, http:\/\/cordobadirecto.com\/wp-content\/uploads\/2021\/11\/el-premio-de-la-comunidad-de-negocios-que-marca-tendencia-12.jpg 150w, http:\/\/cordobadirecto.com\/wp-content\/uploads\/2021\/11\/el-premio-de-la-comunidad-de-negocios-que-marca-tendencia-13.jpg 696w, http:\/\/cordobadirecto.com\/wp-content\/uploads\/2021\/11\/el-premio-de-la-comunidad-de-negocios-que-marca-tendencia-14.jpg 1068w, http:\/\/cordobadirecto.com\/wp-content\/uploads\/2021\/11\/el-premio-de-la-comunidad-de-negocios-que-marca-tendencia-15.jpg 292w, http:\/\/cordobadirecto.com\/wp-content\/uploads\/2021\/11\/el-premio-de-la-comunidad-de-negocios-que-marca-tendencia-16.jpg 1315w\" sizes=\"(max-width: 209px) 100vw, 209px\"> <img loading=\"lazy\" class=\"alignnone size-medium wp-image-318119\" src=\"http:\/\/cordobadirecto.com\/wp-content\/uploads\/2021\/11\/el-premio-de-la-comunidad-de-negocios-que-marca-tendencia-1.jpg\" alt width=\"205\" height=\"300\" srcset=\"http:\/\/cordobadirecto.com\/wp-content\/uploads\/2021\/11\/el-premio-de-la-comunidad-de-negocios-que-marca-tendencia-1.jpg 205w, http:\/\/cordobadirecto.com\/wp-content\/uploads\/2021\/11\/el-premio-de-la-comunidad-de-negocios-que-marca-tendencia-17.jpg 699w, http:\/\/cordobadirecto.com\/wp-content\/uploads\/2021\/11\/el-premio-de-la-comunidad-de-negocios-que-marca-tendencia-18.jpg 768w, http:\/\/cordobadirecto.com\/wp-content\/uploads\/2021\/11\/el-premio-de-la-comunidad-de-negocios-que-marca-tendencia-19.jpg 1048w, http:\/\/cordobadirecto.com\/wp-content\/uploads\/2021\/11\/el-premio-de-la-comunidad-de-negocios-que-marca-tendencia-20.jpg 150w, http:\/\/cordobadirecto.com\/wp-content\/uploads\/2021\/11\/el-premio-de-la-comunidad-de-negocios-que-marca-tendencia-21.jpg 696w, http:\/\/cordobadirecto.com\/wp-content\/uploads\/2021\/11\/el-premio-de-la-comunidad-de-negocios-que-marca-tendencia-22.jpg 1068w, http:\/\/cordobadirecto.com\/wp-content\/uploads\/2021\/11\/el-premio-de-la-comunidad-de-negocios-que-marca-tendencia-23.jpg 287w, http:\/\/cordobadirecto.com\/wp-content\/uploads\/2021\/11\/el-premio-de-la-comunidad-de-negocios-que-marca-tendencia-24.jpg 1290w\" sizes=\"(max-width: 205px) 100vw, 205px\"> <img loading=\"lazy\" class=\"alignnone size-medium wp-image-318120\" src=\"http:\/\/cordobadirecto.com\/wp-content\/uploads\/2021\/11\/el-premio-de-la-comunidad-de-negocios-que-marca-tendencia-2.jpg\" alt width=\"209\" height=\"300\" srcset=\"http:\/\/cordobadirecto.com\/wp-content\/uploads\/2021\/11\/el-premio-de-la-comunidad-de-negocios-que-marca-tendencia-2.jpg 209w, http:\/\/cordobadirecto.com\/wp-content\/uploads\/2021\/11\/el-premio-de-la-comunidad-de-negocios-que-marca-tendencia-25.jpg 150w, http:\/\/cordobadirecto.com\/wp-content\/uploads\/2021\/11\/el-premio-de-la-comunidad-de-negocios-que-marca-tendencia-26.jpg 292w, http:\/\/cordobadirecto.com\/wp-content\/uploads\/2021\/11\/el-premio-de-la-comunidad-de-negocios-que-marca-tendencia-27.jpg 657w\" sizes=\"(max-width: 209px) 100vw, 209px\"><\/p>\n<h5><strong>2-Otra forma de mostrar a los empresarios<\/strong><\/h5>\n<p>Con Fino Pizarro como abanderado, los hombres y mujeres de negocios comenzaron a<br \/>tener visibilidad con la irrupci\u00f3n de Punto a Punto. Mucho m\u00e1s con El Empresario del<br \/>A\u00f1o. Las producciones fotogr\u00e1ficas de alto impacto ya son un cl\u00e1sico en las ediciones<br \/>especiales. Sin las fotos de Fino, no cierra el combo.<\/p>\n<h5><strong>3-Un premio que prestigia<\/strong><\/h5>\n<p>Luis Pagani, Euclides Bugliotti, David Ruda, Jos\u00e9 Porta, Mar\u00eda P\u00eda Astori, Miguel De<br \/>Biassi, Am\u00e9rico Alladio, Marcelo Olmedo, Rosana Negrini, Alejandro Asrin, Mario<br \/>Barra y Juan Carlos Rabbat, son s\u00f3lo algunos de los que se quedaron con el premio<br \/>mayor, pero hay muchos m\u00e1s que ganaron al quedar ternados a lo largo de estos a\u00f1os.<\/p>\n<p><img loading=\"lazy\" class=\"alignnone size-medium wp-image-318121\" src=\"http:\/\/cordobadirecto.com\/wp-content\/uploads\/2021\/11\/el-premio-de-la-comunidad-de-negocios-que-marca-tendencia-3.jpg\" alt width=\"209\" height=\"300\" srcset=\"http:\/\/cordobadirecto.com\/wp-content\/uploads\/2021\/11\/el-premio-de-la-comunidad-de-negocios-que-marca-tendencia-3.jpg 209w, http:\/\/cordobadirecto.com\/wp-content\/uploads\/2021\/11\/el-premio-de-la-comunidad-de-negocios-que-marca-tendencia-28.jpg 712w, http:\/\/cordobadirecto.com\/wp-content\/uploads\/2021\/11\/el-premio-de-la-comunidad-de-negocios-que-marca-tendencia-29.jpg 768w, http:\/\/cordobadirecto.com\/wp-content\/uploads\/2021\/11\/el-premio-de-la-comunidad-de-negocios-que-marca-tendencia-30.jpg 150w, http:\/\/cordobadirecto.com\/wp-content\/uploads\/2021\/11\/el-premio-de-la-comunidad-de-negocios-que-marca-tendencia-31.jpg 696w, http:\/\/cordobadirecto.com\/wp-content\/uploads\/2021\/11\/el-premio-de-la-comunidad-de-negocios-que-marca-tendencia-32.jpg 292w, http:\/\/cordobadirecto.com\/wp-content\/uploads\/2021\/11\/el-premio-de-la-comunidad-de-negocios-que-marca-tendencia-33.jpg 919w\" sizes=\"(max-width: 209px) 100vw, 209px\"> <img loading=\"lazy\" class=\"alignnone size-medium wp-image-318122\" src=\"http:\/\/cordobadirecto.com\/wp-content\/uploads\/2021\/11\/el-premio-de-la-comunidad-de-negocios-que-marca-tendencia-4.jpg\" alt width=\"214\" height=\"300\" srcset=\"http:\/\/cordobadirecto.com\/wp-content\/uploads\/2021\/11\/el-premio-de-la-comunidad-de-negocios-que-marca-tendencia-4.jpg 214w, http:\/\/cordobadirecto.com\/wp-content\/uploads\/2021\/11\/el-premio-de-la-comunidad-de-negocios-que-marca-tendencia-34.jpg 730w, http:\/\/cordobadirecto.com\/wp-content\/uploads\/2021\/11\/el-premio-de-la-comunidad-de-negocios-que-marca-tendencia-35.jpg 768w, http:\/\/cordobadirecto.com\/wp-content\/uploads\/2021\/11\/el-premio-de-la-comunidad-de-negocios-que-marca-tendencia-36.jpg 1096w, http:\/\/cordobadirecto.com\/wp-content\/uploads\/2021\/11\/el-premio-de-la-comunidad-de-negocios-que-marca-tendencia-37.jpg 150w, http:\/\/cordobadirecto.com\/wp-content\/uploads\/2021\/11\/el-premio-de-la-comunidad-de-negocios-que-marca-tendencia-38.jpg 696w, http:\/\/cordobadirecto.com\/wp-content\/uploads\/2021\/11\/el-premio-de-la-comunidad-de-negocios-que-marca-tendencia-39.jpg 1068w, http:\/\/cordobadirecto.com\/wp-content\/uploads\/2021\/11\/el-premio-de-la-comunidad-de-negocios-que-marca-tendencia-40.jpg 300w, http:\/\/cordobadirecto.com\/wp-content\/uploads\/2021\/11\/el-premio-de-la-comunidad-de-negocios-que-marca-tendencia-41.jpg 1348w\" sizes=\"(max-width: 214px) 100vw, 214px\"> <img loading=\"lazy\" class=\"alignnone size-medium wp-image-318123\" src=\"http:\/\/cordobadirecto.com\/wp-content\/uploads\/2021\/11\/el-premio-de-la-comunidad-de-negocios-que-marca-tendencia-5.jpg\" alt width=\"209\" height=\"300\" srcset=\"http:\/\/cordobadirecto.com\/wp-content\/uploads\/2021\/11\/el-premio-de-la-comunidad-de-negocios-que-marca-tendencia-5.jpg 209w, http:\/\/cordobadirecto.com\/wp-content\/uploads\/2021\/11\/el-premio-de-la-comunidad-de-negocios-que-marca-tendencia-42.jpg 713w, http:\/\/cordobadirecto.com\/wp-content\/uploads\/2021\/11\/el-premio-de-la-comunidad-de-negocios-que-marca-tendencia-43.jpg 768w, http:\/\/cordobadirecto.com\/wp-content\/uploads\/2021\/11\/el-premio-de-la-comunidad-de-negocios-que-marca-tendencia-44.jpg 1070w, http:\/\/cordobadirecto.com\/wp-content\/uploads\/2021\/11\/el-premio-de-la-comunidad-de-negocios-que-marca-tendencia-45.jpg 150w, http:\/\/cordobadirecto.com\/wp-content\/uploads\/2021\/11\/el-premio-de-la-comunidad-de-negocios-que-marca-tendencia-46.jpg 696w, http:\/\/cordobadirecto.com\/wp-content\/uploads\/2021\/11\/el-premio-de-la-comunidad-de-negocios-que-marca-tendencia-47.jpg 1068w, http:\/\/cordobadirecto.com\/wp-content\/uploads\/2021\/11\/el-premio-de-la-comunidad-de-negocios-que-marca-tendencia-48.jpg 293w, http:\/\/cordobadirecto.com\/wp-content\/uploads\/2021\/11\/el-premio-de-la-comunidad-de-negocios-que-marca-tendencia-49.jpg 1152w\" sizes=\"(max-width: 209px) 100vw, 209px\"><\/p>\n<h5><strong>4-Un encuentro incomparable<\/strong><\/h5>\n<p>Antes de la pandemia, la fiesta de gala era el evento social m\u00e1s esperado. En estos<br \/>tiempos, la reconversi\u00f3n oblig\u00f3 a organizar un encuentro al aire libre pero con mucho<br \/>estilo. La pandemia no impidi\u00f3 ese encuentro en 2020 y este a\u00f1o se repetir\u00e1, con m\u00e1s<br \/>invitados pero siguiendo la l\u00ednea del a\u00f1o pasado.<\/p>\n<p><img loading=\"lazy\" class=\"alignnone size-medium wp-image-318124\" src=\"http:\/\/cordobadirecto.com\/wp-content\/uploads\/2021\/11\/el-premio-de-la-comunidad-de-negocios-que-marca-tendencia-6.jpg\" alt width=\"209\" height=\"300\" srcset=\"http:\/\/cordobadirecto.com\/wp-content\/uploads\/2021\/11\/el-premio-de-la-comunidad-de-negocios-que-marca-tendencia-6.jpg 209w, http:\/\/cordobadirecto.com\/wp-content\/uploads\/2021\/11\/el-premio-de-la-comunidad-de-negocios-que-marca-tendencia-50.jpg 713w, http:\/\/cordobadirecto.com\/wp-content\/uploads\/2021\/11\/el-premio-de-la-comunidad-de-negocios-que-marca-tendencia-51.jpg 768w, http:\/\/cordobadirecto.com\/wp-content\/uploads\/2021\/11\/el-premio-de-la-comunidad-de-negocios-que-marca-tendencia-52.jpg 1070w, http:\/\/cordobadirecto.com\/wp-content\/uploads\/2021\/11\/el-premio-de-la-comunidad-de-negocios-que-marca-tendencia-53.jpg 150w, http:\/\/cordobadirecto.com\/wp-content\/uploads\/2021\/11\/el-premio-de-la-comunidad-de-negocios-que-marca-tendencia-54.jpg 696w, http:\/\/cordobadirecto.com\/wp-content\/uploads\/2021\/11\/el-premio-de-la-comunidad-de-negocios-que-marca-tendencia-55.jpg 1068w, http:\/\/cordobadirecto.com\/wp-content\/uploads\/2021\/11\/el-premio-de-la-comunidad-de-negocios-que-marca-tendencia-56.jpg 293w, http:\/\/cordobadirecto.com\/wp-content\/uploads\/2021\/11\/el-premio-de-la-comunidad-de-negocios-que-marca-tendencia-57.jpg 1152w\" sizes=\"(max-width: 209px) 100vw, 209px\"> <img loading=\"lazy\" class=\"alignnone size-medium wp-image-318125\" src=\"http:\/\/cordobadirecto.com\/wp-content\/uploads\/2021\/11\/el-premio-de-la-comunidad-de-negocios-que-marca-tendencia-7.jpg\" alt width=\"209\" height=\"300\" srcset=\"http:\/\/cordobadirecto.com\/wp-content\/uploads\/2021\/11\/el-premio-de-la-comunidad-de-negocios-que-marca-tendencia-7.jpg 209w, http:\/\/cordobadirecto.com\/wp-content\/uploads\/2021\/11\/el-premio-de-la-comunidad-de-negocios-que-marca-tendencia-58.jpg 713w, http:\/\/cordobadirecto.com\/wp-content\/uploads\/2021\/11\/el-premio-de-la-comunidad-de-negocios-que-marca-tendencia-59.jpg 768w, http:\/\/cordobadirecto.com\/wp-content\/uploads\/2021\/11\/el-premio-de-la-comunidad-de-negocios-que-marca-tendencia-60.jpg 1070w, http:\/\/cordobadirecto.com\/wp-content\/uploads\/2021\/11\/el-premio-de-la-comunidad-de-negocios-que-marca-tendencia-61.jpg 150w, http:\/\/cordobadirecto.com\/wp-content\/uploads\/2021\/11\/el-premio-de-la-comunidad-de-negocios-que-marca-tendencia-62.jpg 696w, http:\/\/cordobadirecto.com\/wp-content\/uploads\/2021\/11\/el-premio-de-la-comunidad-de-negocios-que-marca-tendencia-63.jpg 1068w, http:\/\/cordobadirecto.com\/wp-content\/uploads\/2021\/11\/el-premio-de-la-comunidad-de-negocios-que-marca-tendencia-64.jpg 293w, http:\/\/cordobadirecto.com\/wp-content\/uploads\/2021\/11\/el-premio-de-la-comunidad-de-negocios-que-marca-tendencia-65.jpg 1152w\" sizes=\"(max-width: 209px) 100vw, 209px\"> <img loading=\"lazy\" class=\"alignnone size-medium wp-image-318126\" src=\"http:\/\/cordobadirecto.com\/wp-content\/uploads\/2021\/11\/el-premio-de-la-comunidad-de-negocios-que-marca-tendencia-8.jpg\" alt width=\"209\" height=\"300\" srcset=\"http:\/\/cordobadirecto.com\/wp-content\/uploads\/2021\/11\/el-premio-de-la-comunidad-de-negocios-que-marca-tendencia-8.jpg 209w, http:\/\/cordobadirecto.com\/wp-content\/uploads\/2021\/11\/el-premio-de-la-comunidad-de-negocios-que-marca-tendencia-66.jpg 713w, http:\/\/cordobadirecto.com\/wp-content\/uploads\/2021\/11\/el-premio-de-la-comunidad-de-negocios-que-marca-tendencia-67.jpg 768w, http:\/\/cordobadirecto.com\/wp-content\/uploads\/2021\/11\/el-premio-de-la-comunidad-de-negocios-que-marca-tendencia-68.jpg 1070w, http:\/\/cordobadirecto.com\/wp-content\/uploads\/2021\/11\/el-premio-de-la-comunidad-de-negocios-que-marca-tendencia-69.jpg 150w, http:\/\/cordobadirecto.com\/wp-content\/uploads\/2021\/11\/el-premio-de-la-comunidad-de-negocios-que-marca-tendencia-70.jpg 696w, http:\/\/cordobadirecto.com\/wp-content\/uploads\/2021\/11\/el-premio-de-la-comunidad-de-negocios-que-marca-tendencia-71.jpg 1068w, http:\/\/cordobadirecto.com\/wp-content\/uploads\/2021\/11\/el-premio-de-la-comunidad-de-negocios-que-marca-tendencia-72.jpg 293w, http:\/\/cordobadirecto.com\/wp-content\/uploads\/2021\/11\/el-premio-de-la-comunidad-de-negocios-que-marca-tendencia-73.jpg 1152w\" sizes=\"(max-width: 209px) 100vw, 209px\"><\/p>\n","protected":false},"excerpt":{"rendered":"<p>Un cl\u00e1sico que no pierde vigencia. El Empresario del A\u00f1o se destac\u00f3 desde su primeraedici\u00f3n, en 1998 y es el preferido de la comunidad de negocios de C\u00f3rdoba. Cuatroclaves para tomar dimensi\u00f3n del certamen. 1-La elecci\u00f3n de los pares (desde 1998). Los suscriptores primero y los lectores registrados en la actualidad conforman lacomunidad de negocios [&hellip;]<\/p>\n","protected":false},"author":1,"featured_media":25976,"comment_status":"closed","ping_status":"closed","sticky":false,"template":"","format":"standard","meta":[],"categories":[25],"tags":[],"_links":{"self":[{"href":"http:\/\/cordobadirecto.com\/index.php\/wp-json\/wp\/v2\/posts\/25975"}],"collection":[{"href":"http:\/\/cordobadirecto.com\/index.php\/wp-json\/wp\/v2\/posts"}],"about":[{"href":"http:\/\/cordobadirecto.com\/index.php\/wp-json\/wp\/v2\/types\/post"}],"author":[{"embeddable":true,"href":"http:\/\/cordobadirecto.com\/index.php\/wp-json\/wp\/v2\/users\/1"}],"replies":[{"embeddable":true,"href":"http:\/\/cordobadirecto.com\/index.php\/wp-json\/wp\/v2\/comments?post=25975"}],"version-history":[{"count":0,"href":"http:\/\/cordobadirecto.com\/index.php\/wp-json\/wp\/v2\/posts\/25975\/revisions"}],"wp:featuredmedia":[{"embeddable":true,"href":"http:\/\/cordobadirecto.com\/index.php\/wp-json\/wp\/v2\/media\/25976"}],"wp:attachment":[{"href":"http:\/\/cordobadirecto.com\/index.php\/wp-json\/wp\/v2\/media?parent=25975"}],"wp:term":[{"taxonomy":"category","embeddable":true,"href":"http:\/\/cordobadirecto.com\/index.php\/wp-json\/wp\/v2\/categories?post=25975"},{"taxonomy":"post_tag","embeddable":true,"href":"http:\/\/cordobadirecto.com\/index.php\/wp-json\/wp\/v2\/tags?post=25975"}],"curies":[{"name":"wp","href":"https:\/\/api.w.org\/{rel}","templated":true}]}}