{"id":25977,"date":"2021-11-01T05:25:20","date_gmt":"2021-11-01T05:25:20","guid":{"rendered":"http:\/\/cordobadirecto.com\/index.php\/2021\/11\/01\/la-economia-argentina-es-la-que-menos-se-recupero-en-la-region-diario-el-litoral\/"},"modified":"2021-11-01T05:25:20","modified_gmt":"2021-11-01T05:25:20","slug":"la-economia-argentina-es-la-que-menos-se-recupero-en-la-region-diario-el-litoral","status":"publish","type":"post","link":"http:\/\/cordobadirecto.com\/index.php\/2021\/11\/01\/la-economia-argentina-es-la-que-menos-se-recupero-en-la-region-diario-el-litoral\/","title":{"rendered":"La <b>econom\u00eda<\/b> argentina es la que menos se recuper\u00f3 en la regi\u00f3n &#8211; Diario El Litoral"},"content":{"rendered":"<p>El impacto de la pandemia en la <b>econom\u00eda<\/b> argentina fue tan relevante que, pasado m\u00e1s de un a\u00f1o y medio del comienzo de la crisis sanitaria,&nbsp;&#8230; <\/p>\n","protected":false},"excerpt":{"rendered":"<p>El impacto de la pandemia en la econom\u00eda argentina fue tan relevante que, pasado m\u00e1s de un a\u00f1o y medio del comienzo de la crisis sanitaria,&nbsp;&#8230;<\/p>\n","protected":false},"author":1,"featured_media":0,"comment_status":"closed","ping_status":"closed","sticky":false,"template":"","format":"standard","meta":[],"categories":[40],"tags":[],"_links":{"self":[{"href":"http:\/\/cordobadirecto.com\/index.php\/wp-json\/wp\/v2\/posts\/25977"}],"collection":[{"href":"http:\/\/cordobadirecto.com\/index.php\/wp-json\/wp\/v2\/posts"}],"about":[{"href":"http:\/\/cordobadirecto.com\/index.php\/wp-json\/wp\/v2\/types\/post"}],"author":[{"embeddable":true,"href":"http:\/\/cordobadirecto.com\/index.php\/wp-json\/wp\/v2\/users\/1"}],"replies":[{"embeddable":true,"href":"http:\/\/cordobadirecto.com\/index.php\/wp-json\/wp\/v2\/comments?post=25977"}],"version-history":[{"count":0,"href":"http:\/\/cordobadirecto.com\/index.php\/wp-json\/wp\/v2\/posts\/25977\/revisions"}],"wp:attachment":[{"href":"http:\/\/cordobadirecto.com\/index.php\/wp-json\/wp\/v2\/media?parent=25977"}],"wp:term":[{"taxonomy":"category","embeddable":true,"href":"http:\/\/cordobadirecto.com\/index.php\/wp-json\/wp\/v2\/categories?post=25977"},{"taxonomy":"post_tag","embeddable":true,"href":"http:\/\/cordobadirecto.com\/index.php\/wp-json\/wp\/v2\/tags?post=25977"}],"curies":[{"name":"wp","href":"https:\/\/api.w.org\/{rel}","templated":true}]}}