{"id":25978,"date":"2021-11-01T22:23:06","date_gmt":"2021-11-01T22:23:06","guid":{"rendered":"https:\/\/cordoba.gob.ar\/?p=15473"},"modified":"2021-11-01T22:23:06","modified_gmt":"2021-11-01T22:23:06","slug":"se-dan-a-conocer-los-seleccionados-del-programa-ritmos-urbanos","status":"publish","type":"post","link":"http:\/\/cordobadirecto.com\/index.php\/2021\/11\/01\/se-dan-a-conocer-los-seleccionados-del-programa-ritmos-urbanos\/","title":{"rendered":"Se dan a conocer los seleccionados del programa \u201cRitmos Urbanos\u201d"},"content":{"rendered":"<div><img src=\"http:\/\/cordobadirecto.com\/wp-content\/uploads\/2021\/11\/se-dan-a-conocer-los-seleccionados-del-programa-ritmos-urbanos.jpg\" class=\"ff-og-image-inserted\"><\/div>\n<p>La Subsecretar\u00eda de Cultura de la Municipalidad de C\u00f3rdoba, dependiente de la Secretar\u00eda de Gobierno, comunica los resultados del programa \u201cRitmos Urbanos\u201d que forma parte del Plan de Compromiso Cultural 2021.<\/p>\n<p>Luego de una convocatoria abierta y p\u00fablica, la Direcci\u00f3n de Cultura Viva municipal seleccion\u00f3 20 proyectos de los 28 participantes.<\/p>\n<p>Quienes se benefician con el programa son: Mateo Ezequiel Bognanno, Benjam\u00edn David Rodr\u00edguez, Diego Mat\u00edas Rossi, Brian Feuillet, Agust\u00edn Manuel Aquaro, David Benjam\u00edn Ledesma, Rub\u00e9n Dar\u00edo Ruarte, Germ\u00e1n Alejandro Rivarola, Facundo Emanuel Murua Gonz\u00e1lez, Brian Exequiel Pucheta, Ariel Alejandro Buscarol, Alan Oliver Urey, Azul Pacetti, Luciana Bel\u00e9n Aquino, Ana Manuela Gonz\u00e1lez Llovise, Leandro Ju\u00e1rez, Carmen Elizabeth Aranda Figueroa, Tom\u00e1s V\u00edctor Sanabria, Florencia Pinto, y Cristian Emanuel Rodr\u00edguez.<\/p>\n<p>\u201cRitmos Urbanos\u201d convoca propuestas de m\u00fasica y danza de la cultura urbana, y tiene como objetivo promover, acompa\u00f1ar y fomentar las producciones art\u00edsticas asociadas a la m\u00fasica y danza urbana que se desarrollan en nuestra ciudad, desde lenguajes y g\u00e9neros como rap, trap, hip hop, popping y locking, entre otros.<\/p>\n<p>En este sentido, el programa apunta a expresiones de arte urbano respondiendo a su creciente influencia en los j\u00f3venes y su desarrollo en los barrios de la ciudad, generando nuevas manifestaciones art\u00edsticas de profundos procesos identitarios.<\/p>\n<p>Cabe destacar que el Plan de Compromiso Cultural, impulsado por el Municipio desde el a\u00f1o 2020, contiene y acompa\u00f1a al sector cultural afectado por la crisis socio-sanitaria, a trav\u00e9s de 11 programas de apoyo con un aporte global de m\u00e1s de 17 millones de pesos.<\/p>\n","protected":false},"excerpt":{"rendered":"<p>La Subsecretar\u00eda de Cultura de la Municipalidad de C\u00f3rdoba, dependiente de la Secretar\u00eda de Gobierno, comunica los resultados del programa \u201cRitmos Urbanos\u201d que forma parte del Plan de Compromiso Cultural 2021. Luego de una convocatoria abierta y p\u00fablica, la Direcci\u00f3n de Cultura Viva municipal seleccion\u00f3 20 proyectos de los 28 participantes. Quienes se benefician con [&hellip;]<\/p>\n","protected":false},"author":1,"featured_media":25979,"comment_status":"closed","ping_status":"closed","sticky":false,"template":"","format":"standard","meta":[],"categories":[44],"tags":[],"_links":{"self":[{"href":"http:\/\/cordobadirecto.com\/index.php\/wp-json\/wp\/v2\/posts\/25978"}],"collection":[{"href":"http:\/\/cordobadirecto.com\/index.php\/wp-json\/wp\/v2\/posts"}],"about":[{"href":"http:\/\/cordobadirecto.com\/index.php\/wp-json\/wp\/v2\/types\/post"}],"author":[{"embeddable":true,"href":"http:\/\/cordobadirecto.com\/index.php\/wp-json\/wp\/v2\/users\/1"}],"replies":[{"embeddable":true,"href":"http:\/\/cordobadirecto.com\/index.php\/wp-json\/wp\/v2\/comments?post=25978"}],"version-history":[{"count":0,"href":"http:\/\/cordobadirecto.com\/index.php\/wp-json\/wp\/v2\/posts\/25978\/revisions"}],"wp:featuredmedia":[{"embeddable":true,"href":"http:\/\/cordobadirecto.com\/index.php\/wp-json\/wp\/v2\/media\/25979"}],"wp:attachment":[{"href":"http:\/\/cordobadirecto.com\/index.php\/wp-json\/wp\/v2\/media?parent=25978"}],"wp:term":[{"taxonomy":"category","embeddable":true,"href":"http:\/\/cordobadirecto.com\/index.php\/wp-json\/wp\/v2\/categories?post=25978"},{"taxonomy":"post_tag","embeddable":true,"href":"http:\/\/cordobadirecto.com\/index.php\/wp-json\/wp\/v2\/tags?post=25978"}],"curies":[{"name":"wp","href":"https:\/\/api.w.org\/{rel}","templated":true}]}}