{"id":2599,"date":"2021-03-05T05:59:04","date_gmt":"2021-03-05T05:59:04","guid":{"rendered":"http:\/\/www.bbc.com\/mundo\/noticias-internacional-56272469"},"modified":"2021-03-05T05:59:04","modified_gmt":"2021-03-05T05:59:04","slug":"el-polemico-viaje-del-papa-francisco-a-irak-donde-el-cristianismo-esta-peligrosamente-cerca-de-la-extincion","status":"publish","type":"post","link":"http:\/\/cordobadirecto.com\/index.php\/2021\/03\/05\/el-polemico-viaje-del-papa-francisco-a-irak-donde-el-cristianismo-esta-peligrosamente-cerca-de-la-extincion\/","title":{"rendered":"El pol\u00e9mico viaje del papa Francisco a Irak, donde el cristianismo est\u00e1 &#8220;peligrosamente cerca de la extinci\u00f3n&#8221;"},"content":{"rendered":"<div dir=\"ltr\" class=\"e1j2237y6 bbc-1amf61q-GridComponent e57qer20\">\n<div class=\"bbc-um5zo-Container e1c9i7u14\">\n<ul role=\"list\" class=\"bbc-182pkjt-Person e1c9i7u12\">\n<li role=\"listitem\" class=\"bbc-dvly96-Name e1c9i7u11\">Redacci\u00f3n <\/li>\n<li role=\"listitem\" class=\"bbc-1942rtw-Title e1c9i7u10\">BBC News Mundo<\/li>\n<\/ul>\n<\/div>\n<\/div>\n<p><time datetime=\"2021-03-05\" class=\"bbc-eihuha-StyledTimestamp e4zesg50\">3 horas<\/time><\/p>\n<div dir=\"ltr\" class=\"bbc-1ufkmt5-GridComponent e57qer20\">\n<figure class=\"bbc-m91nxa-Figure e6bmn90\">\n<div dir=\"ltr\" class=\"bbc-1gx5b6l-GridComponent e57qer20\">\n<div dir=\"ltr\" class=\"bbc-bqg5er-GridComponent e57qer20\" readability=\"6.5\">\n<div class=\"bbc-8q39gi-ImagePlaceholder e1whu0\" readability=\"8\"><img srcset=\"http:\/\/cordobadirecto.com\/wp-content\/uploads\/2021\/03\/el-polemico-viaje-del-papa-francisco-a-irak-donde-el-cristianismo-esta-peligrosamente-cerca-de-la-extincion-7.jpg 240w, http:\/\/cordobadirecto.com\/wp-content\/uploads\/2021\/03\/el-polemico-viaje-del-papa-francisco-a-irak-donde-el-cristianismo-esta-peligrosamente-cerca-de-la-extincion-8.jpg 320w, http:\/\/cordobadirecto.com\/wp-content\/uploads\/2021\/03\/el-polemico-viaje-del-papa-francisco-a-irak-donde-el-cristianismo-esta-peligrosamente-cerca-de-la-extincion-9.jpg 480w, http:\/\/cordobadirecto.com\/wp-content\/uploads\/2021\/03\/el-polemico-viaje-del-papa-francisco-a-irak-donde-el-cristianismo-esta-peligrosamente-cerca-de-la-extincion-10.jpg 624w, http:\/\/cordobadirecto.com\/wp-content\/uploads\/2021\/03\/el-polemico-viaje-del-papa-francisco-a-irak-donde-el-cristianismo-esta-peligrosamente-cerca-de-la-extincion-11.jpg 800w\" alt=\"El papa Francisco\" src=\"http:\/\/cordobadirecto.com\/wp-content\/uploads\/2021\/03\/el-polemico-viaje-del-papa-francisco-a-irak-donde-el-cristianismo-esta-peligrosamente-cerca-de-la-extincion.jpg\" width=\"976\" class=\"bbc-1suxhxy-StyledImg e1enwo3v0\"><\/p>\n<p role=\"text\" class=\"bbc-iif8qe-Copyright etq3yw90\"><span class=\"bbc-ow3j0s-VisuallyHiddenText e1yt7oin0\">Fuente de la imagen, <\/span><span lang=\"en-GB\">Getty Images<\/span><\/p>\n<\/div>\n<\/div>\n<div dir=\"ltr\" class=\"bbc-1cx6mr7-GridComponent e57qer20\" readability=\"6\"><figcaption dir=\"ltr\" class=\"bbc-1mhipbm-Caption eede9f50\" readability=\"2\"><span class=\"bbc-ow3j0s-VisuallyHiddenText e1yt7oin0\">Pie de foto, <\/span><\/p>\n<p>Unas 10.000 personas garantizar\u00e1n la seguridad del sumo pont\u00edfice.<\/p>\n<\/figcaption><\/div>\n<\/div>\n<\/figure>\n<\/div>\n<div dir=\"ltr\" class=\"bbc-1unnq9o-GridComponent e57qer20\" readability=\"13\">\n<p dir=\"ltr\" class=\"bbc-1kju7ke-Paragraph e1cc2ql70\"><b>Los viajes del papa Francisco, en sus ocho a\u00f1os de pontificado, se han diferenciado de los de sus antecesores porque no han tenido como destino los grandes centros cat\u00f3licos del mundo -Europa, Sudam\u00e9rica y regiones de \u00c1frica-, sino que ha viajado all\u00ed donde los cristianos son minor\u00eda. <\/b><\/p>\n<\/div>\n<div dir=\"ltr\" class=\"bbc-1unnq9o-GridComponent e57qer20\" readability=\"10\">\n<p dir=\"ltr\" class=\"bbc-1kju7ke-Paragraph e1cc2ql70\">Tailandia, Emiratos \u00c1rabes Unidos, Jap\u00f3n, Corea del Sur. <\/p>\n<\/div>\n<div dir=\"ltr\" class=\"bbc-1unnq9o-GridComponent e57qer20\" readability=\"15\">\n<p dir=\"ltr\" class=\"bbc-1kju7ke-Paragraph e1cc2ql70\">Ahora es el turno de Irak, en cuya regi\u00f3n de Ur se cree que naci\u00f3 Abraham, considerado el padre de las tres principales religiones monote\u00edstas del mundo, y es el hogar actual de una minor\u00eda cristiana que est\u00e1 <b>al borde de la extinci\u00f3n <\/b>debido, entre otras razones, a la persecuci\u00f3n de grupos radicales como el autodenominado Estado Isl\u00e1mico. <\/p>\n<\/div>\n<div dir=\"ltr\" class=\"bbc-1unnq9o-GridComponent e57qer20\" readability=\"10\">\n<p dir=\"ltr\" class=\"bbc-1kju7ke-Paragraph e1cc2ql70\">El viaje pastoral, que comienza este viernes, ser\u00e1 el primero <b>despu\u00e9s de 15 meses debido a la pandemia. <\/b><\/p>\n<\/div>\n<div dir=\"ltr\" class=\"bbc-1unnq9o-GridComponent e57qer20\" readability=\"11\">\n<p dir=\"ltr\" class=\"bbc-1kju7ke-Paragraph e1cc2ql70\">Ha sido calificado no solo de alto riesgo por cuestiones de seguridad (se estima que al menos 10.000 personas estar\u00e1n encargadas de la seguridad del sumo pont\u00edfice), sino tambi\u00e9n por cuestiones sanitarias: desde enero, los casos de covid-19 se han triplicado en el pa\u00eds. <\/p>\n<\/div>\n<div dir=\"ltr\" class=\"bbc-1unnq9o-GridComponent e57qer20\" readability=\"12\">\n<p dir=\"ltr\" class=\"bbc-1kju7ke-Paragraph e1cc2ql70\">El propio papa em\u00e9rito Benedicto XVI se\u00f1al\u00f3 los riesgos del viaje: &#8220;Creo que es un viaje muy importante\u2026 Lamentablemente ocurre en un momento muy dif\u00edcil, lo que tambi\u00e9n lo convierte <b>en un viaje peligroso<\/b> por razones de seguridad y por covid. Y luego est\u00e1 la situaci\u00f3n inestable en Irak. Acompa\u00f1ar\u00e9 a Francisco con mis oraciones&#8221;, le dijo al diario italiano <i class=\"bbc-h1y5j7 ewc4zcb0\">Il Corriere della Sera.<\/i><\/p>\n<\/div>\n<div dir=\"ltr\" class=\"bbc-1unnq9o-GridComponent e57qer20\" readability=\"8\">\n<p dir=\"ltr\" class=\"bbc-1kju7ke-Paragraph e1cc2ql70\">A esta incertidumbre se suma el ataque con diez cohetes ocurrido este mi\u00e9rcoles contra bases militares iraqu\u00edes que alojaban tropas estadounidenses. <\/p>\n<\/div>\n<div dir=\"ltr\" class=\"bbc-1unnq9o-GridComponent e57qer20\" readability=\"12\">\n<p dir=\"ltr\" class=\"bbc-1kju7ke-Paragraph e1cc2ql70\">El portavoz del Vaticano, Mateo Bruni,se\u00f1al\u00f3 que la intenci\u00f3n del viaje, m\u00e1s all\u00e1 del riesgo,<b> es mostrar la cercan\u00eda del papa con aquellas comunidades cristianas amenazadas. <\/b><\/p>\n<\/div>\n<div dir=\"ltr\" class=\"bbc-1ufkmt5-GridComponent e57qer20\">\n<figure class=\"bbc-m91nxa-Figure e6bmn90\">\n<div dir=\"ltr\" class=\"bbc-1gx5b6l-GridComponent e57qer20\">\n<div dir=\"ltr\" class=\"bbc-bqg5er-GridComponent e57qer20\">\n<div class=\"bbc-k1les6-ImagePlaceholder e1whu0\"><noscript><img srcset=\"http:\/\/cordobadirecto.com\/wp-content\/uploads\/2021\/03\/el-polemico-viaje-del-papa-francisco-a-irak-donde-el-cristianismo-esta-peligrosamente-cerca-de-la-extincion-12.jpg 240w, http:\/\/cordobadirecto.com\/wp-content\/uploads\/2021\/03\/el-polemico-viaje-del-papa-francisco-a-irak-donde-el-cristianismo-esta-peligrosamente-cerca-de-la-extincion-13.jpg 320w, http:\/\/cordobadirecto.com\/wp-content\/uploads\/2021\/03\/el-polemico-viaje-del-papa-francisco-a-irak-donde-el-cristianismo-esta-peligrosamente-cerca-de-la-extincion-14.jpg 480w, http:\/\/cordobadirecto.com\/wp-content\/uploads\/2021\/03\/el-polemico-viaje-del-papa-francisco-a-irak-donde-el-cristianismo-esta-peligrosamente-cerca-de-la-extincion-15.jpg 624w, http:\/\/cordobadirecto.com\/wp-content\/uploads\/2021\/03\/el-polemico-viaje-del-papa-francisco-a-irak-donde-el-cristianismo-esta-peligrosamente-cerca-de-la-extincion-16.jpg 800w\" alt=\"Mujer con un Rosario\" src=\"http:\/\/cordobadirecto.com\/wp-content\/uploads\/2021\/03\/el-polemico-viaje-del-papa-francisco-a-irak-donde-el-cristianismo-esta-peligrosamente-cerca-de-la-extincion-1.jpg\" width=\"976\" class=\"bbc-1suxhxy-StyledImg e1enwo3v0\"><\/noscript><\/p>\n<p role=\"text\" class=\"bbc-iif8qe-Copyright etq3yw90\"><span class=\"bbc-ow3j0s-VisuallyHiddenText e1yt7oin0\">Fuente de la imagen, <\/span><span lang=\"en-GB\">AFP<\/span><\/p>\n<\/div>\n<\/div>\n<div dir=\"ltr\" class=\"bbc-1cx6mr7-GridComponent e57qer20\" readability=\"6\"><figcaption dir=\"ltr\" class=\"bbc-1mhipbm-Caption eede9f50\" readability=\"2\"><span class=\"bbc-ow3j0s-VisuallyHiddenText e1yt7oin0\">Pie de foto, <\/span><\/p>\n<p>Las minor\u00edas cristianas fueron perseguidas por Estado Isl\u00e1mico.<\/p>\n<\/figcaption><\/div>\n<\/div>\n<\/figure>\n<\/div>\n<div dir=\"ltr\" class=\"bbc-1unnq9o-GridComponent e57qer20\" readability=\"14\">\n<p dir=\"ltr\" class=\"bbc-1kju7ke-Paragraph e1cc2ql70\">&#8220;Es un viaje particular, tambi\u00e9n para la seguridad, claro. Pero es un gesto de amor a esa tierra, a su pueblo y a los cristianos. Se comprende bajo esa l\u00f3gica, que no quiere decir perder de vista lo que se hace&#8221;, anot\u00f3. <\/p>\n<\/div>\n<div dir=\"ltr\" class=\"bbc-1unnq9o-GridComponent e57qer20\" readability=\"9\">\n<p dir=\"ltr\" class=\"bbc-1kju7ke-Paragraph e1cc2ql70\">Pero, \u00bfcu\u00e1l es la comunidad cristiana que reside en Irak a la que el Papa visitar\u00e1 y porque est\u00e1 al borde de la extinci\u00f3n?<\/p>\n<\/div>\n<p><h2 id=\"Perseguidos-por-siglos\" tabindex=\"-1\" class=\"bbc-4qzrek-SubHeading e14hemmw0\">Perseguidos por siglos<\/h2>\n<\/p>\n<div dir=\"ltr\" class=\"bbc-1unnq9o-GridComponent e57qer20\" readability=\"13\">\n<p dir=\"ltr\" class=\"bbc-1kju7ke-Paragraph e1cc2ql70\">El viaje de cuatro d\u00edas, que incluye una misa a campo abierto en una cancha de f\u00fatbol, tendr\u00e1 en su itinerario a las ciudades de <b>Bagdad, Mosul, Erbil, Najaf y Qaraqosh.<\/b><\/p>\n<\/div>\n<div dir=\"ltr\" class=\"bbc-1unnq9o-GridComponent e57qer20\" readability=\"10\">\n<p dir=\"ltr\" class=\"bbc-1kju7ke-Paragraph e1cc2ql70\">Francisco, quien tuvo que aplazar este viaje, siempre ha se\u00f1alado su intenci\u00f3n de visitar la regi\u00f3n:<\/p>\n<\/div>\n<div dir=\"ltr\" class=\"bbc-1unnq9o-GridComponent e57qer20\" readability=\"15\">\n<p dir=\"ltr\" class=\"bbc-1kju7ke-Paragraph e1cc2ql70\">&#8220;Pienso constantemente en Irak, adonde quiero ir el a\u00f1o que viene, con la esperanza de que ese pa\u00eds pueda enfrentar el futuro a trav\u00e9s de la b\u00fasqueda pac\u00edfica y compartida del bien com\u00fan por parte de todos los elementos de la sociedad, incluidos los religiosos, y no retroceder en hostilidades provocadas por los conflictos latentes de las potencias regionales&#8221;, dijo durante una audiencia en 2019. <\/p>\n<\/div>\n<div dir=\"ltr\" class=\"bbc-1unnq9o-GridComponent e57qer20\" readability=\"9\">\n<p dir=\"ltr\" class=\"bbc-1kju7ke-Paragraph e1cc2ql70\"><b>Y esa referencia a los conflictos tiene un indicador claro<\/b>: desde la invasi\u00f3n de EE.UU. a Irak en 2003 y hasta 2019, la comunidad cristiana iraqu\u00ed se redujo en un 83%. <\/p>\n<\/div>\n<div dir=\"ltr\" class=\"bbc-1unnq9o-GridComponent e57qer20\" readability=\"10\">\n<p dir=\"ltr\" class=\"bbc-1kju7ke-Paragraph e1cc2ql70\">De m\u00e1s de 1,5 millones de cristianos a apenas 250.000. Se estima que al menos un mill\u00f3n de ellos huyeron a Europa y EE.UU. debido a los conflictos internos originados por la invasi\u00f3n y otros fueron desplazados por los grupos islamistas. <\/p>\n<\/div>\n<div dir=\"ltr\" class=\"bbc-1ufkmt5-GridComponent e57qer20\">\n<figure class=\"bbc-m91nxa-Figure e6bmn90\">\n<div dir=\"ltr\" class=\"bbc-1gx5b6l-GridComponent e57qer20\">\n<div dir=\"ltr\" class=\"bbc-bqg5er-GridComponent e57qer20\" readability=\"6.5\">\n<div class=\"bbc-8q39gi-ImagePlaceholder e1whu0\" readability=\"8\"><noscript><img srcset=\"http:\/\/cordobadirecto.com\/wp-content\/uploads\/2021\/03\/el-polemico-viaje-del-papa-francisco-a-irak-donde-el-cristianismo-esta-peligrosamente-cerca-de-la-extincion-17.jpg 240w, http:\/\/cordobadirecto.com\/wp-content\/uploads\/2021\/03\/el-polemico-viaje-del-papa-francisco-a-irak-donde-el-cristianismo-esta-peligrosamente-cerca-de-la-extincion-18.jpg 320w, http:\/\/cordobadirecto.com\/wp-content\/uploads\/2021\/03\/el-polemico-viaje-del-papa-francisco-a-irak-donde-el-cristianismo-esta-peligrosamente-cerca-de-la-extincion-19.jpg 480w, http:\/\/cordobadirecto.com\/wp-content\/uploads\/2021\/03\/el-polemico-viaje-del-papa-francisco-a-irak-donde-el-cristianismo-esta-peligrosamente-cerca-de-la-extincion-20.jpg 624w, http:\/\/cordobadirecto.com\/wp-content\/uploads\/2021\/03\/el-polemico-viaje-del-papa-francisco-a-irak-donde-el-cristianismo-esta-peligrosamente-cerca-de-la-extincion-21.jpg 800w\" alt=\"Cruz con la bandera de Irak\" src=\"http:\/\/cordobadirecto.com\/wp-content\/uploads\/2021\/03\/el-polemico-viaje-del-papa-francisco-a-irak-donde-el-cristianismo-esta-peligrosamente-cerca-de-la-extincion-2.jpg\" width=\"976\" class=\"bbc-1suxhxy-StyledImg e1enwo3v0\"><\/noscript><\/p>\n<p role=\"text\" class=\"bbc-iif8qe-Copyright etq3yw90\"><span class=\"bbc-ow3j0s-VisuallyHiddenText e1yt7oin0\">Fuente de la imagen, <\/span><span lang=\"en-GB\">Getty Images<\/span><\/p>\n<\/div>\n<\/div>\n<div dir=\"ltr\" class=\"bbc-1cx6mr7-GridComponent e57qer20\" readability=\"6\"><figcaption dir=\"ltr\" class=\"bbc-1mhipbm-Caption eede9f50\" readability=\"2\"><span class=\"bbc-ow3j0s-VisuallyHiddenText e1yt7oin0\">Pie de foto, <\/span><\/p>\n<p>El n\u00famero de cristianos en Irak se ha reducido en un 83% en los \u00faltimos a\u00f1os.<\/p>\n<\/figcaption><\/div>\n<\/div>\n<\/figure>\n<\/div>\n<div dir=\"ltr\" class=\"bbc-1unnq9o-GridComponent e57qer20\" readability=\"9\">\n<p dir=\"ltr\" class=\"bbc-1kju7ke-Paragraph e1cc2ql70\">Y la advertencia m\u00e1s enf\u00e1tica sobre su inminente extinci\u00f3n la ha hecho varias veces el arzobispo de Erbil -una de las ciudades que visitar\u00e1 Francisco-, el reverendo Bashar Warda.<\/p>\n<\/div>\n<div dir=\"ltr\" class=\"bbc-1unnq9o-GridComponent e57qer20\" readability=\"12\">\n<p dir=\"ltr\" class=\"bbc-1kju7ke-Paragraph e1cc2ql70\">&#8220;<b>El cristianismo en Irak es una de las iglesias m\u00e1s antiguas<\/b>, si no la m\u00e1s antigua del mundo, y est\u00e1 peligrosamente cerca de la extinci\u00f3n. Los que nos quedamos debemos estar preparados para enfrentar el martirio&#8221;, le dijo Warda a la BBC en 2019.<\/p>\n<\/div>\n<div dir=\"ltr\" class=\"bbc-1unnq9o-GridComponent e57qer20\" readability=\"11\">\n<p dir=\"ltr\" class=\"bbc-1kju7ke-Paragraph e1cc2ql70\">La presencia cristiana en Irak se remonta casi a la misma aparici\u00f3n de esta religi\u00f3n en la historia: de hecho, son muchas m\u00e1s las localidades y los lugares nombrados en la Biblia que est\u00e1n ubicados en este pa\u00eds los que se ubican en la llamada <b>&#8220;Tierra Santa&#8221;<\/b> de Israel y los territorios palestinos. <\/p>\n<\/div>\n<div dir=\"ltr\" class=\"bbc-1unnq9o-GridComponent e57qer20\" readability=\"9\">\n<p dir=\"ltr\" class=\"bbc-1kju7ke-Paragraph e1cc2ql70\">Su punto de inicio podr\u00eda ubicarse en el siglo V, cuando en el concilio de Nicea se registr\u00f3 la presencia de obispos de la regi\u00f3n de Mesopotamia. <\/p>\n<\/div>\n<div dir=\"ltr\" class=\"bbc-1unnq9o-GridComponent e57qer20\" readability=\"11\">\n<p dir=\"ltr\" class=\"bbc-1kju7ke-Paragraph e1cc2ql70\">Despu\u00e9s vino la creaci\u00f3n de la Iglesia Oriental, con fuerte ra\u00edces en la zona norte del pa\u00eds, y el establecimiento del monasterio de san El\u00edas en las cercan\u00edas de la actual Mosul durante el siglo VI. <\/p>\n<\/div>\n<div dir=\"ltr\" class=\"bbc-1unnq9o-GridComponent e57qer20\" readability=\"15\">\n<p dir=\"ltr\" class=\"bbc-1kju7ke-Paragraph e1cc2ql70\">En un art\u00edculo para The Conversation, Ramazan K\u0131l\u0131n\u00e7, profesor de ciencia pol\u00edtica en la Universidad de Nebraska, escribi\u00f3 que la mayor\u00eda de los cristianos iraqu\u00edes son <b>\u00e9tnicamente asirios<\/b> y pertenecen a la Iglesia de Oriente, una de las tres grandes ramas del cristianismo oriental. &#8220;Su idioma para la adoraci\u00f3n es un dialecto del arameo, lenguaje en el que supuestamente hablaba Cristo&#8221;.<\/p>\n<\/div>\n<div dir=\"ltr\" class=\"bbc-1unnq9o-GridComponent e57qer20\" readability=\"9\">\n<p dir=\"ltr\" class=\"bbc-1kju7ke-Paragraph e1cc2ql70\">El profesor K\u0131l\u0131n\u00e7 agrega que la mayor de estas comunidades asirias pertenecen a la Iglesia Cat\u00f3lica Caldea, que re\u00fane a m\u00e1s de dos tercios de todos los cristianos que viven en Irak.<\/p>\n<\/div>\n<div dir=\"ltr\" class=\"bbc-1unnq9o-GridComponent e57qer20\" readability=\"9\">\n<p dir=\"ltr\" class=\"bbc-1kju7ke-Paragraph e1cc2ql70\">Desde entonces comenz\u00f3 una lucha por sobrevivir a las constantes persecuciones religiosas y pol\u00edticas, que han escalado en los \u00faltimos cinco a\u00f1os.<\/p>\n<\/div>\n<div dir=\"ltr\" class=\"bbc-1unnq9o-GridComponent e57qer20\" readability=\"10\">\n<p dir=\"ltr\" class=\"bbc-1kju7ke-Paragraph e1cc2ql70\">El obispo Warda lo resume en una frase ciertamente pol\u00e9mica: &#8220;<b>Hay un n\u00famero creciente de grupos extremistas que afirman que la matanza de cristianos y yazid\u00edes durante estos a\u00f1os ayud\u00f3 a difundir el islam<\/b>&#8220;, dijo el reverendo iraqu\u00ed.<\/p>\n<\/div>\n<div dir=\"ltr\" class=\"bbc-1ufkmt5-GridComponent e57qer20\">\n<figure class=\"bbc-m91nxa-Figure e6bmn90\">\n<div dir=\"ltr\" class=\"bbc-1gx5b6l-GridComponent e57qer20\">\n<div dir=\"ltr\" class=\"bbc-bqg5er-GridComponent e57qer20\">\n<div class=\"bbc-8q39gi-ImagePlaceholder e1whu0\"><noscript><img srcset=\"http:\/\/cordobadirecto.com\/wp-content\/uploads\/2021\/03\/el-polemico-viaje-del-papa-francisco-a-irak-donde-el-cristianismo-esta-peligrosamente-cerca-de-la-extincion-22.jpg 240w, http:\/\/cordobadirecto.com\/wp-content\/uploads\/2021\/03\/el-polemico-viaje-del-papa-francisco-a-irak-donde-el-cristianismo-esta-peligrosamente-cerca-de-la-extincion-23.jpg 320w, http:\/\/cordobadirecto.com\/wp-content\/uploads\/2021\/03\/el-polemico-viaje-del-papa-francisco-a-irak-donde-el-cristianismo-esta-peligrosamente-cerca-de-la-extincion-24.jpg 480w, http:\/\/cordobadirecto.com\/wp-content\/uploads\/2021\/03\/el-polemico-viaje-del-papa-francisco-a-irak-donde-el-cristianismo-esta-peligrosamente-cerca-de-la-extincion-25.jpg 624w, http:\/\/cordobadirecto.com\/wp-content\/uploads\/2021\/03\/el-polemico-viaje-del-papa-francisco-a-irak-donde-el-cristianismo-esta-peligrosamente-cerca-de-la-extincion-26.jpg 800w\" alt=\"Mujeres rezando.\" src=\"http:\/\/cordobadirecto.com\/wp-content\/uploads\/2021\/03\/el-polemico-viaje-del-papa-francisco-a-irak-donde-el-cristianismo-esta-peligrosamente-cerca-de-la-extincion-3.jpg\" width=\"976\" class=\"bbc-1suxhxy-StyledImg e1enwo3v0\"><\/noscript><\/p>\n<p role=\"text\" class=\"bbc-iif8qe-Copyright etq3yw90\"><span class=\"bbc-ow3j0s-VisuallyHiddenText e1yt7oin0\">Fuente de la imagen, <\/span><span lang=\"en-GB\">AFP<\/span><\/p>\n<\/div>\n<\/div>\n<div dir=\"ltr\" class=\"bbc-1cx6mr7-GridComponent e57qer20\" readability=\"6\"><figcaption dir=\"ltr\" class=\"bbc-1mhipbm-Caption eede9f50\" readability=\"2\"><span class=\"bbc-ow3j0s-VisuallyHiddenText e1yt7oin0\">Pie de foto, <\/span><\/p>\n<p>En el pa\u00eds quedan unos 250.000 cristianos.<\/p>\n<\/figcaption><\/div>\n<\/div>\n<\/figure>\n<\/div>\n<p><h2 id=\"Estado-Isl\u00e1mico\" tabindex=\"-1\" class=\"bbc-4qzrek-SubHeading e14hemmw0\">Estado Isl\u00e1mico<\/h2>\n<\/p>\n<div dir=\"ltr\" class=\"bbc-1unnq9o-GridComponent e57qer20\" readability=\"12\">\n<p dir=\"ltr\" class=\"bbc-1kju7ke-Paragraph e1cc2ql70\">&#8220;Estamos tratando de curar esta herida creada por Estado Isl\u00e1mico&#8221;, le dijo a la Agencia Noticias Cat\u00f3lica el pasado mes noviembre el padre Karam Shamasha, uno de los sacerdotes de la iglesia cat\u00f3lica San Jorge, en una aldea cristiana a unos 30 kil\u00f3metros al norte de Mosul. <\/p>\n<\/div>\n<div dir=\"ltr\" class=\"bbc-1unnq9o-GridComponent e57qer20\" readability=\"10\">\n<p dir=\"ltr\" class=\"bbc-1kju7ke-Paragraph e1cc2ql70\"><b>&#8220;Nuestras familias son fuertes; han defendido la fe<\/b>. Pero necesitan a alguien que les diga: &#8216;Lo has hecho muy bien, pero debes continuar con tu misi\u00f3n'&#8221;, agreg\u00f3 Shamasha. <\/p>\n<\/div>\n<div dir=\"ltr\" class=\"bbc-1unnq9o-GridComponent e57qer20\" readability=\"9\">\n<p dir=\"ltr\" class=\"bbc-1kju7ke-Paragraph e1cc2ql70\">Cuando el autodenominado Estado Isl\u00e1mico irrumpi\u00f3 a mediados de 2014 e invadi\u00f3 la ciudad de Mosul, <b>los cristianos fueron uno de los grupos m\u00e1s perseguidos por parte de los islamistas radicales. <\/b><\/p>\n<\/div>\n<div dir=\"ltr\" class=\"bbc-1unnq9o-GridComponent e57qer20\" readability=\"11\">\n<p dir=\"ltr\" class=\"bbc-1kju7ke-Paragraph e1cc2ql70\">Tras el asalto inicial del grupo, que desplaz\u00f3 a m\u00e1s de 125.000 cristianos de sus lugares de origen, muchos l\u00edderes consideraron que esta es &#8220;la lucha existencial final&#8221; para el cristianismo iraqu\u00ed. <\/p>\n<\/div>\n<div dir=\"ltr\" class=\"bbc-1ufkmt5-GridComponent e57qer20\">\n<figure class=\"bbc-m91nxa-Figure e6bmn90\">\n<div dir=\"ltr\" class=\"bbc-1gx5b6l-GridComponent e57qer20\">\n<div dir=\"ltr\" class=\"bbc-bqg5er-GridComponent e57qer20\" readability=\"6.5\">\n<div class=\"bbc-8q39gi-ImagePlaceholder e1whu0\" readability=\"8\"><noscript><img srcset=\"http:\/\/cordobadirecto.com\/wp-content\/uploads\/2021\/03\/el-polemico-viaje-del-papa-francisco-a-irak-donde-el-cristianismo-esta-peligrosamente-cerca-de-la-extincion-27.jpg 240w, http:\/\/cordobadirecto.com\/wp-content\/uploads\/2021\/03\/el-polemico-viaje-del-papa-francisco-a-irak-donde-el-cristianismo-esta-peligrosamente-cerca-de-la-extincion-28.jpg 320w, http:\/\/cordobadirecto.com\/wp-content\/uploads\/2021\/03\/el-polemico-viaje-del-papa-francisco-a-irak-donde-el-cristianismo-esta-peligrosamente-cerca-de-la-extincion-29.jpg 480w, http:\/\/cordobadirecto.com\/wp-content\/uploads\/2021\/03\/el-polemico-viaje-del-papa-francisco-a-irak-donde-el-cristianismo-esta-peligrosamente-cerca-de-la-extincion-30.jpg 624w, http:\/\/cordobadirecto.com\/wp-content\/uploads\/2021\/03\/el-polemico-viaje-del-papa-francisco-a-irak-donde-el-cristianismo-esta-peligrosamente-cerca-de-la-extincion-31.jpg 800w\" alt=\"Templo cristiano.\" src=\"http:\/\/cordobadirecto.com\/wp-content\/uploads\/2021\/03\/el-polemico-viaje-del-papa-francisco-a-irak-donde-el-cristianismo-esta-peligrosamente-cerca-de-la-extincion-4.jpg\" width=\"976\" class=\"bbc-1suxhxy-StyledImg e1enwo3v0\"><\/noscript><\/p>\n<p role=\"text\" class=\"bbc-iif8qe-Copyright etq3yw90\"><span class=\"bbc-ow3j0s-VisuallyHiddenText e1yt7oin0\">Fuente de la imagen, <\/span><span lang=\"en-GB\">ZAID AL-OBEIDI<\/span><\/p>\n<\/div>\n<\/div>\n<div dir=\"ltr\" class=\"bbc-1cx6mr7-GridComponent e57qer20\" readability=\"6\"><figcaption dir=\"ltr\" class=\"bbc-1mhipbm-Caption eede9f50\" readability=\"2\"><span class=\"bbc-ow3j0s-VisuallyHiddenText e1yt7oin0\">Pie de foto, <\/span><\/p>\n<p>Estado Isl\u00e1mico destruy\u00f3 varios templos cristianos en Irak.<\/p>\n<\/figcaption><\/div>\n<\/div>\n<\/figure>\n<\/div>\n<div dir=\"ltr\" class=\"bbc-1unnq9o-GridComponent e57qer20\" readability=\"10\">\n<p dir=\"ltr\" class=\"bbc-1kju7ke-Paragraph e1cc2ql70\">&#8220;Nuestros torturadores confiscaron nuestro presente, mientras buscaban borrar nuestra historia y destruir nuestro futuro&#8221;, expres\u00f3 Warda.<\/p>\n<\/div>\n<div dir=\"ltr\" class=\"bbc-1unnq9o-GridComponent e57qer20\" readability=\"8\">\n<p dir=\"ltr\" class=\"bbc-1kju7ke-Paragraph e1cc2ql70\">El reverendo se\u00f1ala que la destrucci\u00f3n por parte Estado Isl\u00e1mico fue tan devastadora que ahora los sobrevivientes no tienen c\u00f3mo probar qui\u00e9nes eran y de qu\u00e9 eran due\u00f1os. <\/p>\n<\/div>\n<div dir=\"ltr\" class=\"bbc-1unnq9o-GridComponent e57qer20\" readability=\"10\">\n<p dir=\"ltr\" class=\"bbc-1kju7ke-Paragraph e1cc2ql70\">&#8220;<b>En Irak no hay reparaci\u00f3n para quienes han perdido propiedades<\/b>, hogares y negocios. Decenas de miles de cristianos no tienen c\u00f3mo demostrar que ese ha sido su lugar de residencia y el de sus ancestros por miles de a\u00f1os&#8221;.<\/p>\n<\/div>\n<div dir=\"ltr\" class=\"bbc-1unnq9o-GridComponent e57qer20\" readability=\"12\">\n<p dir=\"ltr\" class=\"bbc-1kju7ke-Paragraph e1cc2ql70\">A pesar del desmantelamiento del califato establecido por Estado Isl\u00e1mico y de que su influencia se ha reducido considerablemente, varias c\u00e9lulas<b> contin\u00faan activas<\/b> -hubo un ataque en Bagdad en enero que dej\u00f3 al menos 32 muertos- y son incluso una amenaza para el viaje del pont\u00edfice, ya que podr\u00edan planear un atentado en su contra.<\/p>\n<\/div>\n<div dir=\"ltr\" class=\"bbc-1unnq9o-GridComponent e57qer20\" readability=\"11\">\n<p dir=\"ltr\" class=\"bbc-1kju7ke-Paragraph e1cc2ql70\">&#8220;Est\u00e1n empezando a perder relevancia y eso los pondr\u00eda de nuevo en la cima. Otros grupos pueden tener algunas restricciones morales. Estado Isl\u00e1mico no tiene ninguna&#8221;, le dijo al Wall Street Journal Michael Knights, del Instituto de Pol\u00edtica de Oriente Cercano de Washington. <\/p>\n<\/div>\n<div dir=\"ltr\" class=\"bbc-1unnq9o-GridComponent e57qer20\" readability=\"13\">\n<p dir=\"ltr\" class=\"bbc-1kju7ke-Paragraph e1cc2ql70\">En el mencionado art\u00edculo de The Conversation, el profesor Ramazan K\u0131l\u0131n\u00e7 indica que entre 2017 y 2019 la administraci\u00f3n de Donald Trump entreg\u00f3 ayuda por US$300 millones para reconstruir las ciudades y pueblos critianos de las llanuras de N\u00ednive, norte de Irak, destruidos por Estado Isl\u00e1mico.<\/p>\n<\/div>\n<p><h2 id=\"Camino-a-la-extinci\u00f3n\" tabindex=\"-1\" class=\"bbc-4qzrek-SubHeading e14hemmw0\">Camino a la extinci\u00f3n<\/h2>\n<\/p>\n<div dir=\"ltr\" class=\"bbc-1ufkmt5-GridComponent e57qer20\">\n<figure class=\"bbc-m91nxa-Figure e6bmn90\">\n<div dir=\"ltr\" class=\"bbc-1gx5b6l-GridComponent e57qer20\">\n<div dir=\"ltr\" class=\"bbc-bqg5er-GridComponent e57qer20\" readability=\"6.5\">\n<div class=\"bbc-8q39gi-ImagePlaceholder e1whu0\" readability=\"8\"><noscript><img srcset=\"http:\/\/cordobadirecto.com\/wp-content\/uploads\/2021\/03\/el-polemico-viaje-del-papa-francisco-a-irak-donde-el-cristianismo-esta-peligrosamente-cerca-de-la-extincion-32.jpg 240w, http:\/\/cordobadirecto.com\/wp-content\/uploads\/2021\/03\/el-polemico-viaje-del-papa-francisco-a-irak-donde-el-cristianismo-esta-peligrosamente-cerca-de-la-extincion-33.jpg 320w, http:\/\/cordobadirecto.com\/wp-content\/uploads\/2021\/03\/el-polemico-viaje-del-papa-francisco-a-irak-donde-el-cristianismo-esta-peligrosamente-cerca-de-la-extincion-34.jpg 480w, http:\/\/cordobadirecto.com\/wp-content\/uploads\/2021\/03\/el-polemico-viaje-del-papa-francisco-a-irak-donde-el-cristianismo-esta-peligrosamente-cerca-de-la-extincion-35.jpg 624w, http:\/\/cordobadirecto.com\/wp-content\/uploads\/2021\/03\/el-polemico-viaje-del-papa-francisco-a-irak-donde-el-cristianismo-esta-peligrosamente-cerca-de-la-extincion-36.jpg 800w\" alt=\"Dibujo del Papa en Irak.\" src=\"http:\/\/cordobadirecto.com\/wp-content\/uploads\/2021\/03\/el-polemico-viaje-del-papa-francisco-a-irak-donde-el-cristianismo-esta-peligrosamente-cerca-de-la-extincion-5.jpg\" width=\"976\" class=\"bbc-1suxhxy-StyledImg e1enwo3v0\"><\/noscript><\/p>\n<p role=\"text\" class=\"bbc-iif8qe-Copyright etq3yw90\"><span class=\"bbc-ow3j0s-VisuallyHiddenText e1yt7oin0\">Fuente de la imagen, <\/span><span lang=\"en-GB\">Getty Images<\/span><\/p>\n<\/div>\n<\/div>\n<div dir=\"ltr\" class=\"bbc-1cx6mr7-GridComponent e57qer20\" readability=\"6\"><figcaption dir=\"ltr\" class=\"bbc-1mhipbm-Caption eede9f50\" readability=\"2\"><span class=\"bbc-ow3j0s-VisuallyHiddenText e1yt7oin0\">Pie de foto, <\/span><\/p>\n<p>Es la primera vez que un Papa visita Irak.<\/p>\n<\/figcaption><\/div>\n<\/div>\n<\/figure>\n<\/div>\n<div dir=\"ltr\" class=\"bbc-1unnq9o-GridComponent e57qer20\" readability=\"8\">\n<p dir=\"ltr\" class=\"bbc-1kju7ke-Paragraph e1cc2ql70\">Pero los l\u00edderes cat\u00f3licos en Irak son conscientes de que su desaparici\u00f3n podr\u00eda estar cerca en medio de esta situaci\u00f3n.<\/p>\n<\/div>\n<div dir=\"ltr\" class=\"bbc-1unnq9o-GridComponent e57qer20\" readability=\"7\">\n<p dir=\"ltr\" class=\"bbc-1kju7ke-Paragraph e1cc2ql70\">El arzobispo Warda<b> ha llegado a una amarga conclusi\u00f3n sobre lo que depara el futuro.<\/b><\/p>\n<\/div>\n<div dir=\"ltr\" class=\"bbc-1unnq9o-GridComponent e57qer20\" readability=\"10\">\n<p dir=\"ltr\" class=\"bbc-1kju7ke-Paragraph e1cc2ql70\">&#8220;Es posible que estemos enfrentando nuestro fin en la tierra de nuestros antepasados. Lo reconocemos. En nuestro fin, el mundo entero enfrenta un momento de la verdad&#8221;, se\u00f1al\u00f3. <\/p>\n<\/div>\n<div dir=\"ltr\" class=\"bbc-1unnq9o-GridComponent e57qer20\" readability=\"9\">\n<p dir=\"ltr\" class=\"bbc-1kju7ke-Paragraph e1cc2ql70\">Warda ha sido especialmente cr\u00edtico de las iglesias en Europa, que considera que no han condenado la persecuci\u00f3n con firmeza por miedo a que se las acuse de islamofobia. <\/p>\n<\/div>\n<div dir=\"ltr\" class=\"bbc-1unnq9o-GridComponent e57qer20\" readability=\"11\">\n<p dir=\"ltr\" class=\"bbc-1kju7ke-Paragraph e1cc2ql70\">&#8220;\u00bfSe permitir\u00e1 que un pueblo pac\u00edfico e inocente sea perseguido y eliminado por su fe? Y por no querer decir la verdad a los perseguidores, \u00bfser\u00e1 el mundo c\u00f3mplice de nuestra eliminaci\u00f3n?&#8221;, reclam\u00f3. <\/p>\n<\/div>\n<div dir=\"ltr\" class=\"bbc-1unnq9o-GridComponent e57qer20\" readability=\"8\">\n<p dir=\"ltr\" class=\"bbc-1kju7ke-Paragraph e1cc2ql70\">El papa Francisco ha sido enf\u00e1tico al decir que su viaje tiene la intenci\u00f3n de evitar que esto ocurra. <\/p>\n<\/div>\n<div dir=\"ltr\" class=\"bbc-1unnq9o-GridComponent e57qer20\" readability=\"9\">\n<p dir=\"ltr\" class=\"bbc-1kju7ke-Paragraph e1cc2ql70\">&#8220;<b>Soy el pastor de personas que sufren<\/b>&#8220;, dijo el Papa a varios medios, el pasado febrero. <\/p>\n<\/div>\n<div dir=\"ltr\" class=\"bbc-1unnq9o-GridComponent e57qer20\" readability=\"12\">\n<p dir=\"ltr\" class=\"bbc-1kju7ke-Paragraph e1cc2ql70\">Y Warda tiene esperanza de que su visita pueda ser una ayuda en ese camino: &#8220;La visita del Papa le har\u00e1 notar a tanta gente, especialmente a los iraqu\u00edes, que hemos estado aqu\u00ed durante muchos siglos&#8221;, le dijo hace poco a la Agencia Cat\u00f3lica de Noticias.<\/p>\n<\/div>\n<div dir=\"ltr\" class=\"bbc-1unnq9o-GridComponent e57qer20\" readability=\"7\">\n<p dir=\"ltr\" class=\"bbc-1kju7ke-Paragraph e1cc2ql70\">&#8220;Los cristianos hemos contribuido mucho a este pa\u00eds&#8221;.<\/p>\n<\/div>\n<div dir=\"ltr\" class=\"bbc-1ufkmt5-GridComponent e57qer20\">\n<figure class=\"bbc-m91nxa-Figure e6bmn90\">\n<div dir=\"ltr\" class=\"bbc-1gx5b6l-GridComponent e57qer20\">\n<div dir=\"ltr\" class=\"bbc-bqg5er-GridComponent e57qer20\">\n<div class=\"bbc-2bz91w-ImagePlaceholder e1whu0\"><noscript><img srcset=\"http:\/\/cordobadirecto.com\/wp-content\/uploads\/2021\/03\/el-polemico-viaje-del-papa-francisco-a-irak-donde-el-cristianismo-esta-peligrosamente-cerca-de-la-extincion-37.jpg 240w, http:\/\/cordobadirecto.com\/wp-content\/uploads\/2021\/03\/el-polemico-viaje-del-papa-francisco-a-irak-donde-el-cristianismo-esta-peligrosamente-cerca-de-la-extincion-38.jpg 320w, http:\/\/cordobadirecto.com\/wp-content\/uploads\/2021\/03\/el-polemico-viaje-del-papa-francisco-a-irak-donde-el-cristianismo-esta-peligrosamente-cerca-de-la-extincion-39.jpg 464w\" alt=\"L\u00ednea\" src=\"http:\/\/cordobadirecto.com\/wp-content\/uploads\/2021\/03\/el-polemico-viaje-del-papa-francisco-a-irak-donde-el-cristianismo-esta-peligrosamente-cerca-de-la-extincion-6.jpg\" width=\"464\" class=\"bbc-1suxhxy-StyledImg e1enwo3v0\"><\/noscript><\/div>\n<\/div>\n<\/div>\n<\/figure>\n<\/div>\n<div dir=\"ltr\" class=\"bbc-1unnq9o-GridComponent e57qer20\" readability=\"8\">\n<p dir=\"ltr\" class=\"bbc-1kju7ke-Paragraph e1cc2ql70\"><i class=\"bbc-h1y5j7 ewc4zcb0\">Ahora puedes recibir notificaciones de BBC News Mundo. Descarga nuestra app y act\u00edvalas para no perderte nuestro mejor contenido.<\/i><\/p>\n<\/div>\n","protected":false},"excerpt":{"rendered":"<p>Redacci\u00f3n BBC News Mundo 3 horas Fuente de la imagen, Getty Images Pie de foto, Unas 10.000 personas garantizar\u00e1n la seguridad del sumo pont\u00edfice. Los viajes del papa Francisco, en sus ocho a\u00f1os de pontificado, se han diferenciado de los de sus antecesores porque no han tenido como destino los grandes centros cat\u00f3licos del mundo [&hellip;]<\/p>\n","protected":false},"author":1,"featured_media":2600,"comment_status":"closed","ping_status":"closed","sticky":false,"template":"","format":"standard","meta":[],"categories":[24],"tags":[],"_links":{"self":[{"href":"http:\/\/cordobadirecto.com\/index.php\/wp-json\/wp\/v2\/posts\/2599"}],"collection":[{"href":"http:\/\/cordobadirecto.com\/index.php\/wp-json\/wp\/v2\/posts"}],"about":[{"href":"http:\/\/cordobadirecto.com\/index.php\/wp-json\/wp\/v2\/types\/post"}],"author":[{"embeddable":true,"href":"http:\/\/cordobadirecto.com\/index.php\/wp-json\/wp\/v2\/users\/1"}],"replies":[{"embeddable":true,"href":"http:\/\/cordobadirecto.com\/index.php\/wp-json\/wp\/v2\/comments?post=2599"}],"version-history":[{"count":0,"href":"http:\/\/cordobadirecto.com\/index.php\/wp-json\/wp\/v2\/posts\/2599\/revisions"}],"wp:featuredmedia":[{"embeddable":true,"href":"http:\/\/cordobadirecto.com\/index.php\/wp-json\/wp\/v2\/media\/2600"}],"wp:attachment":[{"href":"http:\/\/cordobadirecto.com\/index.php\/wp-json\/wp\/v2\/media?parent=2599"}],"wp:term":[{"taxonomy":"category","embeddable":true,"href":"http:\/\/cordobadirecto.com\/index.php\/wp-json\/wp\/v2\/categories?post=2599"},{"taxonomy":"post_tag","embeddable":true,"href":"http:\/\/cordobadirecto.com\/index.php\/wp-json\/wp\/v2\/tags?post=2599"}],"curies":[{"name":"wp","href":"https:\/\/api.w.org\/{rel}","templated":true}]}}