{"id":2601,"date":"2021-03-05T09:16:04","date_gmt":"2021-03-05T09:16:04","guid":{"rendered":"http:\/\/cordobadirecto.com\/index.php\/2021\/03\/05\/cristina-fernandez-furioso-ataque-al-poder-judicial-desde-el-banquillo-de-acusada\/"},"modified":"2021-03-05T09:16:04","modified_gmt":"2021-03-05T09:16:04","slug":"cristina-fernandez-furioso-ataque-al-poder-judicial-desde-el-banquillo-de-acusada","status":"publish","type":"post","link":"http:\/\/cordobadirecto.com\/index.php\/2021\/03\/05\/cristina-fernandez-furioso-ataque-al-poder-judicial-desde-el-banquillo-de-acusada\/","title":{"rendered":"Cristina Fern\u00e1ndez: furioso ataque al Poder Judicial desde el banquillo de acusada"},"content":{"rendered":"<div><img src=\"http:\/\/cordobadirecto.com\/wp-content\/uploads\/2021\/03\/cristina-fernandez-furioso-ataque-al-poder-judicial-desde-el-banquillo-de-acusada.jpg\" class=\"ff-og-image-inserted\"><\/div>\n<p>La vicepresidenta <a href=\"https:\/\/www.lavoz.com.ar\/personas\/cristina-fernandez\" target=\"_blank\" rel=\"noopener\">Cristina Fern\u00e1ndez de Kirchner<\/a> descarg\u00f3 ayer toda su furia contra el Poder Judicial y contra el expresidente <a href=\"https:\/\/www.lavoz.com.ar\/temas\/mauricio-macri\" target=\"_blank\" rel=\"noopener\">Mauricio Macri<\/a> y varios funcionarios de aquel gobierno, y reclam\u00f3 avanzar con los cambios en la Justicia porque el sistema est\u00e1 \u201cpodrido\u201d y es \u201cperverso\u201d.<\/p>\n<p>Cristina Fern\u00e1ndez aprovech\u00f3 su declaraci\u00f3n ante los jueces que la investigan por la causa conocida como \u201cd\u00f3lar futuro\u201d no s\u00f3lo para rechazar las acusaciones en su contra, sino tambi\u00e9n para denunciar que todo el proceso \u201cse manipul\u00f3 y se arm\u00f3 al calor del proceso electoral de 2015.<\/p>\n<p class=\"CitaAutor\">Fueron m\u00e1s de 40 minutos de una intensa presentaci\u00f3n en la que la vicepresidenta estuvo al borde de las l\u00e1grimas y en la que se encarg\u00f3 de apuntar contra Macri; el exministro de Hacienda Alfonso Prat Gay, el extitular del Banco Central Federico Sturzenegger, el exvicejefe de Gabinete Mario Quintana, el fallecido juez federal Claudio Bonadio y el fiscal Carlos Stornelli, entre otros. Adem\u00e1s, incluy\u00f3 cr\u00edticas directas al juez Daniel Petrone, uno de los que integran el tribunal que la juzga por esta causa.<\/p>\n<p>Despu\u00e9s de la extensa presentaci\u00f3n que hicieron la vicepresidenta y el gobernador de Buenos Aires, Axel Kicillof \u2013era ministro de Econom\u00eda al momento en que ocurrieron los hechos que se investigan\u2013, el fiscal ante la C\u00e1mara de Casaci\u00f3n Ra\u00fal Ple\u00e9 pidi\u00f3 que el juicio oral por la causa d\u00f3lar futuro se llevara adelante y los acusados fueran juzgados.<\/p>\n<div class=\"block-ad-node\">\n<div>\n<p> <span>Publicidad<\/span> <\/p>\n<\/div>\n<\/div>\n<p>La Sala I de la C\u00e1mara de Casaci\u00f3n, integrada por Daniel Petrone, Diego Barroetave\u00f1a y Ana Mar\u00eda Figueroa, tiene ahora 20 d\u00edas para resolver.<\/p>\n<p>Ple\u00e9 sostuvo hoy que el juicio oral permitir\u00e1 analizar las pruebas de la causa y llegar a una definici\u00f3n. \u201cEl peritaje o los peritos deben ser llevados al juicio y las partes confrontar\u00e1n con \u00e9l para verificar si sus argumentaciones son o no convincentes, para considerar si ha existido o no un delito\u201d, explic\u00f3.<\/p>\n<p>Cristina Kirchner record\u00f3 que la investigaci\u00f3n se inici\u00f3 con una presentaci\u00f3n de los entonces titulares de los bloques de la Uni\u00f3n C\u00edvica Radical (UCR), Mario Negri, y del PRO, Federico Pinedo, el 30 de octubre de 2015, cuando el pa\u00eds se encaminaba a la segunda vuelta electoral para definir a su pr\u00f3ximo presidente. Seguidamente, cuestion\u00f3 que la causa hubiera quedado en manos de Bonadio, quien la proces\u00f3 por \u201chacerle perder al Estado nacional o al Banco Central 55 mil millones de pesos\u201d.<\/p>\n<p class=\"SubTitulo\">La defensa como ataque<\/p>\n<p>\u201cEl lawfare es tambi\u00e9n intromisi\u00f3n y manipulaci\u00f3n de procesos electorales y de la pol\u00edtica en general por parte de ustedes como miembros del Poder Judicial\u201d, les recrimin\u00f3 a los integrantes de la Sala I de la C\u00e1mara Federal de Casaci\u00f3n Penal.<\/p>\n<div class=\"block-ad-node\">\n<div>\n<p> <span>Publicidad<\/span> <\/p>\n<\/div>\n<\/div>\n<p>Incluso, Cristina Kirchner acus\u00f3 a Bonadio de \u201cprovocar una corrida, una devaluaci\u00f3n\u201d con el allanamiento que realiz\u00f3 el 17 de noviembre de 2015 en la mesa de dinero del Banco Central \u201cen plena rueda cambiaria\u201d. \u201cImag\u00ednense cu\u00e1l era el objetivo: provocar una corrida, una devaluaci\u00f3n, un desastre para todos. Pero, bueno, el desastre iba a venir m\u00e1s tarde, pero eso los argentinos no pod\u00edan saberlo tampoco\u201d, dijo en alusi\u00f3n al gobierno de Macri.<\/p>\n<p>La vicepresidenta desacredit\u00f3 adem\u00e1s la acusaci\u00f3n con la que el 13 de abril de 2016 se plante\u00f3 que las operaciones del d\u00f3lar futuro que se investigan fueron para beneficiar a \u201camigos\u201d de su gobierno. \u201cNo hab\u00eda ning\u00fan amigo de mi gobierno entre los que hab\u00edan comprado y contratado d\u00f3lar futuro. No, no, no, estaban todos los amigos de quien ya era presidente de los argentinos, Mauricio Macri. Es m\u00e1s, hab\u00eda funcionarios de su gobierno, y concretamente quiero referirme a Quintana, Mario Quintana\u201d, replic\u00f3, y dijo que el entonces vicejefe de Gabinete se reuni\u00f3 en la Casa Rosada con autoridades del mercado cambiario para \u201carreglar la tasa de inter\u00e9s que les iban a pagar a esos contratos de d\u00f3lar futuro\u201d.<\/p>\n<p>\u201c\u00bfSe entiende? Lo voy a explicar nuevamente: Cristina Fern\u00e1ndez de Kirchner, acusada de que con los contratos de d\u00f3lar futuro beneficiaba a sus amigos. La realidad era que ning\u00fan amigo m\u00edo, ning\u00fan funcionario de nuestro gobierno ten\u00edan contrato de d\u00f3lar futuro. Los que lo ten\u00edan eran los amigos de Macri y sus funcionarios, y cuando llegaron al gobierno pactaron la tasa de inter\u00e9s que iban a pagar a sus propios contratos que hab\u00edan hecho antes, sabiendo que iban a devaluar\u201d, dijo.<\/p>\n<div class=\"block-ad-node\">\n<div>\n<p> <span>Publicidad<\/span> <\/p>\n<\/div>\n<\/div>\n<p>Para desestimar las acusaciones, Cristina Kirchner tambi\u00e9n se refiri\u00f3 a las conclusiones de los peritos contables de la Corte y, seg\u00fan record\u00f3, \u201cnunca hubo un perjuicio, al contrario: el balance del Banco Central fue positivo. Con nosotros, el Banco Central acrecent\u00f3 sus ganancias\u201d.<\/p>\n<p>Luego, la expresidenta aprovech\u00f3 para advertir que Cambiemos asumi\u00f3 con el objetivo de devaluar y centr\u00f3 sus cr\u00edticas en Prat Gay y en Sturzenegger. \u201cEl precio del d\u00f3lar era de 9,74 pesos cuando yo dej\u00e9 la presidencia, y los bienes y servicios de la Rep\u00fablica Argentina estaban a un d\u00f3lar de 9,74 pesos. Cuando el genio de las finanzas, Prat Gay, dijo que no, que estaba todo a 15 pesos o a 16 pesos, que era el precio del d\u00f3lar blue, todos los demonios hicieron una devaluaci\u00f3n del 40 o el 60 por ciento, catastr\u00f3fica\u201d, critic\u00f3.<\/p>\n<p>\u201cVinieron para eso y ustedes, el Poder Judicial, contribuyeron a que ese gobierno ganara las elecciones e hiciera lo que hizo despu\u00e9s. Ustedes tambi\u00e9n son responsables de lo que pas\u00f3 y de lo que est\u00e1 pasando en la Rep\u00fablica Argentina, y realmente me da mucha bronca porque la que sufre es la gente\u201d, dijo al borde del llanto.<\/p>\n<p>\u201cEste es el sistema que est\u00e1 podrido y perverso, y que es necesario que todos pongamos el esfuerzo para corregirlo\u201d, dijo. Y aclar\u00f3 que no ped\u00eda su sobreseimiento.<\/p>\n<p><strong>Sin interrupciones y por redes.<\/strong> La vicepresidenta lanz\u00f3 cr\u00edticas feroces al Poder Judicial, se despach\u00f3 contra Mauricio Macri e involucr\u00f3 a 12 magistrados en pr\u00e1cticas conspirativas. En ning\u00fan momento fue interrumpida por el tribunal.<\/p>\n<div class=\"ctaNewsNotaContainer\" readability=\"6.5\">\n<div class=\"newsletterTextContainer\" readability=\"33\">\n<p> S\u00cdNTESIS POL\u00cdTICA<\/p>\n<p> Informaci\u00f3n exclusiva y el mejor an\u00e1lisis, los lunes en tu correo.<\/p>\n<form method=\"post\" action-xhr=\"https:\/\/www.lavoz.com.ar\/newsletters\/sintesis-politica\/signup\" id=\"newsletter-signup\" class=\"newsletterForm\" target=\"_blank\" custom-validation-reporting=\"as-you-go\" on=\"submit:AMP.setState({formLoading:true});submit-success:AMP.setState({formSuccess:true})\">\n<div submit-success class=\"is-paddingless-l\" readability=\"6\"> <template type=\"amp-mustache\" readability=\"2\"><\/p>\n<p> <strong>\u00a1Gracias por suscribirte!<\/strong><\/p>\n<p> <\/template><\/div>\n<div submit-error class=\"is-paddingless-l\" readability=\"6.5\"> <template type=\"amp-mustache\" readability=\"3\"><\/p>\n<p> <strong>Ha ocurrido un error, por favor intente nuevamente m\u00e1s tarde.<\/strong><\/p>\n<p> <\/template><\/div>\n<\/form>\n<\/div>\n<\/div>\n<div class=\"column is-inline-block\" readability=\"5.1028037383178\">\n<div class=\"notification is-padding-lr\" readability=\"5.9532710280374\"> <a class=\"no-decoration is-font-bold\" href=\"https:\/\/www.lavoz.com.ar\/edicion-impresa\">Edici\u00f3n Impresa<\/a><\/p>\n<p class=\"is-font-sans-serif\">El texto original de este art\u00edculo fue publicado el 5\/03\/2021 en nuestra edici\u00f3n impresa.<\/p>\n<\/div>\n<\/div>\n<div>\n<p> <span>Publicidad<\/span> <\/p>\n<\/div>\n","protected":false},"excerpt":{"rendered":"<p>La vicepresidenta Cristina Fern\u00e1ndez de Kirchner descarg\u00f3 ayer toda su furia contra el Poder Judicial y contra el expresidente Mauricio Macri y varios funcionarios de aquel gobierno, y reclam\u00f3 avanzar con los cambios en la Justicia porque el sistema est\u00e1 \u201cpodrido\u201d y es \u201cperverso\u201d. Cristina Fern\u00e1ndez aprovech\u00f3 su declaraci\u00f3n ante los jueces que la investigan [&hellip;]<\/p>\n","protected":false},"author":1,"featured_media":2602,"comment_status":"closed","ping_status":"closed","sticky":false,"template":"","format":"standard","meta":[],"categories":[23],"tags":[],"_links":{"self":[{"href":"http:\/\/cordobadirecto.com\/index.php\/wp-json\/wp\/v2\/posts\/2601"}],"collection":[{"href":"http:\/\/cordobadirecto.com\/index.php\/wp-json\/wp\/v2\/posts"}],"about":[{"href":"http:\/\/cordobadirecto.com\/index.php\/wp-json\/wp\/v2\/types\/post"}],"author":[{"embeddable":true,"href":"http:\/\/cordobadirecto.com\/index.php\/wp-json\/wp\/v2\/users\/1"}],"replies":[{"embeddable":true,"href":"http:\/\/cordobadirecto.com\/index.php\/wp-json\/wp\/v2\/comments?post=2601"}],"version-history":[{"count":0,"href":"http:\/\/cordobadirecto.com\/index.php\/wp-json\/wp\/v2\/posts\/2601\/revisions"}],"wp:featuredmedia":[{"embeddable":true,"href":"http:\/\/cordobadirecto.com\/index.php\/wp-json\/wp\/v2\/media\/2602"}],"wp:attachment":[{"href":"http:\/\/cordobadirecto.com\/index.php\/wp-json\/wp\/v2\/media?parent=2601"}],"wp:term":[{"taxonomy":"category","embeddable":true,"href":"http:\/\/cordobadirecto.com\/index.php\/wp-json\/wp\/v2\/categories?post=2601"},{"taxonomy":"post_tag","embeddable":true,"href":"http:\/\/cordobadirecto.com\/index.php\/wp-json\/wp\/v2\/tags?post=2601"}],"curies":[{"name":"wp","href":"https:\/\/api.w.org\/{rel}","templated":true}]}}