{"id":2605,"date":"2021-03-05T13:42:00","date_gmt":"2021-03-05T13:42:00","guid":{"rendered":"http:\/\/cordobadirecto.com\/index.php\/2021\/03\/05\/el-papa-rechazo-que-los-paises-extranjeros-impongan-sus-intereses-politicos-en-irak\/"},"modified":"2021-03-05T13:42:00","modified_gmt":"2021-03-05T13:42:00","slug":"el-papa-rechazo-que-los-paises-extranjeros-impongan-sus-intereses-politicos-en-irak","status":"publish","type":"post","link":"http:\/\/cordobadirecto.com\/index.php\/2021\/03\/05\/el-papa-rechazo-que-los-paises-extranjeros-impongan-sus-intereses-politicos-en-irak\/","title":{"rendered":"El Papa rechaz\u00f3 que los pa\u00edses extranjeros impongan sus &#8220;intereses pol\u00edticos&#8221; en Irak"},"content":{"rendered":"<div class=\"image\" id=\"image\" readability=\"7\"> <img src=\"http:\/\/cordobadirecto.com\/wp-content\/uploads\/2021\/03\/el-papa-rechazo-que-los-paises-extranjeros-impongan-sus-intereses-politicos-en-irak.jpg\" alt=\"El Papa realiza la primera visita de la historia de un pont\u00edfice al pa\u00eds\" title=\"El Papa realiza la primera visita de la historia de un pont\u00edfice al pa\u00eds\"><\/p>\n<p>El Papa realiza la primera visita de la historia de un pont\u00edfice al pa\u00eds<\/p>\n<\/div>\n<p>En su primer discurso en Irak, donde lleg\u00f3 este viernes para una hist\u00f3rica visita de tres d\u00edas, el papa Francisco pidi\u00f3 que las naciones extranjeras no impongan sus &#8220;intereses pol\u00edticos&#8221; en el pa\u00eds, al tiempo que anim\u00f3 a las autoridades locales a encarar una reconstrucci\u00f3n con respeto por las minor\u00edas religiosas y que pueda crear &#8220;oportunidades concretas&#8221; para salir de la crisis econ\u00f3mica sin &#8220;violencia y extremismos&#8221;.<\/p>\n<p>&#8220;Que cesen los intereses particulares, esos intereses externos que son indiferentes a la poblaci\u00f3n local&#8221;, reclam\u00f3 el Papa en el discurso frente al presidente Barham Salih en el Palacio Presidencial de Bagdad, al llamar al pa\u00eds a una reconstrucci\u00f3n tras las \u00faltimas d\u00e9cadas en las que Irak sufri\u00f3 &#8220;guerras, terrorismo y conflictos sectarios&#8221;.<\/p>\n<p>&#8220;Espero que las naciones no retiren al pueblo iraqu\u00ed la mano extendida de la amistad y del compromiso constructivo, sino que sigan trabajando con esp\u00edritu de responsabilidad com\u00fan con las autoridades, sin imponer intereses pol\u00edticos o ideol\u00f3gicos&#8221;, continu\u00f3 el Papa en esa direcci\u00f3n, en un contexto en el que, desde la invasi\u00f3n estadounidense de 2003, tras el derrocamiento de Saddam Hussein, diversos pa\u00edses occidentales han tenido presencia militar en el pa\u00eds, donde Ir\u00e1n tiene tambi\u00e9n una gran influencia.<\/p>\n<blockquote readability=\"8\">\n<p>&#8220;Espero que las naciones no retiren al pueblo iraqu\u00ed la mano extendida de la amistad y del compromiso constructivo, sino que sigan trabajando con esp\u00edritu de responsabilidad com\u00fan con las autoridades&#8221;<span class=\"comilla\">\u201d<\/span><\/p>\n<\/blockquote>\n<p>El Papa lleg\u00f3 a Bagdad en un viaje que calific\u00f3 como &#8220;emblem\u00e1tico&#8221; para iniciar una gira de tres d\u00edas durante la que ser\u00e1 acompa\u00f1ado a bordo del avi\u00f3n papal por periodistas de distintos medios, entre ellos T\u00e9lam.<\/p>\n<p>Frente a las autoridades, Francisco inici\u00f3 su discurso recordando que, &#8220;en las \u00faltimas d\u00e9cadas, Irak ha sufrido los desastres de las guerras, el flagelo del terrorismo y conflictos sectarios basados a menudo en un fundamentalismo que no puede aceptar la pac\u00edfica convivencia de varios grupos \u00e9tnicos y religiosos, de ideas y culturas diversas&#8221;.<\/p>\n<p>En la primera visita de la historia de un pont\u00edfice al pa\u00eds, y tras recordar la persecuci\u00f3n a minor\u00edas religiosas como los cristianos yazid\u00edes, el Papa resalt\u00f3 que &#8220;la diversidad religiosa, cultural y \u00e9tnica que ha caracterizado a la sociedad iraqu\u00ed por milenios, es un recurso valioso para aprovechar, no un obst\u00e1culo a eliminar&#8221;.<\/p>\n<p>&#8220;Hoy, Irak est\u00e1 llamado a mostrar a todos, especialmente en Oriente Medio, que las diferencias, m\u00e1s que dar lugar a conflictos, deben cooperar arm\u00f3nicamente en la vida civil&#8221;, propuso Jorge Bergoglio, de 84 a\u00f1os. La visita del Papa se extender\u00e1 tres d\u00edas durante los cuales tambi\u00e9n visitar\u00e1 el sur y el norte del pa\u00eds.<\/p>\n<blockquote readability=\"11\">\n<p>&#8220;Hoy, Irak est\u00e1 llamado a mostrar a todos, especialmente en Oriente Medio, que las diferencias, m\u00e1s que dar lugar a conflictos, deben cooperar arm\u00f3nicamente en la vida civil&#8221;<span class=\"comilla\">\u201d<\/span><\/p>\n<\/blockquote>\n<p>Antes de hablar en el Palacio, el Papa se reuni\u00f3 con Salih en una de las salas del Palacio Presidencial, al que lleg\u00f3 en un auto blindado, el primero que utiliza desde que fue elegido pont\u00edfice en 2013.<\/p>\n<p>Salih agradeci\u00f3 al Papa su visita &#8220;m\u00e1s all\u00e1 de la situaci\u00f3n dif\u00edcil que est\u00e1 atravesando el mundo con el coronavirus y que nuestro pa\u00eds sangrante ha aguantado&#8221;.<\/p>\n<p>En un discurso en el que record\u00f3 a las v\u00edctimas &#8220;de la violencia, de la persecuci\u00f3n y del terrorismo&#8221;, Francisco se refiri\u00f3 tambi\u00e9n a la empobrecida poblaci\u00f3n del pa\u00eds &#8220;que lucha cada d\u00eda buscando seguridad y medios para seguir adelante, mientras que aumenta la desocupaci\u00f3n y la pobreza&#8221;.<\/p>\n<p>As\u00ed, pidi\u00f3 a las autoridades &#8220;todo esfuerzo por crear oportunidades concretas tanto en el \u00e1mbito econ\u00f3mico y en el \u00e1mbito de la educaci\u00f3n&#8221;, ya que, &#8220;despu\u00e9s de una crisis, no basta con reconstruir, es necesario hacerlo bien, de modo que todos puedan tener una vida digna&#8221;, sostuvo.<\/p>\n<blockquote readability=\"8\">\n<p>El marco del pedido del Papa es la persecuci\u00f3n sufrida por los cristianos en este siglo, que llev\u00f3 a que los fieles pasaran de cerca de 1.2 millones a unos 300.000, seg\u00fan estima el Vaticano<span class=\"comilla\">\u201d<\/span><\/p>\n<\/blockquote>\n<p>&#8220;No m\u00e1s violencia, extremismos, facciones, intolerancias&#8221;, pidi\u00f3 el Papa. Francisco sostuvo que, &#8220;en estos a\u00f1os, Irak ha tratado de sentar las bases para una sociedad democr\u00e1tica&#8221;, para lo que consider\u00f3 &#8220;indispensable asegurar la participaci\u00f3n de todos los grupos pol\u00edticos, sociales y religiosos, y garantizar los derechos fundamentales de todos los ciudadanos&#8221;, y reclam\u00f3 &#8220;que ninguno sea considerado ciudadano de segunda clase&#8221;.<\/p>\n<p>El marco del pedido del Papa es la persecuci\u00f3n sufrida por los cristianos en este siglo, que llev\u00f3 a que los fieles pasaran de cerca de 1.2 millones a unos 300.000, seg\u00fan estima el Vaticano.<\/p>\n<p>Francisco plante\u00f3 en su discurso que &#8220;la antiqu\u00edsima presencia de los cristianos en esta tierra y su contribuci\u00f3n a la vida del pa\u00eds constituyen una rica herencia, que quiere poder seguir al servicio de todos&#8221; y &#8220;puede contribuir a la prosperidad y a la armon\u00eda del pa\u00eds&#8221;. <\/p>\n","protected":false},"excerpt":{"rendered":"<p>El Papa realiza la primera visita de la historia de un pont\u00edfice al pa\u00eds En su primer discurso en Irak, donde lleg\u00f3 este viernes para una hist\u00f3rica visita de tres d\u00edas, el papa Francisco pidi\u00f3 que las naciones extranjeras no impongan sus &#8220;intereses pol\u00edticos&#8221; en el pa\u00eds, al tiempo que anim\u00f3 a las autoridades locales [&hellip;]<\/p>\n","protected":false},"author":1,"featured_media":2606,"comment_status":"closed","ping_status":"closed","sticky":false,"template":"","format":"standard","meta":[],"categories":[24],"tags":[],"_links":{"self":[{"href":"http:\/\/cordobadirecto.com\/index.php\/wp-json\/wp\/v2\/posts\/2605"}],"collection":[{"href":"http:\/\/cordobadirecto.com\/index.php\/wp-json\/wp\/v2\/posts"}],"about":[{"href":"http:\/\/cordobadirecto.com\/index.php\/wp-json\/wp\/v2\/types\/post"}],"author":[{"embeddable":true,"href":"http:\/\/cordobadirecto.com\/index.php\/wp-json\/wp\/v2\/users\/1"}],"replies":[{"embeddable":true,"href":"http:\/\/cordobadirecto.com\/index.php\/wp-json\/wp\/v2\/comments?post=2605"}],"version-history":[{"count":0,"href":"http:\/\/cordobadirecto.com\/index.php\/wp-json\/wp\/v2\/posts\/2605\/revisions"}],"wp:featuredmedia":[{"embeddable":true,"href":"http:\/\/cordobadirecto.com\/index.php\/wp-json\/wp\/v2\/media\/2606"}],"wp:attachment":[{"href":"http:\/\/cordobadirecto.com\/index.php\/wp-json\/wp\/v2\/media?parent=2605"}],"wp:term":[{"taxonomy":"category","embeddable":true,"href":"http:\/\/cordobadirecto.com\/index.php\/wp-json\/wp\/v2\/categories?post=2605"},{"taxonomy":"post_tag","embeddable":true,"href":"http:\/\/cordobadirecto.com\/index.php\/wp-json\/wp\/v2\/tags?post=2605"}],"curies":[{"name":"wp","href":"https:\/\/api.w.org\/{rel}","templated":true}]}}