{"id":26122,"date":"2021-11-02T12:33:48","date_gmt":"2021-11-02T12:33:48","guid":{"rendered":"https:\/\/www.cordoba.gob.ar\/?p=15479"},"modified":"2021-11-02T12:33:48","modified_gmt":"2021-11-02T12:33:48","slug":"jornada-por-el-derecho-a-la-educacion-superior-en-el-parque-educativo-norte","status":"publish","type":"post","link":"http:\/\/cordobadirecto.com\/index.php\/2021\/11\/02\/jornada-por-el-derecho-a-la-educacion-superior-en-el-parque-educativo-norte\/","title":{"rendered":"Jornada por el Derecho a la Educaci\u00f3n Superior en el Parque Educativo Norte"},"content":{"rendered":"<div><img src=\"http:\/\/cordobadirecto.com\/wp-content\/uploads\/2021\/11\/jornada-por-el-derecho-a-la-educacion-superior-en-el-parque-educativo-norte.jpg\" class=\"ff-og-image-inserted\"><\/div>\n<ul>\n<li><strong>Se trata de una jornada de intercambios junto a estudiantes secundarios sobre las carreras universitarias y los programas destinados a ingresantes 2022.<\/strong><\/li>\n<li><strong>El pr\u00f3ximo 10 de Noviembre esta actividad se replicar\u00e1 en el Parque Educativo Este.<\/strong><\/li>\n<\/ul>\n<hr>\n<p>En el marco de las acciones del Nodo de \u201cParques con Horizonte\u201d por la inclusi\u00f3n educativa, desde la Direcci\u00f3n de Parques Educativos, y junto a la Secretar\u00eda de Extensi\u00f3n de la Universidad Nacional de C\u00f3rdoba a trav\u00e9s del programa Puntos de Extensi\u00f3n, llevamos adelante en el Parque Educativo Norte una jornada de intercambios junto a estudiantes secundarios sobre las carreras universitarias y los programas destinados a ingresantes 2022.<\/p>\n<p>Durante el encuentro se comparti\u00f3 una charla-debate sobre los derechos estudiantiles y la vida universitaria, donde las y los estudiantes pudieron sacarse dudas sobre el quehacer estudiantil en la universidad p\u00fablica. Tambi\u00e9n accedieron a una gu\u00eda de carreras disponibles en las 15 facultades de la UNC.<\/p>\n<p>El Secretario de Educaci\u00f3n, Horacio Ferreyra, valor\u00f3 esta iniciativa que contribuye con la inclusi\u00f3n educativa y pretende ser una ayuda para que cada joven o adulto construya su proyecto de vida vinculado con la continuidad de estudios superiores. Adem\u00e1s, celebr\u00f3 el trabajo conjunto con la UNC.<\/p>\n<p><em>\u201cEstas acciones nos permiten avanzar en la promoci\u00f3n del acceso a la educaci\u00f3n superior, desde la articulaci\u00f3n directa con estudiantes del nivel secundario y las \u00e1reas correspondientes de la UNC\u201d mencion\u00f3 la Directora de Parques Educativos Eugenia Rotondi. Adem\u00e1s, agreg\u00f3 que \u201ces importante desde los Parques Educativos fortalecer estos espacios de encuentro para que el ingreso y la permanencia en la universidad p\u00fablica sea una posibilidad al alcance de cada vecino y vecina de la ciudad de C\u00f3rdoba\u201d. <\/em><\/p>\n<p>Adem\u00e1s, durante la jornada, los y las estudiantes que participaron, pudieron conocer las propuestas de producci\u00f3n, formaci\u00f3n y recreaci\u00f3n que tiene el Parque Educativo Norte para j\u00f3venes de la zona.<\/p>\n<p>Esta iniciativa se suma a una serie de dispositivos construidos desde la Direcci\u00f3n de Parques Educativos, para fortalecer aptitudes y vocaciones de j\u00f3venes y adultos\/as. Es por esto que el encuentro con el mundo universitario sirve para fortalecer las propuestas de los talleres de orientaci\u00f3n vocacional y laboral \u201cProyectarSe\u201d, desde d\u00f3nde se acompa\u00f1a a j\u00f3venes y adultos\/as a construir herramientas para el futuro.<\/p>\n<p>De la actividad participaron 70 estudiantes de los IPEM N\u00b020 Rodolfo Walsh e IPEM N\u00b0338 Salvador Mazza, y en la organizaci\u00f3n colaboraron Casa Macuca y el Club Hurac\u00e1n.<\/p>\n<p>El pr\u00f3ximo 10 de Noviembre esta actividad se replicar\u00e1 en el Parque Educativo Este.<\/p>\n","protected":false},"excerpt":{"rendered":"<p>Se trata de una jornada de intercambios junto a estudiantes secundarios sobre las carreras universitarias y los programas destinados a ingresantes 2022. El pr\u00f3ximo 10 de Noviembre esta actividad se replicar\u00e1 en el Parque Educativo Este. En el marco de las acciones del Nodo de \u201cParques con Horizonte\u201d por la inclusi\u00f3n educativa, desde la Direcci\u00f3n [&hellip;]<\/p>\n","protected":false},"author":1,"featured_media":26123,"comment_status":"closed","ping_status":"closed","sticky":false,"template":"","format":"standard","meta":[],"categories":[44],"tags":[],"_links":{"self":[{"href":"http:\/\/cordobadirecto.com\/index.php\/wp-json\/wp\/v2\/posts\/26122"}],"collection":[{"href":"http:\/\/cordobadirecto.com\/index.php\/wp-json\/wp\/v2\/posts"}],"about":[{"href":"http:\/\/cordobadirecto.com\/index.php\/wp-json\/wp\/v2\/types\/post"}],"author":[{"embeddable":true,"href":"http:\/\/cordobadirecto.com\/index.php\/wp-json\/wp\/v2\/users\/1"}],"replies":[{"embeddable":true,"href":"http:\/\/cordobadirecto.com\/index.php\/wp-json\/wp\/v2\/comments?post=26122"}],"version-history":[{"count":0,"href":"http:\/\/cordobadirecto.com\/index.php\/wp-json\/wp\/v2\/posts\/26122\/revisions"}],"wp:featuredmedia":[{"embeddable":true,"href":"http:\/\/cordobadirecto.com\/index.php\/wp-json\/wp\/v2\/media\/26123"}],"wp:attachment":[{"href":"http:\/\/cordobadirecto.com\/index.php\/wp-json\/wp\/v2\/media?parent=26122"}],"wp:term":[{"taxonomy":"category","embeddable":true,"href":"http:\/\/cordobadirecto.com\/index.php\/wp-json\/wp\/v2\/categories?post=26122"},{"taxonomy":"post_tag","embeddable":true,"href":"http:\/\/cordobadirecto.com\/index.php\/wp-json\/wp\/v2\/tags?post=26122"}],"curies":[{"name":"wp","href":"https:\/\/api.w.org\/{rel}","templated":true}]}}