{"id":26124,"date":"2021-11-01T20:46:58","date_gmt":"2021-11-01T20:46:58","guid":{"rendered":"https:\/\/cordoba.gob.ar\/?p=15464"},"modified":"2021-11-01T20:46:58","modified_gmt":"2021-11-01T20:46:58","slug":"asi-trabajan-los-recuperadores-urbanos-en-el-area-central-de-la-ciudad","status":"publish","type":"post","link":"http:\/\/cordobadirecto.com\/index.php\/2021\/11\/01\/asi-trabajan-los-recuperadores-urbanos-en-el-area-central-de-la-ciudad\/","title":{"rendered":"As\u00ed trabajan los Recuperadores Urbanos en el \u00c1rea Central de la ciudad"},"content":{"rendered":"<div><img src=\"http:\/\/cordobadirecto.com\/wp-content\/uploads\/2021\/11\/asi-trabajan-los-recuperadores-urbanos-en-el-area-central-de-la-ciudad.jpg\" class=\"ff-og-image-inserted\"><\/div>\n<ul>\n<li><strong>126 trabajadores agrupados en tres cooperativas retiran del centro de la ciudad el material celul\u00f3sico.<\/strong><\/li>\n<li><strong>La recolecci\u00f3n de cartones tiene horarios, puntos de acopio y trabajadores identificados con chalecos y credenciales.<\/strong><\/li>\n<\/ul>\n<hr>\n<p>El trabajo diario de los Recuperadores Urbanos ya se visibiliza en la ciudad. Son 126 personas que hoy tienen sus chalecos celestes, el carro del mismo color y su credencial, quienes de manera organizada retiran el material celul\u00f3sico del \u00e1rea central de la ciudad.<\/p>\n<p>Los vecinos pueden ver a estos trabajadores asociados en las cooperativas Solidar, Cartoneros Organizados y Reciclar cumpliendo su funci\u00f3n de lunes a viernes, en el horario de 16 a 20 horas y los d\u00edas s\u00e1bados, de 11:30 a 14:30 hs.<\/p>\n<p>Lo que antes era improvisado, desorganizado y an\u00e1rquico, hoy se transform\u00f3 en un circuito planificado y coordinado desde el Estado para la recuperaci\u00f3n de materiales reciclables en el casco c\u00e9ntrico de la ciudad.<\/p>\n<p>Desde el ente C\u00f3rdoba Obras y Servicios estiman que el \u00e1rea central aportar\u00e1 mensualmente m\u00e1s de 300 toneladas de cart\u00f3n y papeles del \u00e1rea central, los que son depositados en puntos de acopio cercanos para luego trasladarlos al centro verde que la Municipalidad de C\u00f3rdoba tiene en la calle Rodr\u00edguez Pe\u00f1a 470.<\/p>\n<p>Se trata de material que vuelve al circuito productivo y no termina en Piedra Blancas.<\/p>\n<p>En efecto, este programa tiene como objetivo recuperar material celul\u00f3sico (cartones, papeles, cartulinas) que surgen de la actividad comercial en la zona c\u00e9ntrica de la ciudad, para reinsertarlo en el sistema productivo bajo el paradigma de la Econom\u00eda Circular, creando valor a partir de la reutilizaci\u00f3n y reciclado de materiales.<\/p>\n<p>Al mismo tiempo, busca invertir la mirada social que existe en torno a los recuperadores urbanos, ya que desde hace a\u00f1os su labor constituye una contribuci\u00f3n virtuosa para mejorar la calidad de vida de la ciudad, que integra en simult\u00e1neo formas organizativas de la Econom\u00eda Popular con las estrategias regeneradoras de la Econom\u00eda Circular.<\/p>\n<p>La integraci\u00f3n y reconocimiento institucional de la actividad busca coordinar acciones para reducir la cantidad de material celul\u00f3sico destinado a disposici\u00f3n final; la dignificaci\u00f3n de los trabajadores, poniendo a disposici\u00f3n nuevas herramientas de calidad para desarrollar la labor, elementos identificatorios y la articulaci\u00f3n de las cooperativas y el Estado hacia un circuito formal de recuperaci\u00f3n de materiales.<\/p>\n<p><em>\u201cRecuperadores Urbanos es un programa que busca soluciones hacia la formalidad en lo que antes era un circuito informal. Los y las trabajadoras son los verederos art\u00edfices de la recuperaci\u00f3n del material y queremos agradecerles la gran labor diario que realizan\u201d<\/em>, expres\u00f3 la titular del COyS, Victoria Flores.<\/p>\n<p>La funcionaria agreg\u00f3 que <em>\u201cel Intendente siempre nos hace hincapi\u00e9 no solo en la Econom\u00eda Circular sino tambi\u00e9n en la Econom\u00eda Comunitaria y este programa resume lo que es trabajar ambas econom\u00edas a trav\u00e9s de una mirada social de integraci\u00f3n\u201d.<\/em><\/p>\n<p>En este esquema tambi\u00e9n participa el sector comercial del \u00e1rea central, ya que a trav\u00e9s de las entidades que los nuclean se estableci\u00f3 un esquema de rutas y horarios en el que se dispondr\u00e1 del material que luego ser\u00e1 recolectado.<\/p>\n<p>Los trabajadores reciben capacitaciones en Econom\u00eda Circular, estrategias de comercializaci\u00f3n y econom\u00eda popular, para fomentar buenas pr\u00e1cticas y h\u00e1bitos financieros.<\/p>\n","protected":false},"excerpt":{"rendered":"<p>126 trabajadores agrupados en tres cooperativas retiran del centro de la ciudad el material celul\u00f3sico. La recolecci\u00f3n de cartones tiene horarios, puntos de acopio y trabajadores identificados con chalecos y credenciales. El trabajo diario de los Recuperadores Urbanos ya se visibiliza en la ciudad. Son 126 personas que hoy tienen sus chalecos celestes, el carro [&hellip;]<\/p>\n","protected":false},"author":1,"featured_media":26125,"comment_status":"closed","ping_status":"closed","sticky":false,"template":"","format":"standard","meta":[],"categories":[44],"tags":[],"_links":{"self":[{"href":"http:\/\/cordobadirecto.com\/index.php\/wp-json\/wp\/v2\/posts\/26124"}],"collection":[{"href":"http:\/\/cordobadirecto.com\/index.php\/wp-json\/wp\/v2\/posts"}],"about":[{"href":"http:\/\/cordobadirecto.com\/index.php\/wp-json\/wp\/v2\/types\/post"}],"author":[{"embeddable":true,"href":"http:\/\/cordobadirecto.com\/index.php\/wp-json\/wp\/v2\/users\/1"}],"replies":[{"embeddable":true,"href":"http:\/\/cordobadirecto.com\/index.php\/wp-json\/wp\/v2\/comments?post=26124"}],"version-history":[{"count":0,"href":"http:\/\/cordobadirecto.com\/index.php\/wp-json\/wp\/v2\/posts\/26124\/revisions"}],"wp:featuredmedia":[{"embeddable":true,"href":"http:\/\/cordobadirecto.com\/index.php\/wp-json\/wp\/v2\/media\/26125"}],"wp:attachment":[{"href":"http:\/\/cordobadirecto.com\/index.php\/wp-json\/wp\/v2\/media?parent=26124"}],"wp:term":[{"taxonomy":"category","embeddable":true,"href":"http:\/\/cordobadirecto.com\/index.php\/wp-json\/wp\/v2\/categories?post=26124"},{"taxonomy":"post_tag","embeddable":true,"href":"http:\/\/cordobadirecto.com\/index.php\/wp-json\/wp\/v2\/tags?post=26124"}],"curies":[{"name":"wp","href":"https:\/\/api.w.org\/{rel}","templated":true}]}}