{"id":26262,"date":"2021-11-02T19:06:54","date_gmt":"2021-11-02T19:06:54","guid":{"rendered":"https:\/\/es.digitaltrends.com\/?p=884111"},"modified":"2021-11-02T19:06:54","modified_gmt":"2021-11-02T19:06:54","slug":"facebook-evalua-cerrar-su-sistema-de-reconocimiento-facial","status":"publish","type":"post","link":"http:\/\/cordobadirecto.com\/index.php\/2021\/11\/02\/facebook-evalua-cerrar-su-sistema-de-reconocimiento-facial\/","title":{"rendered":"Facebook eval\u00faa cerrar su sistema de reconocimiento facial"},"content":{"rendered":"<div><img src=\"http:\/\/cordobadirecto.com\/wp-content\/uploads\/2021\/11\/facebook-evalua-cerrar-su-sistema-de-reconocimiento-facial.jpg\" class=\"ff-og-image-inserted\"><\/div>\n<p>A ra\u00edz de la creciente preocupaci\u00f3n de la sociedad por la utilizaci\u00f3n de esta <a href=\"https:\/\/es.digitaltrends.com\/espacio\/astrofisico-fecha-tecnologia-extraterrestre\/\">tecnolog\u00eda<\/a>, Facebook cerrar\u00e1 su sistema de <a href=\"https:\/\/es.digitaltrends.com\/tendencias\/medidas-de-pornhub-para-verificar-contenido\/\">reconocimiento facial<\/a> que identifica de manera autom\u00e1tica a los usuarios en fotos y videos.<\/p>\n<p>La compa\u00f1\u00eda (renombrada <a href=\"https:\/\/es.digitaltrends.com\/sociales\/facebook-cambia-nombre-meta\/\">Meta<\/a> la semana pasada) dijo que m\u00e1s de un tercio de los usuarios ha optado por la configuraci\u00f3n de reconocimiento facial en la <a href=\"https:\/\/es.digitaltrends.com\/sociales\/\">red social<\/a>; este cambio ahora eliminar\u00e1 las plantillas de reconocimiento de m\u00e1s de 1,000 millones de personas.<\/p>\n<p>\u201cLos reguladores est\u00e1n en proceso de proporcionar un conjunto claro de normas que regulen su uso\u201d, explic\u00f3 Jerome Pesenti, vicepresidente de <a href=\"https:\/\/es.digitaltrends.com\/noticias\/video-transformacion-hour-one-dobles-inteligencia-artificial\/\">inteligencia artificial<\/a> de Facebook, en su blog.<\/p>\n<p>\u201cEn medio de esta incertidumbre en curso, creemos que limitar el uso del reconocimiento facial a un conjunto reducido de casos de uso es apropiado\u201d, agreg\u00f3.<\/p>\n<p>Un vocero de la firma explic\u00f3 que la eliminaci\u00f3n se realizar\u00e1 en todo el mundo y se espera que se logre completar en diciembre.<\/p>\n<p>Esta herramienta fue introducida por Facebook en diciembre de 2010. El software de reconocimiento facial identificaba en autom\u00e1tico a las personas que aparec\u00edan en los \u00e1lbumes de fotos digitales de los usuarios y les propon\u00eda etiquetarlos con un clic para vincular sus cuentas a las im\u00e1genes.<\/p>\n<p>Con esta herramienta, Facebook ha creado uno de los mayores repositorios de fotos digitales del mundo, seg\u00fan un art\u00edculo de <em><a href=\"https:\/\/www.nytimes.com\/2021\/11\/02\/technology\/facebook-facial-recognition.html\" target=\"_blank\" rel=\"noopener\">The New York Times<\/a><\/em>.<\/p>\n<p>En fechas recientes, la red social y su creador Mark Zuckerberg han tenido que enfrentar una serie de cuestionamientos debido a la negligencia al momento de proteger los datos de sus usuarios.<\/p>\n<h4 class=\"h-editors-recs-title\"> Recomendaciones del editor\t<\/h4>\n<p> <span id=\"publisher-md\" itemprop=\"publisher\" itemscope itemtype=\"https:\/\/schema.org\/Organization\"> <span itemprop=\"url\" itemtype=\"https:\/\/schema.org\/Url\" content=\"https:\/\/es.digitaltrends.com\"> <span itemprop=\"logo\" itemscope itemtype=\"https:\/\/schema.org\/ImageObject\"> <meta itemprop=\"url\" content=\"https:\/\/cdn.dtcn.com\/dt\/dt-logo-small.png\"> <meta itemprop=\"width\" content=\"0\"> <meta itemprop=\"height\" content=\"0\"> <\/span> <meta itemprop=\"name\" content=\"Digital Trends Espa\u00f1ol\"> <\/span> <span itemprop=\"image\" itemscope itemtype=\"https:\/\/schema.org\/ImageObject\"> <meta itemprop=\"url\" content=\"http:\/\/cordobadirecto.com\/wp-content\/uploads\/2021\/11\/facebook-evalua-cerrar-su-sistema-de-reconocimiento-facial.jpg\"> <\/span> <\/span><\/p>\n","protected":false},"excerpt":{"rendered":"<p>A ra\u00edz de la creciente preocupaci\u00f3n de la sociedad por la utilizaci\u00f3n de esta tecnolog\u00eda, Facebook cerrar\u00e1 su sistema de reconocimiento facial que identifica de manera autom\u00e1tica a los usuarios en fotos y videos. La compa\u00f1\u00eda (renombrada Meta la semana pasada) dijo que m\u00e1s de un tercio de los usuarios ha optado por la configuraci\u00f3n [&hellip;]<\/p>\n","protected":false},"author":1,"featured_media":26263,"comment_status":"closed","ping_status":"closed","sticky":false,"template":"","format":"standard","meta":[],"categories":[26],"tags":[],"_links":{"self":[{"href":"http:\/\/cordobadirecto.com\/index.php\/wp-json\/wp\/v2\/posts\/26262"}],"collection":[{"href":"http:\/\/cordobadirecto.com\/index.php\/wp-json\/wp\/v2\/posts"}],"about":[{"href":"http:\/\/cordobadirecto.com\/index.php\/wp-json\/wp\/v2\/types\/post"}],"author":[{"embeddable":true,"href":"http:\/\/cordobadirecto.com\/index.php\/wp-json\/wp\/v2\/users\/1"}],"replies":[{"embeddable":true,"href":"http:\/\/cordobadirecto.com\/index.php\/wp-json\/wp\/v2\/comments?post=26262"}],"version-history":[{"count":0,"href":"http:\/\/cordobadirecto.com\/index.php\/wp-json\/wp\/v2\/posts\/26262\/revisions"}],"wp:featuredmedia":[{"embeddable":true,"href":"http:\/\/cordobadirecto.com\/index.php\/wp-json\/wp\/v2\/media\/26263"}],"wp:attachment":[{"href":"http:\/\/cordobadirecto.com\/index.php\/wp-json\/wp\/v2\/media?parent=26262"}],"wp:term":[{"taxonomy":"category","embeddable":true,"href":"http:\/\/cordobadirecto.com\/index.php\/wp-json\/wp\/v2\/categories?post=26262"},{"taxonomy":"post_tag","embeddable":true,"href":"http:\/\/cordobadirecto.com\/index.php\/wp-json\/wp\/v2\/tags?post=26262"}],"curies":[{"name":"wp","href":"https:\/\/api.w.org\/{rel}","templated":true}]}}