{"id":26270,"date":"2021-11-02T21:47:12","date_gmt":"2021-11-02T21:47:12","guid":{"rendered":"https:\/\/cordoba.gob.ar\/?p=15526"},"modified":"2021-11-02T21:47:12","modified_gmt":"2021-11-02T21:47:12","slug":"resultados-de-la-convocatoria-sello-diseno-cordobes-2021","status":"publish","type":"post","link":"http:\/\/cordobadirecto.com\/index.php\/2021\/11\/02\/resultados-de-la-convocatoria-sello-diseno-cordobes-2021\/","title":{"rendered":"Resultados de la convocatoria Sello Dise\u00f1o Cordob\u00e9s 2021"},"content":{"rendered":"<div><img src=\"http:\/\/cordobadirecto.com\/wp-content\/uploads\/2021\/11\/resultados-de-la-convocatoria-sello-diseno-cordobes-2021.jpg\" class=\"ff-og-image-inserted\"><\/div>\n<ul>\n<li><strong>Se seleccionaron 42 proyectos referentes del dise\u00f1o industrial, de indumentaria y gr\u00e1fico.<\/strong><\/li>\n<\/ul>\n<hr>\n<p>La Subsecretar\u00eda de Cultura, dependiente de la Secretar\u00eda de Gobierno de la Municipalidad de C\u00f3rdoba, comunica los resultados del Sello Dise\u00f1o Cordob\u00e9s 2021. Los proyectos y productos seleccionados ser\u00e1n parte del Mercado de Dise\u00f1o local que protagonizar\u00e1 el Festival de Dise\u00f1o C\u00f3rdoba 2021, a desarrollarse del 10 al 12 de diciembre pr\u00f3ximo.<\/p>\n<p>Orientada a referentes de proyectos de dise\u00f1o industrial, de indumentaria y gr\u00e1fico, este a\u00f1o la convocatoria p\u00fablica estuvo abierta entre agosto y septiembre pasado. De los 119 proyectos recibidos, 42 obtuvieron la certificaci\u00f3n, en funci\u00f3n del criterio consensuado por un jurado espec\u00edfico.<\/p>\n<p>En este sentido, se consideraron aspectos relacionados a la conceptualizaci\u00f3n; formales y funcionales; de recurso, tecnolog\u00eda y materiales; identidad; creatividad e innovaci\u00f3n; mercado y comunicaci\u00f3n; y sustentabilidad e incidencia social.<\/p>\n<p>Como parte de las medidas llevadas adelante para potenciar el desarrollo de personas creadoras y trabajadoras de la cultura de nuestra ciudad, el Sello DC apunta a transformarse en un referente de identidad local, a partir de la cual ciertos productos, son reconocidos por el p\u00fablico consumidor, el turismo, la industria, etc. en funci\u00f3n de los valores que otorga el dise\u00f1o en los productos.<\/p>\n<p>El Sello DC es organizado por la Direcci\u00f3n de Industrias Culturales y Creativas municipal.<\/p>\n<p>Formaron parte del jurado de selecci\u00f3n: Esteban Labarthe y Luc\u00eda Ron, referentes de la Facultad de Arquitectura Urbanismo y Dise\u00f1o de la UNC; Manuel Ludue\u00f1a, por la Universidad Tecnol\u00f3gica Nacional; Florencia Malem, en representaci\u00f3n de La Metro; Renato Echegaray, referente de la Universidad Provincial de C\u00f3rdoba; Javier Brito Arribas, representando a la Universidad Blas Pascal; Santiago Cantera y Mar\u00eda Candelaria Urrere Pon, por Universidad Siglo 21.<\/p>\n<p>A continuaci\u00f3n se detallan por rubro, nombre\/marca y propuesta aplicada, los proyectos que obtuvieron la certificaci\u00f3n del Sello Dise\u00f1o Cordob\u00e9s Edici\u00f3n 2021:<\/p>\n<p>-Art\u00edculos de consumo<br \/>INESTABLE (recortada, soporte para celular)<br \/>SELVA ILUSTRA (l\u00ednea Monte)<\/p>\n<p>-Bazar<br \/>ALMA GRES (familia de cuencos para beber, L\u00ednea Minios)<br \/>LANTANA CER\u00c1MICAS (germinador de brotes)<\/p>\n<p>-Bazar, Decoraci\u00f3n<br \/>CRUZ CER\u00c1MICA (l\u00ednea Mates Tom\u00e1s)<\/p>\n<p>-Bazar, Decoraci\u00f3n, Papeler\u00eda<br \/>MAPIA (colecci\u00f3n objetos ilustrados con tem\u00e1tica viajera)<\/p>\n<p>-Decoraci\u00f3n<br \/>BERGES (CUHO, luminaria de hormig\u00f3n)<br \/>ESTUDIO MINIMAL (Colecci\u00f3n Ecoprints)<br \/>TALLER SENESTRARI (Colecci\u00f3n de espejos Rayos de Sol)<\/p>\n<p>-Beb\u00e9<br \/>PISONUEVE (l\u00ednea Rinconcitos)<\/p>\n<p>-Jugueter\u00eda<br \/>BICHO CANASTO (Colecci\u00f3n Aves Argentinas \u2013 Colecci\u00f3n Animales Argentinos)<br \/>EL TALLER DE LULA (Alfombra para pintar y lavar)<br \/>SIMPLA (Juguete Minipla)<\/p>\n<p>-Librer\u00eda<br \/>ILUSTRADORA DE SUPERFICIES (Colecci\u00f3n Bot\u00e1nica)<\/p>\n<p>-Papeler\u00eda<br \/>EL TALLER DE LULA (Cuaderno Soy Cordob\u00e9s)<\/p>\n<p>-Equipamiento<br \/>DECOLETT.DI (Knee Chest One, camilla terap\u00e9utica plegable)<\/p>\n<p>-Equipamiento\/ Hogar<br \/>CUQUI\u00b4S (escalera de alcance Eleonor, banco taburete Galileo, banco sill\u00f3n Peper Banco ba\u00fal Robin, mesa de juegos Carol)<br \/>HOMOFABER Dise\u00f1o (l\u00ednea de herrajes para mobiliario interior)<br \/>INNATO (l\u00ednea de mobiliario Colores)<\/p>\n<p>-Indumentaria<br \/>BOVERI CONCEPT (colecci\u00f3n Habitare)<br \/>CARM\u00cb IZZO (colecci\u00f3n Primavera Verano 2021\/2023)<br \/>CONCIENCIA DOMINIO (colecci\u00f3n Oto\u00f1o-Invierno 2021)<br \/>ELLO INDUMENTARIO BIG\u00c9NERO (colecci\u00f3n Capsula N\u00famero 14 Recontrer)<br \/>DEKIA (colecci\u00f3n bolsos)<br \/>NESELLI (indumentaria urbana Modesta colecci\u00f3n 2021)<br \/>ONNA BUGESIHA (colecci\u00f3n Zero Waste)<br \/>AC\u00c1 EST\u00c1 EL CUCO (colecci\u00f3n Romanticismo de Fantas\u00eda)<br \/>SIANAYUKI (producto camisero Luna)<\/p>\n<p>-Indumentaria\/ Beb\u00e9, Infantil<br \/>PAKO PEKO (colecci\u00f3n Lo Poderes)<br \/>PAMPOKIDS (colecci\u00f3n Confite)<br \/>BUAALA MINI ROCK (colecci\u00f3n Primavera-Verano 2021\/2022)<\/p>\n<p>-Calzado<br \/>MANOLAS (Colecci\u00f3n Back to Classics)<\/p>\n<p>-Accesorios<br \/>BOLSA (billetera hecha con bolsas de cemento descartadas)<br \/>INMENSO (l\u00ednea de ri\u00f1oneras)<\/p>\n<p>-Joyer\u00eda contempor\u00e1nea<br \/>JOYAS AREA (Serie Planos 2021)<br \/>CONCRETA (producto Encuentro de Esferas)<br \/>HIENA JOYER\u00cdA (colecci\u00f3n User)<br \/>TOLE JOYER\u00cdA (l\u00ednea Naturaleza, Encuentro y Discurrir)<\/p>\n<p>-Textil<br \/>GARIBALDI HOME Y NICE STUFF (colecci\u00f3n Viajar sin Movernos)<\/p>\n<p>-Comunicaci\u00f3n (impreso\/digital) Identidad visual<br \/>FITHO (Colecci\u00f3n C\u00f3rdoba Ilustrada)<\/p>\n<p>-Packaging<br \/>IMO.PACKS (packaging para cervezas artesanales)<\/p>\n<p>-Maquinaria<br \/>COMPUTROL SRL (tablero seis funciones)<\/p>\n<p>Sobre el Festival de Dise\u00f1o C\u00f3rdoba 2021<\/p>\n<p>Ser\u00e1 gratuito y presencial, del 10 al 12 de diciembre, en espacios p\u00fablicos de la Ciudad. Organizado por la Subsecretar\u00eda de Cultura de la Municipalidad de C\u00f3rdoba, ofrecer\u00e1 un mercado con producci\u00f3n de 100 referentes del dise\u00f1o local, intervenciones, circuitos, talleres y charlas, propuestas gastron\u00f3micas, actividades para infancias y m\u00e1s.<\/p>\n<p>Con el lema \u201cEl Dise\u00f1o que hace ciudad\u201d, invita a pensar el aporte del dise\u00f1o en la creaci\u00f3n de ciudades inclusivas, sustentables, funcionales y amables con sus habitantes.<\/p>\n","protected":false},"excerpt":{"rendered":"<p>Se seleccionaron 42 proyectos referentes del dise\u00f1o industrial, de indumentaria y gr\u00e1fico. La Subsecretar\u00eda de Cultura, dependiente de la Secretar\u00eda de Gobierno de la Municipalidad de C\u00f3rdoba, comunica los resultados del Sello Dise\u00f1o Cordob\u00e9s 2021. Los proyectos y productos seleccionados ser\u00e1n parte del Mercado de Dise\u00f1o local que protagonizar\u00e1 el Festival de Dise\u00f1o C\u00f3rdoba 2021, [&hellip;]<\/p>\n","protected":false},"author":1,"featured_media":26271,"comment_status":"closed","ping_status":"closed","sticky":false,"template":"","format":"standard","meta":[],"categories":[44],"tags":[],"_links":{"self":[{"href":"http:\/\/cordobadirecto.com\/index.php\/wp-json\/wp\/v2\/posts\/26270"}],"collection":[{"href":"http:\/\/cordobadirecto.com\/index.php\/wp-json\/wp\/v2\/posts"}],"about":[{"href":"http:\/\/cordobadirecto.com\/index.php\/wp-json\/wp\/v2\/types\/post"}],"author":[{"embeddable":true,"href":"http:\/\/cordobadirecto.com\/index.php\/wp-json\/wp\/v2\/users\/1"}],"replies":[{"embeddable":true,"href":"http:\/\/cordobadirecto.com\/index.php\/wp-json\/wp\/v2\/comments?post=26270"}],"version-history":[{"count":0,"href":"http:\/\/cordobadirecto.com\/index.php\/wp-json\/wp\/v2\/posts\/26270\/revisions"}],"wp:featuredmedia":[{"embeddable":true,"href":"http:\/\/cordobadirecto.com\/index.php\/wp-json\/wp\/v2\/media\/26271"}],"wp:attachment":[{"href":"http:\/\/cordobadirecto.com\/index.php\/wp-json\/wp\/v2\/media?parent=26270"}],"wp:term":[{"taxonomy":"category","embeddable":true,"href":"http:\/\/cordobadirecto.com\/index.php\/wp-json\/wp\/v2\/categories?post=26270"},{"taxonomy":"post_tag","embeddable":true,"href":"http:\/\/cordobadirecto.com\/index.php\/wp-json\/wp\/v2\/tags?post=26270"}],"curies":[{"name":"wp","href":"https:\/\/api.w.org\/{rel}","templated":true}]}}