{"id":26281,"date":"2021-11-03T20:23:32","date_gmt":"2021-11-03T20:23:32","guid":{"rendered":"https:\/\/cordoba.gob.ar\/?p=15619"},"modified":"2021-11-03T20:23:32","modified_gmt":"2021-11-03T20:23:32","slug":"el-centro-cultural-general-paz-abre-convocatoria-para-talleres","status":"publish","type":"post","link":"http:\/\/cordobadirecto.com\/index.php\/2021\/11\/03\/el-centro-cultural-general-paz-abre-convocatoria-para-talleres\/","title":{"rendered":"El Centro Cultural General Paz abre convocatoria para talleres"},"content":{"rendered":"<div><img src=\"http:\/\/cordobadirecto.com\/wp-content\/uploads\/2021\/11\/el-centro-cultural-general-paz-abre-convocatoria-para-talleres.jpg\" class=\"ff-og-image-inserted\"><\/div>\n<ul>\n<li><strong>El llamado apunta al dictado de cursos hasta fines de diciembre, y para contenidos de verano 2022.<\/strong><\/li>\n<li><strong>Se deber\u00e1 completar un formulario con la propuesta educativa.<\/strong><\/li>\n<\/ul>\n<hr>\n<p>La Subsecretar\u00eda de Cultura de la Municipalidad de C\u00f3rdoba, a trav\u00e9s de su Direcci\u00f3n de Cultura y Patrimonio, informa que se encuentra abierta la convocatoria para cursos y\/o seminarios culturales a programarse en el Centro Cultural General Paz, ubicado en la esquina de las calles Pringles y Lima.<\/p>\n<p>Quienes se postulen para el dictado de seminarios para este a\u00f1o, deber\u00e1n enviar sus propuestas al mail ccgpinterno@gmail.com, con tiempo hasta el 15 de noviembre. El formulario a completar se descarga aqu\u00ed: <strong><a href=\"https:\/\/cordoba.gob.ar\/wp-content\/uploads\/2021\/11\/Formulario-Presentacion-de-Proyectos-2021-2022.docx\">Presentaci\u00f3n de Proyectos 2021-2022<\/a><\/strong><\/p>\n<p>Asimismo, ser\u00e1 posible enviar proyectos para seminarios y cursos de verano con plazo hasta el 15 de diciembre. Para mayor informaci\u00f3n comunicarse v\u00eda telef\u00f3nica al 4339104.<\/p>\n<p>Para participar de esta convocatoria los proyectos deber\u00e1n tener en cuenta los siguientes requisitos:<\/p>\n<p>1) Cumplir con los protocolos sanitarios para las actividades art\u00edsticas y educativas convenidos por el COE.<\/p>\n<p>2) Todos los talleres de difusi\u00f3n cultural en sus distintas modalidades deber\u00e1n adaptarse a los objetivos de Desarrollo Sostenible estipulado por la Organizaci\u00f3n de las Naciones Unidas. Los mismos pueden consultarse en este <strong><a href=\"https:\/\/www.un.org\/sustainabledevelopment\/es\/objetivos-de-desarrollo-sostenible\/\">link<\/a><\/strong><\/p>\n<p>3) Las variables excepcionales de este llamado son:<\/p>\n<p>a) Ser bimestrales. Comenzando el 16 de noviembre y finalizando el 31 de diciembre del corriente a\u00f1o. En caso de plantear actividad de verano ser\u00e1 desde el 3 de enero al 28 de febrero del 2022.<\/p>\n<p>b) La propuesta puede incluir m\u00e1s de una clase a la semana y se deber\u00e1 especificar al momento de completar el formulario.<\/p>\n<p>c) Se podr\u00e1n realizar seminarios intensivos en el Centro Cultural, incluyendo los fines de semana.<\/p>\n<p>d) Disponibilidad de incluir m\u00f3dulos no presenciales.<\/p>\n<p>4) Se dar\u00e1 prioridad a los siguientes ejes did\u00e1cticos:<br \/>\u2013 Construcci\u00f3n y aprendizaje del lenguaje digital en las actividades art\u00edsticas y culturales.<br \/>\u2013 Innovaci\u00f3n en instrumentos y ritmos musicales.<br \/>\u2013 Inclusi\u00f3n social y diversidad de g\u00e9nero.<br \/>\u2013 Promoci\u00f3n del desarrollo econ\u00f3mico sustentable y econom\u00eda circular.<\/p>\n","protected":false},"excerpt":{"rendered":"<p>El llamado apunta al dictado de cursos hasta fines de diciembre, y para contenidos de verano 2022. Se deber\u00e1 completar un formulario con la propuesta educativa. La Subsecretar\u00eda de Cultura de la Municipalidad de C\u00f3rdoba, a trav\u00e9s de su Direcci\u00f3n de Cultura y Patrimonio, informa que se encuentra abierta la convocatoria para cursos y\/o seminarios [&hellip;]<\/p>\n","protected":false},"author":1,"featured_media":26282,"comment_status":"closed","ping_status":"closed","sticky":false,"template":"","format":"standard","meta":[],"categories":[44],"tags":[],"_links":{"self":[{"href":"http:\/\/cordobadirecto.com\/index.php\/wp-json\/wp\/v2\/posts\/26281"}],"collection":[{"href":"http:\/\/cordobadirecto.com\/index.php\/wp-json\/wp\/v2\/posts"}],"about":[{"href":"http:\/\/cordobadirecto.com\/index.php\/wp-json\/wp\/v2\/types\/post"}],"author":[{"embeddable":true,"href":"http:\/\/cordobadirecto.com\/index.php\/wp-json\/wp\/v2\/users\/1"}],"replies":[{"embeddable":true,"href":"http:\/\/cordobadirecto.com\/index.php\/wp-json\/wp\/v2\/comments?post=26281"}],"version-history":[{"count":0,"href":"http:\/\/cordobadirecto.com\/index.php\/wp-json\/wp\/v2\/posts\/26281\/revisions"}],"wp:featuredmedia":[{"embeddable":true,"href":"http:\/\/cordobadirecto.com\/index.php\/wp-json\/wp\/v2\/media\/26282"}],"wp:attachment":[{"href":"http:\/\/cordobadirecto.com\/index.php\/wp-json\/wp\/v2\/media?parent=26281"}],"wp:term":[{"taxonomy":"category","embeddable":true,"href":"http:\/\/cordobadirecto.com\/index.php\/wp-json\/wp\/v2\/categories?post=26281"},{"taxonomy":"post_tag","embeddable":true,"href":"http:\/\/cordobadirecto.com\/index.php\/wp-json\/wp\/v2\/tags?post=26281"}],"curies":[{"name":"wp","href":"https:\/\/api.w.org\/{rel}","templated":true}]}}