{"id":26283,"date":"2021-11-03T07:02:32","date_gmt":"2021-11-03T07:02:32","guid":{"rendered":"http:\/\/cordobadirecto.com\/index.php\/2021\/11\/03\/air-europa-retomara-en-febrero-proximo-los-vuelos-entre-cordoba-y-madrid-grupo-la-provincia\/"},"modified":"2021-11-03T07:02:32","modified_gmt":"2021-11-03T07:02:32","slug":"air-europa-retomara-en-febrero-proximo-los-vuelos-entre-cordoba-y-madrid-grupo-la-provincia","status":"publish","type":"post","link":"http:\/\/cordobadirecto.com\/index.php\/2021\/11\/03\/air-europa-retomara-en-febrero-proximo-los-vuelos-entre-cordoba-y-madrid-grupo-la-provincia\/","title":{"rendered":"Air Europa retomar\u00e1 en febrero pr\u00f3ximo los vuelos entre <b>C\u00f3rdoba<\/b> y Madrid | Grupo La Provincia"},"content":{"rendered":"<p>La Agencia <b>C\u00f3rdoba<\/b> Turismo, a trav\u00e9s de un comunicado, anticip\u00f3 que tendr\u00e1 cuatro frecuencias semanales y que la empresa espa\u00f1ola realizar\u00e1 el anuncio&nbsp;&#8230; <\/p>\n","protected":false},"excerpt":{"rendered":"<p>La Agencia C\u00f3rdoba Turismo, a trav\u00e9s de un comunicado, anticip\u00f3 que tendr\u00e1 cuatro frecuencias semanales y que la empresa espa\u00f1ola realizar\u00e1 el anuncio&nbsp;&#8230;<\/p>\n","protected":false},"author":1,"featured_media":0,"comment_status":"closed","ping_status":"closed","sticky":false,"template":"","format":"standard","meta":[],"categories":[40],"tags":[],"_links":{"self":[{"href":"http:\/\/cordobadirecto.com\/index.php\/wp-json\/wp\/v2\/posts\/26283"}],"collection":[{"href":"http:\/\/cordobadirecto.com\/index.php\/wp-json\/wp\/v2\/posts"}],"about":[{"href":"http:\/\/cordobadirecto.com\/index.php\/wp-json\/wp\/v2\/types\/post"}],"author":[{"embeddable":true,"href":"http:\/\/cordobadirecto.com\/index.php\/wp-json\/wp\/v2\/users\/1"}],"replies":[{"embeddable":true,"href":"http:\/\/cordobadirecto.com\/index.php\/wp-json\/wp\/v2\/comments?post=26283"}],"version-history":[{"count":0,"href":"http:\/\/cordobadirecto.com\/index.php\/wp-json\/wp\/v2\/posts\/26283\/revisions"}],"wp:attachment":[{"href":"http:\/\/cordobadirecto.com\/index.php\/wp-json\/wp\/v2\/media?parent=26283"}],"wp:term":[{"taxonomy":"category","embeddable":true,"href":"http:\/\/cordobadirecto.com\/index.php\/wp-json\/wp\/v2\/categories?post=26283"},{"taxonomy":"post_tag","embeddable":true,"href":"http:\/\/cordobadirecto.com\/index.php\/wp-json\/wp\/v2\/tags?post=26283"}],"curies":[{"name":"wp","href":"https:\/\/api.w.org\/{rel}","templated":true}]}}