{"id":26489,"date":"2021-11-05T03:23:54","date_gmt":"2021-11-05T03:23:54","guid":{"rendered":"https:\/\/www.bbc.com\/mundo\/noticias-internacional-59172725"},"modified":"2021-11-05T03:23:54","modified_gmt":"2021-11-05T03:23:54","slug":"covid-19-por-que-europa-es-nuevamente-epicentro-de-la-pandemia-segun-la-oms","status":"publish","type":"post","link":"http:\/\/cordobadirecto.com\/index.php\/2021\/11\/05\/covid-19-por-que-europa-es-nuevamente-epicentro-de-la-pandemia-segun-la-oms\/","title":{"rendered":"Covid-19: \u00bfpor qu\u00e9 Europa es nuevamente epicentro de la pandemia seg\u00fan la OMS?"},"content":{"rendered":"<div dir=\"ltr\" class=\"e1j2237y5 bbc-q4ibpr e57qer20\">\n<div class=\"bbc-1atl7vu e1c9i7u14\">\n<ul role=\"list\" class=\"bbc-k0l9bd e1c9i7u12\">\n<li role=\"listitem\" class=\"bbc-1a3w4ok e1c9i7u11\">Redacci\u00f3n <\/li>\n<li role=\"listitem\" class=\"bbc-1p92jtu e1c9i7u10\">BBC News Mundo<\/li>\n<\/ul>\n<\/div>\n<\/div>\n<p><time datetime=\"2021-11-05\" class=\"bbc-14xtggo e4zesg50\">2 horas<\/time><\/p>\n<div dir=\"ltr\" class=\"bbc-1ka88fa e57qer20\">\n<figure class=\"bbc-1qdcvv9 e6bmn90\">\n<div dir=\"ltr\" class=\"bbc-172p16q e57qer20\">\n<div dir=\"ltr\" class=\"bbc-189y18v e57qer20\" readability=\"6.5\">\n<div data-e2e=\"image-placeholder\" class=\"bbc-997y1y e1whu0\" readability=\"8\"><img loading=\"lazy\" srcset=\"http:\/\/cordobadirecto.com\/wp-content\/uploads\/2021\/11\/covid-19-por-que-europa-es-nuevamente-epicentro-de-la-pandemia-segun-la-oms-6.jpg 240w, http:\/\/cordobadirecto.com\/wp-content\/uploads\/2021\/11\/covid-19-por-que-europa-es-nuevamente-epicentro-de-la-pandemia-segun-la-oms-7.jpg 320w, http:\/\/cordobadirecto.com\/wp-content\/uploads\/2021\/11\/covid-19-por-que-europa-es-nuevamente-epicentro-de-la-pandemia-segun-la-oms-8.jpg 480w, http:\/\/cordobadirecto.com\/wp-content\/uploads\/2021\/11\/covid-19-por-que-europa-es-nuevamente-epicentro-de-la-pandemia-segun-la-oms-9.jpg 624w, http:\/\/cordobadirecto.com\/wp-content\/uploads\/2021\/11\/covid-19-por-que-europa-es-nuevamente-epicentro-de-la-pandemia-segun-la-oms-10.jpg 800w\" alt=\"Un m\u00e9dico administra una vacuna contra la enfermedad del coronavirus (COVID-19) a una mujer con un beb\u00e9 en brazos, en su consulta en Berl\u00edn, Alemania, el 2 de noviembre de 2021\" src=\"http:\/\/cordobadirecto.com\/wp-content\/uploads\/2021\/11\/covid-19-por-que-europa-es-nuevamente-epicentro-de-la-pandemia-segun-la-oms.jpg\" sizes=\"(min-width: 1008px) 645px, 100vw\" width=\"976\" height=\"549\" class=\"eehpdyc0 bbc-100dhyn e1enwo3v0\"><\/p>\n<p role=\"text\" class=\"bbc-1s1cxbv etq3yw90\"><span class=\"bbc-1gnhmg2 e1yt7oin0\">Fuente de la imagen, <\/span><span lang=\"en-GB\">Reuters<\/span><\/p>\n<\/div>\n<\/div>\n<div dir=\"ltr\" class=\"bbc-3edg7g e57qer20\" readability=\"6\"><figcaption dir=\"ltr\" class=\"bbc-1t9zlwf eede9f50\" readability=\"2\"><span class=\"bbc-1gnhmg2 e1yt7oin0\">Pie de foto, <\/span><\/p>\n<p>Las tasas de vacunaci\u00f3n se han estancado en Alemania mientras aumentan los casos<\/p>\n<\/figcaption><\/div>\n<\/div>\n<\/figure>\n<\/div>\n<div dir=\"ltr\" class=\"bbc-19j92fr e57qer20\" readability=\"9\">\n<p dir=\"ltr\" class=\"bbc-bm53ic e1cc2ql70\"><b>Europa es de nuevo &#8220;el epicentro&#8221; de la pandemia de covid-19, seg\u00fan advirti\u00f3 el jueves la Organizaci\u00f3n Mundial de la Salud (OMS) tras observar un aumento constante de casos en todo el continente.<\/b><\/p>\n<\/div>\n<div dir=\"ltr\" class=\"bbc-19j92fr e57qer20\" readability=\"11\">\n<p dir=\"ltr\" class=\"bbc-bm53ic e1cc2ql70\">En una conferencia de prensa, el director de la OMS para Europa, <b>Hans Kluge<\/b>, afirm\u00f3 que la regi\u00f3n podr\u00eda registrar medio mill\u00f3n de muertes m\u00e1s en los pr\u00f3ximos tres meses.<\/p>\n<\/div>\n<div dir=\"ltr\" class=\"bbc-19j92fr e57qer20\" readability=\"8\">\n<p dir=\"ltr\" class=\"bbc-bm53ic e1cc2ql70\">El representante de la organizaci\u00f3n dijo que la poca aceptaci\u00f3n de las vacunas ha contribuido al aumento de casos.<\/p>\n<\/div>\n<div dir=\"ltr\" class=\"bbc-19j92fr e57qer20\" readability=\"10\">\n<p dir=\"ltr\" class=\"bbc-bm53ic e1cc2ql70\">&#8220;En primer lugar, debemos cambiar nuestra t\u00e1ctica y pasar de reaccionar ante las oleadas de covid-19 a evitar que se produzcan&#8221;, inst\u00f3.<\/p>\n<\/div>\n<div dir=\"ltr\" class=\"bbc-1ka88fa e57qer20\">\n<figure class=\"bbc-1qdcvv9 e6bmn90\">\n<div dir=\"ltr\" class=\"bbc-172p16q e57qer20\">\n<div dir=\"ltr\" class=\"bbc-189y18v e57qer20\" readability=\"6.5\">\n<div data-e2e=\"image-placeholder\" class=\"bbc-997y1y e1whu0\" readability=\"8\"><noscript><img loading=\"lazy\" srcset=\"http:\/\/cordobadirecto.com\/wp-content\/uploads\/2021\/11\/covid-19-por-que-europa-es-nuevamente-epicentro-de-la-pandemia-segun-la-oms-11.jpg 240w, http:\/\/cordobadirecto.com\/wp-content\/uploads\/2021\/11\/covid-19-por-que-europa-es-nuevamente-epicentro-de-la-pandemia-segun-la-oms-12.jpg 320w, http:\/\/cordobadirecto.com\/wp-content\/uploads\/2021\/11\/covid-19-por-que-europa-es-nuevamente-epicentro-de-la-pandemia-segun-la-oms-13.jpg 480w, http:\/\/cordobadirecto.com\/wp-content\/uploads\/2021\/11\/covid-19-por-que-europa-es-nuevamente-epicentro-de-la-pandemia-segun-la-oms-14.jpg 624w, http:\/\/cordobadirecto.com\/wp-content\/uploads\/2021\/11\/covid-19-por-que-europa-es-nuevamente-epicentro-de-la-pandemia-segun-la-oms-15.jpg 800w\" alt=\"Hans Kluge\" src=\"http:\/\/cordobadirecto.com\/wp-content\/uploads\/2021\/11\/covid-19-por-que-europa-es-nuevamente-epicentro-de-la-pandemia-segun-la-oms-1.jpg\" sizes=\"(min-width: 1008px) 645px, 100vw\" width=\"976\" height=\"549\" class=\"eehpdyc0 bbc-100dhyn e1enwo3v0\"><\/noscript><\/p>\n<p role=\"text\" class=\"bbc-1s1cxbv etq3yw90\"><span class=\"bbc-1gnhmg2 e1yt7oin0\">Fuente de la imagen, <\/span><span lang=\"en-GB\">Getty Images<\/span><\/p>\n<\/div>\n<\/div>\n<div dir=\"ltr\" class=\"bbc-3edg7g e57qer20\" readability=\"7.5\"><figcaption dir=\"ltr\" class=\"bbc-1t9zlwf eede9f50\" readability=\"5\"><span class=\"bbc-1gnhmg2 e1yt7oin0\">Pie de foto, <\/span><\/p>\n<p>El director de la OMS para Europa, Hans Kluge, advirti\u00f3 de un aumento de muertes en la regi\u00f3n para los pr\u00f3ximos tres meses.<\/p>\n<\/figcaption><\/div>\n<\/div>\n<\/figure>\n<\/div>\n<p><h2 id=\"Niveles-bajos-de-vacunaci\u00f3n-y-relajaci\u00f3n-de-medidas\" tabindex=\"-1\" class=\"bbc-l3e97o e14hemmw0\">Niveles bajos de vacunaci\u00f3n y relajaci\u00f3n de medidas<\/h2>\n<\/p>\n<div dir=\"ltr\" class=\"bbc-19j92fr e57qer20\" readability=\"13\">\n<p dir=\"ltr\" class=\"bbc-bm53ic e1cc2ql70\">Lo cierto es que en los \u00faltimos meses el ritmo de vacunaci\u00f3n ha disminuido en todo el continente. En <b>Espa\u00f1a<\/b>, el 80% de las personas est\u00e1n completamente vacunadas -con dos dosis-, mientras que en <b>Francia y Alemania<\/b>, la inoculaci\u00f3n alcanza un 68 y 66% de la poblaci\u00f3n, respectivamente.<\/p>\n<\/div>\n<div dir=\"ltr\" class=\"bbc-19j92fr e57qer20\" readability=\"10\">\n<p dir=\"ltr\" class=\"bbc-bm53ic e1cc2ql70\">La situaci\u00f3n se agrava en algunos pa\u00edses de Europa central y oriental, como es el caso de <b>Rusia<\/b>, donde solo el 32 por ciento de las personas estaba vacunada al cierre del mes pasado.<\/p>\n<\/div>\n<div dir=\"ltr\" class=\"bbc-19j92fr e57qer20\" readability=\"10\">\n<p dir=\"ltr\" class=\"bbc-bm53ic e1cc2ql70\">Kluge tambi\u00e9n consider\u00f3 que la <b>relajaci\u00f3n de las medidas<\/b> de salud p\u00fablica ha contribuido al aumento de las infecciones en la regi\u00f3n europea de la OMS, que abarca 53 pa\u00edses incluyendo partes de Asia central.<\/p>\n<\/div>\n<div dir=\"ltr\" class=\"bbc-19j92fr e57qer20\" readability=\"9\">\n<p dir=\"ltr\" class=\"bbc-bm53ic e1cc2ql70\">Hasta ahora, la OMS ha registrado <b>1,4 millones de muertes <\/b>en toda la zona. <\/p>\n<\/div>\n<div dir=\"ltr\" class=\"bbc-19j92fr e57qer20\" readability=\"12\">\n<p dir=\"ltr\" class=\"bbc-bm53ic e1cc2ql70\">Por su parte, Maria Van Kerkhove, directora t\u00e9cnica de la OMS para covid-19, declar\u00f3 que en las \u00faltimas cuatro semanas los casos en Europa se han disparado en m\u00e1s de un 55% a pesar de la &#8220;amplia oferta de vacunas y el suministro de herramientas&#8221; para evitarlo.<\/p>\n<\/div>\n<div dir=\"ltr\" class=\"bbc-19j92fr e57qer20\" readability=\"9\">\n<p dir=\"ltr\" class=\"bbc-bm53ic e1cc2ql70\">A su vez, el doctor Mike Ryan afirm\u00f3 que lo que sucede en Europa es un &#8220;<b>disparo de advertencia para el mundo&#8221;. <\/b><\/p>\n<\/div>\n<div dir=\"ltr\" class=\"bbc-1ka88fa e57qer20\">\n<figure class=\"bbc-1qdcvv9 e6bmn90\">\n<div dir=\"ltr\" class=\"bbc-172p16q e57qer20\">\n<div dir=\"ltr\" class=\"bbc-189y18v e57qer20\" readability=\"6.5\">\n<div data-e2e=\"image-placeholder\" class=\"bbc-997y1y e1whu0\" readability=\"8\"><noscript><img loading=\"lazy\" srcset=\"http:\/\/cordobadirecto.com\/wp-content\/uploads\/2021\/11\/covid-19-por-que-europa-es-nuevamente-epicentro-de-la-pandemia-segun-la-oms-16.jpg 240w, http:\/\/cordobadirecto.com\/wp-content\/uploads\/2021\/11\/covid-19-por-que-europa-es-nuevamente-epicentro-de-la-pandemia-segun-la-oms-17.jpg 320w, http:\/\/cordobadirecto.com\/wp-content\/uploads\/2021\/11\/covid-19-por-que-europa-es-nuevamente-epicentro-de-la-pandemia-segun-la-oms-18.jpg 480w, http:\/\/cordobadirecto.com\/wp-content\/uploads\/2021\/11\/covid-19-por-que-europa-es-nuevamente-epicentro-de-la-pandemia-segun-la-oms-19.jpg 624w, http:\/\/cordobadirecto.com\/wp-content\/uploads\/2021\/11\/covid-19-por-que-europa-es-nuevamente-epicentro-de-la-pandemia-segun-la-oms-20.jpg 800w\" alt=\"Punto de vacunaci\u00f3n en Valencia, Espa\u00f1a\" src=\"http:\/\/cordobadirecto.com\/wp-content\/uploads\/2021\/11\/covid-19-por-que-europa-es-nuevamente-epicentro-de-la-pandemia-segun-la-oms-2.jpg\" sizes=\"(min-width: 1008px) 645px, 100vw\" width=\"976\" height=\"549\" class=\"eehpdyc0 bbc-100dhyn e1enwo3v0\"><\/noscript><\/p>\n<p role=\"text\" class=\"bbc-1s1cxbv etq3yw90\"><span class=\"bbc-1gnhmg2 e1yt7oin0\">Fuente de la imagen, <\/span><span lang=\"en-GB\">Getty Images<\/span><\/p>\n<\/div>\n<\/div>\n<\/div>\n<\/figure>\n<\/div>\n<div dir=\"ltr\" class=\"bbc-19j92fr e57qer20\" readability=\"11\">\n<p dir=\"ltr\" class=\"bbc-bm53ic e1cc2ql70\"><b>Alemania<\/b>, por ejemplo, registr\u00f3 casi 34.000 casos en las \u00faltimas 24 horas, una cifra r\u00e9cord de contagios.<\/p>\n<\/div>\n<div dir=\"ltr\" class=\"bbc-19j92fr e57qer20\" readability=\"9\">\n<p dir=\"ltr\" class=\"bbc-bm53ic e1cc2ql70\">Lothar Wieler, del Instituto Robert Koch de Alemania (IRK) -responsable del control y prevenci\u00f3n de enfermedades- pronostic\u00f3 un resultado &#8220;aterrador&#8221;.<\/p>\n<\/div>\n<div dir=\"ltr\" class=\"bbc-19j92fr e57qer20\" readability=\"10\">\n<p dir=\"ltr\" class=\"bbc-bm53ic e1cc2ql70\">&#8220;Si no tomamos medidas ahora para contrarrestarlo, esta cuarta ola traer\u00e1 a\u00fan m\u00e1s sufrimiento&#8221;, advirti\u00f3. <\/p>\n<\/div>\n<div dir=\"ltr\" class=\"bbc-19j92fr e57qer20\" readability=\"9\">\n<p dir=\"ltr\" class=\"bbc-bm53ic e1cc2ql70\">Entre los muchos alemanes que no se han vacunado se encuentran <b>m\u00e1s de tres millones<\/b> de personas mayores de 60 a\u00f1os, consideradas de especial riesgo.<\/p>\n<\/div>\n<div dir=\"ltr\" class=\"bbc-19j92fr e57qer20\" readability=\"9\">\n<p dir=\"ltr\" class=\"bbc-bm53ic e1cc2ql70\">Pero, como se\u00f1al\u00f3 el representante de la OMS, el aumento de casos no se limita a Alemania. <\/p>\n<\/div>\n<div dir=\"ltr\" class=\"bbc-1ka88fa e57qer20\">\n<figure class=\"bbc-1qdcvv9 e6bmn90\">\n<div dir=\"ltr\" class=\"bbc-172p16q e57qer20\">\n<div dir=\"ltr\" class=\"bbc-189y18v e57qer20\" readability=\"6.5\">\n<div data-e2e=\"image-placeholder\" class=\"bbc-997y1y e1whu0\" readability=\"8\"><noscript><img loading=\"lazy\" srcset=\"http:\/\/cordobadirecto.com\/wp-content\/uploads\/2021\/11\/covid-19-por-que-europa-es-nuevamente-epicentro-de-la-pandemia-segun-la-oms-21.jpg 240w, http:\/\/cordobadirecto.com\/wp-content\/uploads\/2021\/11\/covid-19-por-que-europa-es-nuevamente-epicentro-de-la-pandemia-segun-la-oms-22.jpg 320w, http:\/\/cordobadirecto.com\/wp-content\/uploads\/2021\/11\/covid-19-por-que-europa-es-nuevamente-epicentro-de-la-pandemia-segun-la-oms-23.jpg 480w, http:\/\/cordobadirecto.com\/wp-content\/uploads\/2021\/11\/covid-19-por-que-europa-es-nuevamente-epicentro-de-la-pandemia-segun-la-oms-24.jpg 624w, http:\/\/cordobadirecto.com\/wp-content\/uploads\/2021\/11\/covid-19-por-que-europa-es-nuevamente-epicentro-de-la-pandemia-segun-la-oms-25.jpg 800w\" alt=\"Pacientes reciben atenci\u00f3n en hospital tmeporal de Rusia\" src=\"http:\/\/cordobadirecto.com\/wp-content\/uploads\/2021\/11\/covid-19-por-que-europa-es-nuevamente-epicentro-de-la-pandemia-segun-la-oms-3.jpg\" sizes=\"(min-width: 1008px) 645px, 100vw\" width=\"976\" height=\"549\" class=\"eehpdyc0 bbc-100dhyn e1enwo3v0\"><\/noscript><\/p>\n<p role=\"text\" class=\"bbc-1s1cxbv etq3yw90\"><span class=\"bbc-1gnhmg2 e1yt7oin0\">Fuente de la imagen, <\/span><span lang=\"en-GB\">Getty Images<\/span><\/p>\n<\/div>\n<\/div>\n<\/div>\n<\/figure>\n<\/div>\n<div dir=\"ltr\" class=\"bbc-19j92fr e57qer20\" readability=\"11\">\n<p dir=\"ltr\" class=\"bbc-bm53ic e1cc2ql70\">En <b>Reino Unido<\/b>, que supera los <b>37.000<\/b> casos diarios, la preocupaci\u00f3n se centra en los posibles efectos que tenga la cuarta ola de infecciones: un gran n\u00famero de muertes y saturaci\u00f3n del sistema sanitario. <\/p>\n<\/div>\n<div dir=\"ltr\" class=\"bbc-19j92fr e57qer20\" readability=\"9\">\n<p dir=\"ltr\" class=\"bbc-bm53ic e1cc2ql70\">Algunos de esos n\u00fameros ya preocupan, pues en el \u00faltimo d\u00eda fueron reportadas 165 muertes frente a 126 de hace una semana.<\/p>\n<\/div>\n<div dir=\"ltr\" class=\"bbc-19j92fr e57qer20\" readability=\"13\">\n<p dir=\"ltr\" class=\"bbc-bm53ic e1cc2ql70\">Los aumentos m\u00e1s dram\u00e1ticos de v\u00edctimas mortales se han producido en la \u00faltima semana en <b>Rusia<\/b>, donde se registraron m\u00e1s de <b>8.100<\/b> muertes, y en <b>Ucrania<\/b>, que tuvo <b>3.800<\/b> fallecimientos y un r\u00e9cord de 27.377 nuevos casos en las \u00faltimas 24 horas. Ambos pa\u00edses tienen tasas de vacunaci\u00f3n muy bajas. <\/p>\n<\/div>\n<div dir=\"ltr\" class=\"bbc-19j92fr e57qer20\" readability=\"12\">\n<p dir=\"ltr\" class=\"bbc-bm53ic e1cc2ql70\">En <b>Ruman\u00eda<\/b> se registr\u00f3 esta semana el mayor n\u00famero de muertes en 24 horas, con 591, mientras que en Hungr\u00eda los contagios diarios por covid se duplicaron en la \u00faltima semana hasta alcanzar los 6.268. En ese pa\u00eds el uso de mascarilla solo es obligatorio en el transporte p\u00fablico y en los hospitales.<\/p>\n<\/div>\n<div dir=\"ltr\" class=\"bbc-19j92fr e57qer20\" readability=\"11\">\n<p dir=\"ltr\" class=\"bbc-bm53ic e1cc2ql70\">&#8220;En este momento parece que estamos empe\u00f1ados en <b>creer <\/b><b>que la pandemia ha terminado<\/b><b> <\/b>y que solo tenemos que vacunar a unas cuantas personas m\u00e1s. Eso no es as\u00ed&#8221;, dijo el doctor Ryan, quien inst\u00f3 a los pa\u00edses a revertir los agujeros que quedaron por su respuesta ante la pandemia.<\/p>\n<\/div>\n<div dir=\"ltr\" class=\"bbc-19j92fr e57qer20\" readability=\"10\">\n<p dir=\"ltr\" class=\"bbc-bm53ic e1cc2ql70\">Entretanto, el gobierno holand\u00e9s dijo esta semana que volver\u00e1 a imponer el uso de <b>mascarillas<\/b> y el <b>distanciamiento social <\/b>en muchos entornos p\u00fablicos luego de que fuera reportado en siete d\u00edas un aumento del 31% en los ingresos hospitalarios.<\/p>\n<\/div>\n<div dir=\"ltr\" class=\"bbc-19j92fr e57qer20\" readability=\"10\">\n<p dir=\"ltr\" class=\"bbc-bm53ic e1cc2ql70\"><b>Letonia<\/b>, por su parte, impuso un estado de emergencia de tres meses a partir del lunes en medio de un nivel r\u00e9cord de infecciones por covid.<\/p>\n<\/div>\n<div dir=\"ltr\" class=\"bbc-1ka88fa e57qer20\">\n<figure class=\"bbc-1qdcvv9 e6bmn90\">\n<div dir=\"ltr\" class=\"bbc-172p16q e57qer20\">\n<div dir=\"ltr\" class=\"bbc-189y18v e57qer20\" readability=\"6.5\">\n<div data-e2e=\"image-placeholder\" class=\"bbc-997y1y e1whu0\" readability=\"8\"><noscript><img loading=\"lazy\" srcset=\"http:\/\/cordobadirecto.com\/wp-content\/uploads\/2021\/11\/covid-19-por-que-europa-es-nuevamente-epicentro-de-la-pandemia-segun-la-oms-26.jpg 240w, http:\/\/cordobadirecto.com\/wp-content\/uploads\/2021\/11\/covid-19-por-que-europa-es-nuevamente-epicentro-de-la-pandemia-segun-la-oms-27.jpg 320w, http:\/\/cordobadirecto.com\/wp-content\/uploads\/2021\/11\/covid-19-por-que-europa-es-nuevamente-epicentro-de-la-pandemia-segun-la-oms-28.jpg 480w, http:\/\/cordobadirecto.com\/wp-content\/uploads\/2021\/11\/covid-19-por-que-europa-es-nuevamente-epicentro-de-la-pandemia-segun-la-oms-29.jpg 624w, http:\/\/cordobadirecto.com\/wp-content\/uploads\/2021\/11\/covid-19-por-que-europa-es-nuevamente-epicentro-de-la-pandemia-segun-la-oms-30.jpg 800w\" alt=\"Uso de la mascarilla en Croacia\" src=\"http:\/\/cordobadirecto.com\/wp-content\/uploads\/2021\/11\/covid-19-por-que-europa-es-nuevamente-epicentro-de-la-pandemia-segun-la-oms-4.jpg\" sizes=\"(min-width: 1008px) 645px, 100vw\" width=\"976\" height=\"549\" class=\"eehpdyc0 bbc-100dhyn e1enwo3v0\"><\/noscript><\/p>\n<p role=\"text\" class=\"bbc-1s1cxbv etq3yw90\"><span class=\"bbc-1gnhmg2 e1yt7oin0\">Fuente de la imagen, <\/span><span lang=\"en-GB\">Getty Images<\/span><\/p>\n<\/div>\n<\/div>\n<\/div>\n<\/figure>\n<\/div>\n<div dir=\"ltr\" class=\"bbc-19j92fr e57qer20\" readability=\"14\">\n<p dir=\"ltr\" class=\"bbc-bm53ic e1cc2ql70\"><b>Croacia<\/b><b>, <\/b>por su parte, registr\u00f3 el jueves <b>6.310<\/b> nuevos casos, su cifra m\u00e1s alta hasta ahora, mientras que <b>E<\/b><b>slovaquia<\/b> notific\u00f3 su segundo mayor n\u00famero de casos. Adem\u00e1s, los contagios checos han vuelto a los niveles registrados desde la primavera boreal.<\/p>\n<\/div>\n<div dir=\"ltr\" class=\"bbc-19j92fr e57qer20\" readability=\"10\">\n<p dir=\"ltr\" class=\"bbc-bm53ic e1cc2ql70\">Pensar que la pandemia ha terminado es un error de mucha gente, seg\u00fan reconoci\u00f3 el profesor Jonathan Van-Tam, subdirector m\u00e9dico del gobierno de Inglaterra.<\/p>\n<\/div>\n<div dir=\"ltr\" class=\"bbc-19j92fr e57qer20\" readability=\"8\">\n<p dir=\"ltr\" class=\"bbc-bm53ic e1cc2ql70\">Esto incluso si contamos con que en los pa\u00edses con las mayores tasas de vacunaci\u00f3n los \u00edndices de infecci\u00f3n siguen siendo relativamente bajos.<\/p>\n<\/div>\n<div dir=\"ltr\" class=\"bbc-19j92fr e57qer20\" readability=\"10\">\n<p dir=\"ltr\" class=\"bbc-bm53ic e1cc2ql70\"><b>Italia<\/b> es uno de ellos, pero igualmente all\u00ed los nuevos casos han aumentado un 16,6% en la \u00faltima semana. <\/p>\n<\/div>\n<div dir=\"ltr\" class=\"bbc-19j92fr e57qer20\" readability=\"10\">\n<p dir=\"ltr\" class=\"bbc-bm53ic e1cc2ql70\">Los contagios en <b>Portugal<\/b> han superado el millar por primera vez desde septiembre. <b>Espa\u00f1a<\/b> es uno de los pocos pa\u00edses que no ha registrado un aumento de la transmisi\u00f3n, con 2.287 casos notificados el mi\u00e9rcoles.<\/p>\n<\/div>\n<div dir=\"ltr\" class=\"bbc-1ka88fa e57qer20\">\n<figure class=\"bbc-1qdcvv9 e6bmn90\">\n<div dir=\"ltr\" class=\"bbc-172p16q e57qer20\">\n<div dir=\"ltr\" class=\"bbc-189y18v e57qer20\">\n<div data-e2e=\"image-placeholder\" class=\"bbc-997y1y e1whu0\"><noscript><img loading=\"lazy\" srcset=\"http:\/\/cordobadirecto.com\/wp-content\/uploads\/2021\/11\/covid-19-por-que-europa-es-nuevamente-epicentro-de-la-pandemia-segun-la-oms-31.jpg 240w, http:\/\/cordobadirecto.com\/wp-content\/uploads\/2021\/11\/covid-19-por-que-europa-es-nuevamente-epicentro-de-la-pandemia-segun-la-oms-32.jpg 320w, http:\/\/cordobadirecto.com\/wp-content\/uploads\/2021\/11\/covid-19-por-que-europa-es-nuevamente-epicentro-de-la-pandemia-segun-la-oms-33.jpg 464w\" alt=\"Presentational grey line\" src=\"http:\/\/cordobadirecto.com\/wp-content\/uploads\/2021\/11\/covid-19-por-que-europa-es-nuevamente-epicentro-de-la-pandemia-segun-la-oms-5.jpg\" sizes=\"(min-width: 1008px) 645px, 100vw\" width=\"464\" height=\"2\" class=\"eehpdyc0 bbc-100dhyn e1enwo3v0\"><\/noscript><\/div>\n<\/div>\n<\/div>\n<\/figure>\n<\/div>\n<div dir=\"ltr\" class=\"bbc-19j92fr e57qer20\" readability=\"8\">\n<p dir=\"ltr\" class=\"bbc-bm53ic e1cc2ql70\"><i class=\"bbc-h1y5j7 ewc4zcb0\">Ahora puedes recibir notificaciones de BBC News Mundo. Descarga la nueva versi\u00f3n de nuestra app y act\u00edvalas para no perderte nuestro mejor contenido.<\/i><\/p>\n<\/div>\n","protected":false},"excerpt":{"rendered":"<p>Redacci\u00f3n BBC News Mundo 2 horas Fuente de la imagen, Reuters Pie de foto, Las tasas de vacunaci\u00f3n se han estancado en Alemania mientras aumentan los casos Europa es de nuevo &#8220;el epicentro&#8221; de la pandemia de covid-19, seg\u00fan advirti\u00f3 el jueves la Organizaci\u00f3n Mundial de la Salud (OMS) tras observar un aumento constante de [&hellip;]<\/p>\n","protected":false},"author":1,"featured_media":26490,"comment_status":"closed","ping_status":"closed","sticky":false,"template":"","format":"standard","meta":[],"categories":[24],"tags":[],"_links":{"self":[{"href":"http:\/\/cordobadirecto.com\/index.php\/wp-json\/wp\/v2\/posts\/26489"}],"collection":[{"href":"http:\/\/cordobadirecto.com\/index.php\/wp-json\/wp\/v2\/posts"}],"about":[{"href":"http:\/\/cordobadirecto.com\/index.php\/wp-json\/wp\/v2\/types\/post"}],"author":[{"embeddable":true,"href":"http:\/\/cordobadirecto.com\/index.php\/wp-json\/wp\/v2\/users\/1"}],"replies":[{"embeddable":true,"href":"http:\/\/cordobadirecto.com\/index.php\/wp-json\/wp\/v2\/comments?post=26489"}],"version-history":[{"count":0,"href":"http:\/\/cordobadirecto.com\/index.php\/wp-json\/wp\/v2\/posts\/26489\/revisions"}],"wp:featuredmedia":[{"embeddable":true,"href":"http:\/\/cordobadirecto.com\/index.php\/wp-json\/wp\/v2\/media\/26490"}],"wp:attachment":[{"href":"http:\/\/cordobadirecto.com\/index.php\/wp-json\/wp\/v2\/media?parent=26489"}],"wp:term":[{"taxonomy":"category","embeddable":true,"href":"http:\/\/cordobadirecto.com\/index.php\/wp-json\/wp\/v2\/categories?post=26489"},{"taxonomy":"post_tag","embeddable":true,"href":"http:\/\/cordobadirecto.com\/index.php\/wp-json\/wp\/v2\/tags?post=26489"}],"curies":[{"name":"wp","href":"https:\/\/api.w.org\/{rel}","templated":true}]}}