{"id":2659,"date":"2021-03-06T11:30:45","date_gmt":"2021-03-06T11:30:45","guid":{"rendered":"http:\/\/cordobadirecto.com\/index.php\/2021\/03\/06\/potenciar-inclusion-joven-de-que-se-trata-y-como-anotarse-para-la-nueva-beca-de-anses\/"},"modified":"2021-03-06T11:30:45","modified_gmt":"2021-03-06T11:30:45","slug":"potenciar-inclusion-joven-de-que-se-trata-y-como-anotarse-para-la-nueva-beca-de-anses","status":"publish","type":"post","link":"http:\/\/cordobadirecto.com\/index.php\/2021\/03\/06\/potenciar-inclusion-joven-de-que-se-trata-y-como-anotarse-para-la-nueva-beca-de-anses\/","title":{"rendered":"Potenciar Inclusi\u00f3n Joven: de qu\u00e9 se trata y c\u00f3mo anotarse para la nueva beca de Anses"},"content":{"rendered":"<div><img src=\"http:\/\/cordobadirecto.com\/wp-content\/uploads\/2021\/03\/potenciar-inclusion-joven-de-que-se-trata-y-como-anotarse-para-la-nueva-beca-de-anses.jpg\" class=\"ff-og-image-inserted\"><\/div>\n<p>El pasado jueves fue lanzado a nivel nacional el programa Potenciar Inclusi\u00f3n Joven, que impulsa proyectos productivos, laborales y comunitarios en los que participen j\u00f3venes de entre 18 a 29 a\u00f1os en situaci\u00f3n de vulnerabilidad.<\/p>\n<p>Los proyectos deber\u00e1n ser presentados por organismos gubernamentales, organizaciones no gubernamentales e instituciones religiosas que tengan congruencia con los objetivos del programa y, en caso de ser aprobados, recibir\u00e1n un incentivo econ\u00f3mico de $ 8.500 al mes para cada participante del proyecto.<\/p>\n<p>Los proyectos tendr\u00e1n una financiaci\u00f3n de hasta 12 meses de duraci\u00f3n y, en \u00e9sta primera etapa, el objetivo del programa es alcanzar a 100 mil j\u00f3venes de todo el pa\u00eds.<\/p>\n<p>La firma del convenio tuvo tuvo lugar en el Galp\u00f3n Joven de Tecn\u00f3polis, donde las funcionarias estuvieron acompa\u00f1adas por m\u00e1s de 60 j\u00f3venes de los partidos bonaerenses de San Isidro y de La Matanza.<\/p>\n<div class=\"block-ad-node\">\n<div>\n<p> <span>Publicidad<\/span> <\/p>\n<\/div>\n<\/div>\n<p>&#8220;Los j\u00f3venes son el motor para poner a la Argentina de pie. Necesitamos de su compromiso para dar lo mejor ya que nadie se salva solo, sino con un Estado presente que acompa\u00f1a y genera las condiciones de igualdad de oportunidades para que todos los sue\u00f1os puedan ser cumplidos&#8221;, expres\u00f3 la directora ejecutiva de la Anses, Fernanda Raverta.<\/p>\n<p>Potenciar Inclusi\u00f3n Joven es un programa que lanz\u00f3 el Ministerio de Desarrollo Social, que ser\u00e1 el responsable del otorgamiento, administraci\u00f3n y gesti\u00f3n de las prestaciones, en tanto que la Anses realizar\u00e1 cruces inform\u00e1ticos utilizando la informaci\u00f3n en sus propias bases de datos y la puesta al pago.<\/p>\n<p>&#8220;El programa financiar\u00e1 el desarrollo de estos proyectos y otorgar\u00e1 una beca de $8.500 para los j\u00f3venes participantes, que se pagar\u00e1 a trav\u00e9s de Anses. Es un gran paso que estamos dando en el enorme desaf\u00edo de restituir derechos y construir el futuro que nos merecemos&#8221;, apunt\u00f3 la secretaria de Inclusi\u00f3n Social del Ministerio de Desarrollo Social, Laura Alonso.<\/p>\n<p>Entre los proyectos incluidos en el programa est\u00e1n los de tipo socio productivos, con posibilidad de desarrollarse a partir del trabajo de sus propios miembros en car\u00e1cter asociativo; los proyectos de tipo socio comunitarios, iniciativas de desarrollo territorial con instancias socioeducativas y de formaci\u00f3n o bien de recreaci\u00f3n y de acceso a los bienes culturales; y proyectos de tipo socio laborales, incluidos espacios asociativos orientados a las capacitaciones de formaci\u00f3n para el trabajo.<\/p>\n<p>Los interesados en inscribirse deber\u00e1n enviar un correo electr\u00f3nico a inclusionjoven@desarrollosocial.gob.ar.<\/p>\n<div class=\"ctaNewsNotaContainer\" readability=\"6.5\">\n<div class=\"newsletterTextContainer\" readability=\"33\">\n<p> S\u00cdNTESIS POL\u00cdTICA<\/p>\n<p> Informaci\u00f3n exclusiva y el mejor an\u00e1lisis, los lunes en tu correo.<\/p>\n<form method=\"post\" action-xhr=\"https:\/\/www.lavoz.com.ar\/newsletters\/sintesis-politica\/signup\" id=\"newsletter-signup\" class=\"newsletterForm\" target=\"_blank\" custom-validation-reporting=\"as-you-go\" on=\"submit:AMP.setState({formLoading:true});submit-success:AMP.setState({formSuccess:true})\">\n<div submit-success class=\"is-paddingless-l\" readability=\"6\"> <template type=\"amp-mustache\" readability=\"2\"><\/p>\n<p> <strong>\u00a1Gracias por suscribirte!<\/strong><\/p>\n<p> <\/template><\/div>\n<div submit-error class=\"is-paddingless-l\" readability=\"6.5\"> <template type=\"amp-mustache\" readability=\"3\"><\/p>\n<p> <strong>Ha ocurrido un error, por favor intente nuevamente m\u00e1s tarde.<\/strong><\/p>\n<p> <\/template><\/div>\n<\/form>\n<\/div>\n<\/div>\n<div>\n<p> <span>Publicidad<\/span> <\/p>\n<\/div>\n","protected":false},"excerpt":{"rendered":"<p>El pasado jueves fue lanzado a nivel nacional el programa Potenciar Inclusi\u00f3n Joven, que impulsa proyectos productivos, laborales y comunitarios en los que participen j\u00f3venes de entre 18 a 29 a\u00f1os en situaci\u00f3n de vulnerabilidad. Los proyectos deber\u00e1n ser presentados por organismos gubernamentales, organizaciones no gubernamentales e instituciones religiosas que tengan congruencia con los objetivos [&hellip;]<\/p>\n","protected":false},"author":1,"featured_media":2660,"comment_status":"closed","ping_status":"closed","sticky":false,"template":"","format":"standard","meta":[],"categories":[23],"tags":[],"_links":{"self":[{"href":"http:\/\/cordobadirecto.com\/index.php\/wp-json\/wp\/v2\/posts\/2659"}],"collection":[{"href":"http:\/\/cordobadirecto.com\/index.php\/wp-json\/wp\/v2\/posts"}],"about":[{"href":"http:\/\/cordobadirecto.com\/index.php\/wp-json\/wp\/v2\/types\/post"}],"author":[{"embeddable":true,"href":"http:\/\/cordobadirecto.com\/index.php\/wp-json\/wp\/v2\/users\/1"}],"replies":[{"embeddable":true,"href":"http:\/\/cordobadirecto.com\/index.php\/wp-json\/wp\/v2\/comments?post=2659"}],"version-history":[{"count":0,"href":"http:\/\/cordobadirecto.com\/index.php\/wp-json\/wp\/v2\/posts\/2659\/revisions"}],"wp:featuredmedia":[{"embeddable":true,"href":"http:\/\/cordobadirecto.com\/index.php\/wp-json\/wp\/v2\/media\/2660"}],"wp:attachment":[{"href":"http:\/\/cordobadirecto.com\/index.php\/wp-json\/wp\/v2\/media?parent=2659"}],"wp:term":[{"taxonomy":"category","embeddable":true,"href":"http:\/\/cordobadirecto.com\/index.php\/wp-json\/wp\/v2\/categories?post=2659"},{"taxonomy":"post_tag","embeddable":true,"href":"http:\/\/cordobadirecto.com\/index.php\/wp-json\/wp\/v2\/tags?post=2659"}],"curies":[{"name":"wp","href":"https:\/\/api.w.org\/{rel}","templated":true}]}}