{"id":26599,"date":"2021-11-04T22:00:31","date_gmt":"2021-11-04T22:00:31","guid":{"rendered":"https:\/\/es.digitaltrends.com\/?p=886428"},"modified":"2021-11-04T22:00:31","modified_gmt":"2021-11-04T22:00:31","slug":"gael-garcia-bernal-sera-parte-del-universo-de-marvel","status":"publish","type":"post","link":"http:\/\/cordobadirecto.com\/index.php\/2021\/11\/04\/gael-garcia-bernal-sera-parte-del-universo-de-marvel\/","title":{"rendered":"Gael Garc\u00eda Bernal ser\u00e1 parte del universo de Marvel"},"content":{"rendered":"<p>El actor mexicano Gael Garc\u00eda Bernal ser\u00e1 la siguiente estrella en sumarse al <a href=\"https:\/\/es.digitaltrends.com\/entretenimiento\/peliculas-marvel-sin-disney-plus\/\">Universo Cinematogr\u00e1fico de Marvel<\/a> (MCU, por sus siglas en ingl\u00e9s).<\/p>\n<p>Garc\u00eda Bernal interpretar\u00e1 al protagonista de un especial de Halloween que se estrenar\u00e1 en 2022 y que tendr\u00e1 que ver con hombres lobo. En espec\u00edfico, se habla de <em>Werewolf by Night, <\/em>nombre que han utilizado dos personajes de los c\u00f3mics de la casa Marvel.<\/p>\n<p>Seg\u00fan informa el sitio <a href=\"https:\/\/www.thewrap.com\/gael-garcia-bernal-marvel-halloween-special\/\">The Wrap<\/a>, todos los detalles relacionados a este nuevo show se mantienen bajo secreto. Y adem\u00e1s del nombre de Gael Garc\u00eda Bernal, lo que se sabe es que la producci\u00f3n comenzar\u00e1 a rodarse en los primeros meses de 2022 y que se estrenar\u00e1 el mismo a\u00f1o en <a href=\"https:\/\/es.digitaltrends.com\/topic\/disney-plus\/\">Disney Plus<\/a>.<\/p>\n<figure id=\"attachment_886440\" aria-describedby=\"caption-attachment-886440\" class=\"wp-caption aligncenter\"><img src=\"http:\/\/cordobadirecto.com\/wp-content\/uploads\/2021\/11\/gael-garcia-bernal-sera-parte-del-universo-de-marvel.gif\" data-dt-lazy-src=\"https:\/\/icdn.dtcn.com\/image\/digitaltrends_es\/old-new-york-premiere-720x720.jpg\" onerror=\"dti_load_error(this)\" class=\"size-large wp-image-886440 dt-lazy-load dt-lazy-pending\" alt><figcaption id=\"caption-attachment-886440\" class=\"wp-caption-text\"><span class=\"credit\">Getty Images<\/span><\/figcaption><\/figure>\n<p>En cuanto a los posibles personajes que podr\u00eda interpretar Garc\u00eda Bernal, se cree que podr\u00edan ser o Jack Russell o Jake Gomez. Ambos han usado el mismo nombre y se trata de hombres lobo o lic\u00e1ntropos que puede transformarse sin que haya luna llena, en el caso de Russell. En cambio, Jake Gomez pertenece a una familia de nativos norteamericanos que tambi\u00e9n sufren con la licantrop\u00eda.<\/p>\n<p>Si se considera el nombre y origen del segundo personaje, es posible que el especial est\u00e9 basado en Jake Gomez, aunque por ahora todo es especulaci\u00f3n.<\/p>\n<p>Gael Garc\u00eda Bernal no es ajeno a grandes producciones de Disney. Hace unos a\u00f1os fue parte del elenco central de la exitosa cinta animada <em>Coco<\/em>, donde prest\u00f3 su voz para el personaje de H\u00e9ctor y no solo en la versi\u00f3n en ingl\u00e9s, sino tambi\u00e9n en espa\u00f1ol. Adem\u00e1s, en 2016 gan\u00f3 un Globo de Oro por su participaci\u00f3n en la serie de Amazon <em>Mozart in the Jungle.<\/em><\/p>\n<h4 class=\"h-editors-recs-title\"> Recomendaciones del editor\t<\/h4>\n<p> <span id=\"publisher-md\" itemprop=\"publisher\" itemscope itemtype=\"https:\/\/schema.org\/Organization\"> <span itemprop=\"url\" itemtype=\"https:\/\/schema.org\/Url\" content=\"https:\/\/es.digitaltrends.com\"> <span itemprop=\"logo\" itemscope itemtype=\"https:\/\/schema.org\/ImageObject\"> <meta itemprop=\"url\" content=\"https:\/\/cdn.dtcn.com\/dt\/dt-logo-small.png\"> <meta itemprop=\"width\" content=\"0\"> <meta itemprop=\"height\" content=\"0\"> <\/span> <meta itemprop=\"name\" content=\"Digital Trends Espa\u00f1ol\"> <\/span> <span itemprop=\"image\" itemscope itemtype=\"https:\/\/schema.org\/ImageObject\"> <meta itemprop=\"url\" content=\"https:\/\/icdn.dtcn.com\/image\/digitaltrends_es\/old-new-york-premiere.jpg\"> <\/span> <\/span><\/p>\n","protected":false},"excerpt":{"rendered":"<p>El actor mexicano Gael Garc\u00eda Bernal ser\u00e1 la siguiente estrella en sumarse al Universo Cinematogr\u00e1fico de Marvel (MCU, por sus siglas en ingl\u00e9s). Garc\u00eda Bernal interpretar\u00e1 al protagonista de un especial de Halloween que se estrenar\u00e1 en 2022 y que tendr\u00e1 que ver con hombres lobo. En espec\u00edfico, se habla de Werewolf by Night, nombre [&hellip;]<\/p>\n","protected":false},"author":1,"featured_media":26600,"comment_status":"closed","ping_status":"closed","sticky":false,"template":"","format":"standard","meta":[],"categories":[18],"tags":[],"_links":{"self":[{"href":"http:\/\/cordobadirecto.com\/index.php\/wp-json\/wp\/v2\/posts\/26599"}],"collection":[{"href":"http:\/\/cordobadirecto.com\/index.php\/wp-json\/wp\/v2\/posts"}],"about":[{"href":"http:\/\/cordobadirecto.com\/index.php\/wp-json\/wp\/v2\/types\/post"}],"author":[{"embeddable":true,"href":"http:\/\/cordobadirecto.com\/index.php\/wp-json\/wp\/v2\/users\/1"}],"replies":[{"embeddable":true,"href":"http:\/\/cordobadirecto.com\/index.php\/wp-json\/wp\/v2\/comments?post=26599"}],"version-history":[{"count":0,"href":"http:\/\/cordobadirecto.com\/index.php\/wp-json\/wp\/v2\/posts\/26599\/revisions"}],"wp:featuredmedia":[{"embeddable":true,"href":"http:\/\/cordobadirecto.com\/index.php\/wp-json\/wp\/v2\/media\/26600"}],"wp:attachment":[{"href":"http:\/\/cordobadirecto.com\/index.php\/wp-json\/wp\/v2\/media?parent=26599"}],"wp:term":[{"taxonomy":"category","embeddable":true,"href":"http:\/\/cordobadirecto.com\/index.php\/wp-json\/wp\/v2\/categories?post=26599"},{"taxonomy":"post_tag","embeddable":true,"href":"http:\/\/cordobadirecto.com\/index.php\/wp-json\/wp\/v2\/tags?post=26599"}],"curies":[{"name":"wp","href":"https:\/\/api.w.org\/{rel}","templated":true}]}}